{"id":375392,"date":"2020-05-22T13:01:21","date_gmt":"2020-05-22T11:01:21","guid":{"rendered":"https:\/\/hashtag.al\/?p=375392"},"modified":"2020-05-22T13:02:22","modified_gmt":"2020-05-22T11:02:22","slug":"ruci-emeron-keshilltar-per-integrimin-knut-fleckenstein","status":"publish","type":"post","link":"https:\/\/www.hashtag.al\/index.php\/2020\/05\/22\/ruci-emeron-keshilltar-per-integrimin-knut-fleckenstein\/","title":{"rendered":"Ru\u00e7i em\u00ebron k\u00ebshilltar p\u00ebr integrimin Knut Fleckenstein","gt_translate_keys":[{"key":"rendered","format":"text"}]},"content":{"rendered":"<p><img loading=\"lazy\" decoding=\"async\" class=\"aligncenter size-full wp-image-375397\" src=\"https:\/\/hashtag.al\/wp-content\/uploads\/2020\/05\/flecku-ruci.jpg\" alt=\"\" width=\"592\" height=\"468\" srcset=\"https:\/\/www.hashtag.al\/wp-content\/uploads\/2020\/05\/flecku-ruci.jpg 592w, https:\/\/www.hashtag.al\/wp-content\/uploads\/2020\/05\/flecku-ruci-300x237.jpg 300w\" sizes=\"auto, (max-width: 592px) 100vw, 592px\" \/><\/p>\n<p><span style=\"color: #000000;\">Kryetari i Kuvendit t\u00eb Shqip\u00ebris\u00eb Gramoz Ru\u00e7i ka em\u00ebruar si k\u00ebshilltar p\u00ebr integrimin ish-raportuesin e Shqip\u00ebris\u00eb n\u00eb Parlamentin Evropian, Knut Fleckenstein.<\/span><\/p>\n<p><span style=\"color: #000000;\">N\u00eb dokumentin me firm\u00ebn e Ru\u00e7it ngarkon Sekretarin e P\u00ebrgjithsh\u00ebm q\u00eb t\u00eb zbatoj\u00eb vendimin.<\/span><\/p>\n<p><span style=\"color: #000000;\">Fleckenstein vjen nga radh\u00ebt e social-demokrat\u00ebve gjerman\u00eb. Ai u zgjodh deputet i PE n\u00eb vitin 2009 dhe ishte n\u00eb detyr\u00eb deri vitin e kaluar.<\/span><\/p>\n<p><span style=\"color: #000000;\">N\u00eb mediumin shqiptar Fleckenstein \u00ebsht\u00eb nj\u00eb person polemik pasi n\u00eb emrin e tij pal\u00ebt politike jan\u00eb p\u00ebrplasur disa her\u00eb lidhur me procesin e integrimit.<\/span><\/p>\n<p><img loading=\"lazy\" decoding=\"async\" class=\"aligncenter size-full wp-image-375395\" src=\"https:\/\/hashtag.al\/wp-content\/uploads\/2020\/05\/doc.jpg\" alt=\"\" width=\"993\" height=\"1024\" srcset=\"https:\/\/www.hashtag.al\/wp-content\/uploads\/2020\/05\/doc.jpg 993w, https:\/\/www.hashtag.al\/wp-content\/uploads\/2020\/05\/doc-291x300.jpg 291w, https:\/\/www.hashtag.al\/wp-content\/uploads\/2020\/05\/doc-768x792.jpg 768w\" sizes=\"auto, (max-width: 993px) 100vw, 993px\" \/><\/p>\n","protected":false,"gt_translate_keys":[{"key":"rendered","format":"html"}]},"excerpt":{"rendered":"<p>Kryetari i Kuvendit t\u00eb Shqip\u00ebris\u00eb Gramoz Ru\u00e7i ka em\u00ebruar si k\u00ebshilltar p\u00ebr integrimin ish-raportuesin e Shqip\u00ebris\u00eb n\u00eb Parlamentin Evropian, Knut Fleckenstein. N\u00eb dokumentin me firm\u00ebn e Ru\u00e7it ngarkon Sekretarin e P\u00ebrgjithsh\u00ebm q\u00eb t\u00eb zbatoj\u00eb vendimin. Fleckenstein vjen nga radh\u00ebt e social-demokrat\u00ebve gjerman\u00eb. Ai u zgjodh deputet i PE n\u00eb vitin 2009 dhe ishte n\u00eb detyr\u00eb [&hellip;]<\/p>\n","protected":false,"gt_translate_keys":[{"key":"rendered","format":"html"}]},"author":32,"featured_media":375397,"comment_status":"open","ping_status":"open","sticky":false,"template":"","format":"standard","meta":{"footnotes":""},"categories":[65,13],"tags":[],"class_list":["post-375392","post","type-post","status-publish","format-standard","has-post-thumbnail","hentry","category-lajme","category-te-fundit"],"gt_translate_keys":[{"key":"link","format":"url"}],"_links":{"self":[{"href":"https:\/\/www.hashtag.al\/index.php\/wp-json\/wp\/v2\/posts\/375392","targetHints":{"allow":["GET"]}}],"collection":[{"href":"https:\/\/www.hashtag.al\/index.php\/wp-json\/wp\/v2\/posts"}],"about":[{"href":"https:\/\/www.hashtag.al\/index.php\/wp-json\/wp\/v2\/types\/post"}],"author":[{"embeddable":true,"href":"https:\/\/www.hashtag.al\/index.php\/wp-json\/wp\/v2\/users\/32"}],"replies":[{"embeddable":true,"href":"https:\/\/www.hashtag.al\/index.php\/wp-json\/wp\/v2\/comments?post=375392"}],"version-history":[{"count":0,"href":"https:\/\/www.hashtag.al\/index.php\/wp-json\/wp\/v2\/posts\/375392\/revisions"}],"wp:featuredmedia":[{"embeddable":true,"href":"https:\/\/www.hashtag.al\/index.php\/wp-json\/wp\/v2\/media\/375397"}],"wp:attachment":[{"href":"https:\/\/www.hashtag.al\/index.php\/wp-json\/wp\/v2\/media?parent=375392"}],"wp:term":[{"taxonomy":"category","embeddable":true,"href":"https:\/\/www.hashtag.al\/index.php\/wp-json\/wp\/v2\/categories?post=375392"},{"taxonomy":"post_tag","embeddable":true,"href":"https:\/\/www.hashtag.al\/index.php\/wp-json\/wp\/v2\/tags?post=375392"}],"curies":[{"name":"wp","href":"https:\/\/api.w.org\/{rel}","templated":true}]}}