{"id":375388,"date":"2020-05-22T12:30:27","date_gmt":"2020-05-22T10:30:27","guid":{"rendered":"https:\/\/hashtag.al\/?p=375388"},"modified":"2020-05-22T12:30:27","modified_gmt":"2020-05-22T10:30:27","slug":"meta-nuk-kam-marre-asnje-pergjigje-nga-rama-per-platformen-me-14-pika","status":"publish","type":"post","link":"https:\/\/www.hashtag.al\/index.php\/2020\/05\/22\/meta-nuk-kam-marre-asnje-pergjigje-nga-rama-per-platformen-me-14-pika\/","title":{"rendered":"Meta: Nuk kam marr\u00eb asnj\u00eb p\u00ebrgjigje nga Rama p\u00ebr platform\u00ebn me 14 pika","gt_translate_keys":[{"key":"rendered","format":"text"}]},"content":{"rendered":"<p><img loading=\"lazy\" decoding=\"async\" class=\"aligncenter size-full wp-image-375384\" src=\"https:\/\/hashtag.al\/wp-content\/uploads\/2020\/05\/meta.png\" alt=\"\" width=\"911\" height=\"501\" srcset=\"https:\/\/www.hashtag.al\/wp-content\/uploads\/2020\/05\/meta.png 911w, https:\/\/www.hashtag.al\/wp-content\/uploads\/2020\/05\/meta-300x165.png 300w, https:\/\/www.hashtag.al\/wp-content\/uploads\/2020\/05\/meta-768x422.png 768w\" sizes=\"auto, (max-width: 911px) 100vw, 911px\" \/><\/p>\n<p><span style=\"color: #000000;\">Kreu i Shtetit Ilir Meta pasi prezantoi platform\u00ebn me 14 pika t\u00eb propozuar nga ai p\u00ebr t\u00eb normalizuar klim\u00ebn politike n\u00eb Shqip\u00ebri, ka deklaruar se nuk ka marr\u00eb asnj\u00eb p\u00ebrgjigje.<\/span><\/p>\n<p><span style=\"color: #000000;\">Sipas Met\u00ebs, edhe pse ia ka b\u00ebr\u00eb t\u00eb ditur kryeministrit Rama q\u00eb m\u00eb 8 prill k\u00ebt\u00eb platform\u00eb ai nuk ka marr\u00eb asnj\u00eb p\u00ebrgjigje.<\/span><\/p>\n<p><span style=\"color: #000000;\">Presidenti tha se kjo platform\u00eb \u00ebsht\u00eb b\u00ebr\u00eb n\u00eb mb\u00ebshtetje t\u00eb kushteve p\u00ebr integrimin evropian.<\/span><\/p>\n<p><span style=\"color: #000000;\">Nd\u00ebrkoh\u00eb sipas Met\u00ebs, e vetmja p\u00ebrgjigje q\u00eb ka marr\u00eb pas k\u00ebsaj ishte ngjarja e 17 majit kur u rr\u00ebzua Teatri Komb\u00ebtar.<\/span><\/p>\n","protected":false,"gt_translate_keys":[{"key":"rendered","format":"html"}]},"excerpt":{"rendered":"<p>Kreu i Shtetit Ilir Meta pasi prezantoi platform\u00ebn me 14 pika t\u00eb propozuar nga ai p\u00ebr t\u00eb normalizuar klim\u00ebn politike n\u00eb Shqip\u00ebri, ka deklaruar se nuk ka marr\u00eb asnj\u00eb p\u00ebrgjigje. Sipas Met\u00ebs, edhe pse ia ka b\u00ebr\u00eb t\u00eb ditur kryeministrit Rama q\u00eb m\u00eb 8 prill k\u00ebt\u00eb platform\u00eb ai nuk ka marr\u00eb asnj\u00eb p\u00ebrgjigje. Presidenti tha [&hellip;]<\/p>\n","protected":false,"gt_translate_keys":[{"key":"rendered","format":"html"}]},"author":32,"featured_media":375384,"comment_status":"open","ping_status":"open","sticky":false,"template":"","format":"standard","meta":{"footnotes":""},"categories":[65,13],"tags":[],"class_list":["post-375388","post","type-post","status-publish","format-standard","has-post-thumbnail","hentry","category-lajme","category-te-fundit"],"gt_translate_keys":[{"key":"link","format":"url"}],"_links":{"self":[{"href":"https:\/\/www.hashtag.al\/index.php\/wp-json\/wp\/v2\/posts\/375388","targetHints":{"allow":["GET"]}}],"collection":[{"href":"https:\/\/www.hashtag.al\/index.php\/wp-json\/wp\/v2\/posts"}],"about":[{"href":"https:\/\/www.hashtag.al\/index.php\/wp-json\/wp\/v2\/types\/post"}],"author":[{"embeddable":true,"href":"https:\/\/www.hashtag.al\/index.php\/wp-json\/wp\/v2\/users\/32"}],"replies":[{"embeddable":true,"href":"https:\/\/www.hashtag.al\/index.php\/wp-json\/wp\/v2\/comments?post=375388"}],"version-history":[{"count":0,"href":"https:\/\/www.hashtag.al\/index.php\/wp-json\/wp\/v2\/posts\/375388\/revisions"}],"wp:featuredmedia":[{"embeddable":true,"href":"https:\/\/www.hashtag.al\/index.php\/wp-json\/wp\/v2\/media\/375384"}],"wp:attachment":[{"href":"https:\/\/www.hashtag.al\/index.php\/wp-json\/wp\/v2\/media?parent=375388"}],"wp:term":[{"taxonomy":"category","embeddable":true,"href":"https:\/\/www.hashtag.al\/index.php\/wp-json\/wp\/v2\/categories?post=375388"},{"taxonomy":"post_tag","embeddable":true,"href":"https:\/\/www.hashtag.al\/index.php\/wp-json\/wp\/v2\/tags?post=375388"}],"curies":[{"name":"wp","href":"https:\/\/api.w.org\/{rel}","templated":true}]}}