{"id":375218,"date":"2020-05-21T14:20:23","date_gmt":"2020-05-21T12:20:23","guid":{"rendered":"https:\/\/hashtag.al\/?p=375218"},"modified":"2020-05-21T14:20:35","modified_gmt":"2020-05-21T12:20:35","slug":"veprat-tona-do-flasin-per-ne-edhe-kur-te-mos-jemi-me-rama-ne-kuvend","status":"publish","type":"post","link":"https:\/\/www.hashtag.al\/index.php\/2020\/05\/21\/veprat-tona-do-flasin-per-ne-edhe-kur-te-mos-jemi-me-rama-ne-kuvend\/","title":{"rendered":"&#8220;Veprat tona do flasin p\u00ebr ne edhe kur t\u00eb mos jemi m\u00eb&#8221; &#8211; Rama n\u00eb Kuvend","gt_translate_keys":[{"key":"rendered","format":"text"}]},"content":{"rendered":"<p><a href=\"https:\/\/hashtag.al\/index.php\/2020\/05\/21\/veprat-tona-do-flasin-per-ne-edhe-kur-te-mos-jemi-me-rama-ne-kuvend\/ramakuvend2\/\" rel=\"attachment wp-att-375219\"><img loading=\"lazy\" decoding=\"async\" class=\"size-full wp-image-375219\" src=\"https:\/\/hashtag.al\/wp-content\/uploads\/2020\/05\/ramakuvend2.jpg\" alt=\"\" width=\"2048\" height=\"1484\" srcset=\"https:\/\/www.hashtag.al\/wp-content\/uploads\/2020\/05\/ramakuvend2.jpg 2048w, https:\/\/www.hashtag.al\/wp-content\/uploads\/2020\/05\/ramakuvend2-300x217.jpg 300w, https:\/\/www.hashtag.al\/wp-content\/uploads\/2020\/05\/ramakuvend2-768x557.jpg 768w, https:\/\/www.hashtag.al\/wp-content\/uploads\/2020\/05\/ramakuvend2-1024x742.jpg 1024w\" sizes=\"auto, (max-width: 2048px) 100vw, 2048px\" \/><\/a><\/p>\n<p><span style=\"color: #000000; font-size: 16px;\">Kryeministri Rama ka cituar shkrimtar\u00ebt e m\u00ebdhenj bot\u00ebror n\u00eb fjal\u00ebn e tij n\u00eb Kuvend.<\/span><span style=\"color: #000000;\">E nisi me Shekspirin e vijoi me Molierin, kryeministri tha se teatri i vjet\u00ebr nuk ishte projekt origjinal i arkitektit italian por nj\u00eb projekt bastard i tij pasi p\u00ebr shkak t\u00eb luft\u00ebs nuk mundi dot t\u00eb p\u00ebrfundoj\u00eb.<\/span><\/p>\n<p><span style=\"color: #000000;\"><em>\u201cAutori nuk e ka njohur kurr\u00eb si pjell\u00ebn e vet. Ai projekt filloi, si\u00e7 duket por nuk mbaroi. Lufta filloi dhe n\u00eb kopshtet e Tiran\u00ebs u mboll grur\u00eb. Sepse n\u00eb at\u00eb koh\u00eb regjimi q\u00eb u vendos shkurtoi fondet e artit p\u00ebr t\u2019ia kaluar luft\u00ebs. Dhe thjeshtoi pa pjes\u00ebmarrjen dhe lejen e autor\u00ebve t\u00eb gjitha projektet e godinave. Dhe godina e projektit t\u00eb Teatrit \u00ebsht\u00eb f\u00ebmija bastard i nj\u00eb marr\u00ebdh\u00ebnieje mes autorit italian dhe autores q\u00eb ishte lufta fashiste q\u00eb duhej ushqyer me para dhe grurin e mbjell\u00eb n\u00eb parqet e Tiran\u00ebs.\u201d<\/em> \u2013 tha Rama.<\/span><\/p>\n<p><span style=\"color: #000000;\">Ai nuk e harroi edhe opozit\u00ebn n\u00eb fjal\u00ebn e tij duke th\u00ebn\u00eb se ka zgjedhur objektin e gabuar dhe m\u00ebnyr\u00ebn e gabuar p\u00ebr t\u00eb b\u00ebr\u00eb opozit\u00eb. <\/span><\/p>\n<p><span style=\"color: #000000;\">Kreu i qeveris\u00eb theksoi se n\u00eb politike nuk \u00ebsht\u00eb p\u00ebr t\u00eb kapur \u00e7far\u00eb mund t\u00eb kapet por p\u00ebr bindjet e tij. Nd\u00ebrsa sulmoi edhe aktor\u00ebt q\u00eb sipas tij zaptuan godin\u00ebn e teatrit p\u00ebr dy vjet e gjysm\u00eb.<\/span><\/p>\n<p><span style=\"color: #000000;\">\u201c<em>Habitem si nuk na kan\u00eb njohur akoma. Ne themi at\u00eb q\u00eb b\u00ebjm\u00eb dhe b\u00ebjm\u00eb at\u00eb q\u00eb themi. I them opozit\u00ebs, kan\u00eb zgjedhur objektin e gabuar, m\u00ebnyr\u00ebn e gabuar dhe kund\u00ebrshtarin e gabuar. Un\u00eb nuk kam ardhur n\u00eb politik\u00eb p\u00ebr t\u00eb kapur \u00e7far\u00eb t\u00eb kap. Nuk jam shum\u00eb i zoti p\u00ebr konsensus dhe nuk m\u00eb vjen zor p\u00ebr k\u00ebt\u00eb. Jam k\u00ebtu p\u00ebr bindjet e mia e p\u00ebr t\u00eb b\u00ebr\u00eb sukses me to. Nuk ka asnj\u00eb rresht asgj\u00ebkundi se Teatri Komb\u00ebtar ka qen\u00eb monument kulture. Pishina n\u00eb mes ka sh\u00ebrbyer p\u00ebr bretkosat. Teatri i ri do nd\u00ebrtohet aty. Dilnin artist\u00ebt aty, dy Budinat dhe pasi mbaronin fjal\u00ebn shkonin t\u00eb takoheshin me artistin, me Bash\u00ebn. K\u00ebta jan\u00eb t\u00eb pavarurit. Budina me thot\u00eb jam shtetas italian, un\u00eb e njoh p\u00ebr aktor rolesh t\u00eb dyta n\u00eb filmat e realizmit socialist. Projektin origjnal t\u00eb arkitektit italian do ua kthejm\u00eb f\u00ebmij\u00ebve si pjes\u00eb e nj\u00eb projekti m\u00eb t\u00eb madh. Fjal\u00ebt e tyre i merr era kurse veprat tona do flasin p\u00ebr ne edhe kur t\u00eb mos jemi m\u00eb.\u201d<\/em> \u2013 tha nd\u00ebr t\u00eb tjera Rama.<\/span><\/p>\n","protected":false,"gt_translate_keys":[{"key":"rendered","format":"html"}]},"excerpt":{"rendered":"<p>Kryeministri Rama ka cituar shkrimtar\u00ebt e m\u00ebdhenj bot\u00ebror n\u00eb fjal\u00ebn e tij n\u00eb Kuvend.E nisi me Shekspirin e vijoi me Molierin, kryeministri tha se teatri i vjet\u00ebr nuk ishte projekt origjinal i arkitektit italian por nj\u00eb projekt bastard i tij pasi p\u00ebr shkak t\u00eb luft\u00ebs nuk mundi dot t\u00eb p\u00ebrfundoj\u00eb. \u201cAutori nuk e ka njohur [&hellip;]<\/p>\n","protected":false,"gt_translate_keys":[{"key":"rendered","format":"html"}]},"author":51,"featured_media":375219,"comment_status":"open","ping_status":"open","sticky":false,"template":"","format":"standard","meta":{"footnotes":""},"categories":[65,13],"tags":[],"class_list":["post-375218","post","type-post","status-publish","format-standard","has-post-thumbnail","hentry","category-lajme","category-te-fundit"],"gt_translate_keys":[{"key":"link","format":"url"}],"_links":{"self":[{"href":"https:\/\/www.hashtag.al\/index.php\/wp-json\/wp\/v2\/posts\/375218","targetHints":{"allow":["GET"]}}],"collection":[{"href":"https:\/\/www.hashtag.al\/index.php\/wp-json\/wp\/v2\/posts"}],"about":[{"href":"https:\/\/www.hashtag.al\/index.php\/wp-json\/wp\/v2\/types\/post"}],"author":[{"embeddable":true,"href":"https:\/\/www.hashtag.al\/index.php\/wp-json\/wp\/v2\/users\/51"}],"replies":[{"embeddable":true,"href":"https:\/\/www.hashtag.al\/index.php\/wp-json\/wp\/v2\/comments?post=375218"}],"version-history":[{"count":0,"href":"https:\/\/www.hashtag.al\/index.php\/wp-json\/wp\/v2\/posts\/375218\/revisions"}],"wp:featuredmedia":[{"embeddable":true,"href":"https:\/\/www.hashtag.al\/index.php\/wp-json\/wp\/v2\/media\/375219"}],"wp:attachment":[{"href":"https:\/\/www.hashtag.al\/index.php\/wp-json\/wp\/v2\/media?parent=375218"}],"wp:term":[{"taxonomy":"category","embeddable":true,"href":"https:\/\/www.hashtag.al\/index.php\/wp-json\/wp\/v2\/categories?post=375218"},{"taxonomy":"post_tag","embeddable":true,"href":"https:\/\/www.hashtag.al\/index.php\/wp-json\/wp\/v2\/tags?post=375218"}],"curies":[{"name":"wp","href":"https:\/\/api.w.org\/{rel}","templated":true}]}}