{"id":375128,"date":"2020-05-21T10:08:33","date_gmt":"2020-05-21T08:08:33","guid":{"rendered":"https:\/\/hashtag.al\/?p=375128"},"modified":"2020-05-21T10:08:33","modified_gmt":"2020-05-21T08:08:33","slug":"spak-nis-hetimet-per-shembjen-e-teatrit-caktohet-prokurori-qe-merr-ne-dore-dosjen","status":"publish","type":"post","link":"https:\/\/www.hashtag.al\/index.php\/2020\/05\/21\/spak-nis-hetimet-per-shembjen-e-teatrit-caktohet-prokurori-qe-merr-ne-dore-dosjen\/","title":{"rendered":"SPAK nis hetimet p\u00ebr shembjen e Teatrit, caktohet prokurori q\u00eb merr n\u00eb dor\u00eb dosjen","gt_translate_keys":[{"key":"rendered","format":"text"}]},"content":{"rendered":"<p><a href=\"https:\/\/hashtag.al\/wp-content\/uploads\/2020\/05\/teatrikombetar2.jpg\"><img loading=\"lazy\" decoding=\"async\" class=\"aligncenter size-full wp-image-374940\" src=\"https:\/\/hashtag.al\/wp-content\/uploads\/2020\/05\/teatrikombetar2.jpg\" alt=\"\" width=\"800\" height=\"533\" srcset=\"https:\/\/www.hashtag.al\/wp-content\/uploads\/2020\/05\/teatrikombetar2.jpg 800w, https:\/\/www.hashtag.al\/wp-content\/uploads\/2020\/05\/teatrikombetar2-300x200.jpg 300w, https:\/\/www.hashtag.al\/wp-content\/uploads\/2020\/05\/teatrikombetar2-768x512.jpg 768w\" sizes=\"auto, (max-width: 800px) 100vw, 800px\" \/><\/a><\/p>\n<p><span style=\"color: #000000;\">Prokuroria e Posa\u00e7me Anti- Korrupsion (SPAK) ka filluar zyrtarisht hetimet p\u00ebr shembjen e Teatrit Komb\u00ebtar. \u00a0Prokuror p\u00ebr k\u00ebt\u00eb \u00e7\u00ebshtje \u00ebsht\u00eb caktuar Ervin Kondili. Ai ka k\u00ebrkuar sekuestruar dokumentet e vendimit p\u00ebr shembjen e godin\u00ebs.<\/span><\/p>\n<p><span style=\"color: #000000;\">Pjes\u00eb e k\u00ebtij hetimi do t\u00eb jen\u00eb t\u00eb gjitha kall\u00ebzimet q\u00eb ka b\u00ebr\u00eb Aleanca p\u00ebr Mbrojtjen e Teatrit.<\/span><\/p>\n<p><span style=\"color: #000000;\">Pritet t\u00eb thirren n\u00eb SPAK persona t\u00eb p\u00ebrfshir\u00eb, gjithashtu edhe inxhinier\u00eb q\u00eb kan\u00eb firmosur p\u00ebr shembjen, t\u00eb cil\u00ebt jan\u00eb paditur nga artist\u00ebt p\u00ebr shp\u00ebrdorim detyre. Po ashtu t\u00eb paditur jan\u00eb edhe kryetari i bashkis\u00eb s\u00eb Tiran\u00ebs Erion Veliaj dhe n\u00ebnkryetari, Arbjan Mazniku.<\/span><\/p>\n<p><span style=\"color: #000000;\">Aleanca p\u00ebr Mbrojtjen e Teatrit sot ka vendosur ta zhvendos\u00eb protest\u00ebn para SPAK-ut n\u00eb or\u00ebn 11:00, p\u00ebr t\u00eb k\u00ebrkuar drejt\u00ebsi lidhur me at\u00eb q\u00eb ka ndodhur me Teatrin Komb\u00ebtar.<\/span><\/p>\n<p>&nbsp;<\/p>\n","protected":false,"gt_translate_keys":[{"key":"rendered","format":"html"}]},"excerpt":{"rendered":"<p>Prokuroria e Posa\u00e7me Anti- Korrupsion (SPAK) ka filluar zyrtarisht hetimet p\u00ebr shembjen e Teatrit Komb\u00ebtar. \u00a0Prokuror p\u00ebr k\u00ebt\u00eb \u00e7\u00ebshtje \u00ebsht\u00eb caktuar Ervin Kondili. Ai ka k\u00ebrkuar sekuestruar dokumentet e vendimit p\u00ebr shembjen e godin\u00ebs. Pjes\u00eb e k\u00ebtij hetimi do t\u00eb jen\u00eb t\u00eb gjitha kall\u00ebzimet q\u00eb ka b\u00ebr\u00eb Aleanca p\u00ebr Mbrojtjen e Teatrit. Pritet t\u00eb thirren [&hellip;]<\/p>\n","protected":false,"gt_translate_keys":[{"key":"rendered","format":"html"}]},"author":30,"featured_media":374940,"comment_status":"open","ping_status":"open","sticky":false,"template":"","format":"standard","meta":{"footnotes":""},"categories":[65,13],"tags":[],"class_list":["post-375128","post","type-post","status-publish","format-standard","has-post-thumbnail","hentry","category-lajme","category-te-fundit"],"gt_translate_keys":[{"key":"link","format":"url"}],"_links":{"self":[{"href":"https:\/\/www.hashtag.al\/index.php\/wp-json\/wp\/v2\/posts\/375128","targetHints":{"allow":["GET"]}}],"collection":[{"href":"https:\/\/www.hashtag.al\/index.php\/wp-json\/wp\/v2\/posts"}],"about":[{"href":"https:\/\/www.hashtag.al\/index.php\/wp-json\/wp\/v2\/types\/post"}],"author":[{"embeddable":true,"href":"https:\/\/www.hashtag.al\/index.php\/wp-json\/wp\/v2\/users\/30"}],"replies":[{"embeddable":true,"href":"https:\/\/www.hashtag.al\/index.php\/wp-json\/wp\/v2\/comments?post=375128"}],"version-history":[{"count":0,"href":"https:\/\/www.hashtag.al\/index.php\/wp-json\/wp\/v2\/posts\/375128\/revisions"}],"wp:featuredmedia":[{"embeddable":true,"href":"https:\/\/www.hashtag.al\/index.php\/wp-json\/wp\/v2\/media\/374940"}],"wp:attachment":[{"href":"https:\/\/www.hashtag.al\/index.php\/wp-json\/wp\/v2\/media?parent=375128"}],"wp:term":[{"taxonomy":"category","embeddable":true,"href":"https:\/\/www.hashtag.al\/index.php\/wp-json\/wp\/v2\/categories?post=375128"},{"taxonomy":"post_tag","embeddable":true,"href":"https:\/\/www.hashtag.al\/index.php\/wp-json\/wp\/v2\/tags?post=375128"}],"curies":[{"name":"wp","href":"https:\/\/api.w.org\/{rel}","templated":true}]}}