{"id":375108,"date":"2020-05-21T09:34:39","date_gmt":"2020-05-21T07:34:39","guid":{"rendered":"https:\/\/hashtag.al\/?p=375108"},"modified":"2020-05-21T09:34:39","modified_gmt":"2020-05-21T07:34:39","slug":"basha-per-protestat-te-teatri-triumfi-i-pare-i-nje-rruge-qe-do-shpetoje-vendin","status":"publish","type":"post","link":"https:\/\/www.hashtag.al\/index.php\/2020\/05\/21\/basha-per-protestat-te-teatri-triumfi-i-pare-i-nje-rruge-qe-do-shpetoje-vendin\/","title":{"rendered":"Basha p\u00ebr protestat te Teatri: Triumfi i par\u00eb i nj\u00eb rruge q\u00eb do shp\u00ebtoj\u00eb vendin","gt_translate_keys":[{"key":"rendered","format":"text"}]},"content":{"rendered":"<p><a href=\"https:\/\/hashtag.al\/wp-content\/uploads\/2020\/05\/Basha.jpg\"><img loading=\"lazy\" decoding=\"async\" class=\"aligncenter size-full wp-image-375117\" src=\"https:\/\/hashtag.al\/wp-content\/uploads\/2020\/05\/Basha.jpg\" alt=\"\" width=\"620\" height=\"450\" srcset=\"https:\/\/www.hashtag.al\/wp-content\/uploads\/2020\/05\/Basha.jpg 620w, https:\/\/www.hashtag.al\/wp-content\/uploads\/2020\/05\/Basha-300x218.jpg 300w\" sizes=\"auto, (max-width: 620px) 100vw, 620px\" \/><\/a><\/p>\n<p><span style=\"color: #000000;\">Kryetari i Partis\u00eb Demokratike Lulzim Basha, e konsideron protest\u00ebn kund\u00ebr shembjes s\u00eb Teatrit, si triumfin e par\u00eb q\u00eb do t\u00eb shp\u00ebtoj\u00eb vendin nga Edi Rama.<\/span><\/p>\n<p><span style=\"color: #000000;\">Ai ka publikuar disa foto nga protesta n\u00eb rrjetet sociale, nd\u00ebrsa shkruan se opozita ka q\u00ebllim t\u2019u jap\u00eb fund kushteve ku padrejt\u00ebsia shtyp qytetar\u00ebt eshkat\u00ebrron pron\u00ebn.<\/span><\/p>\n<p><em><span style=\"color: #000000;\">\u201cS\u00eb bashku me artist\u00eb dhe qytetar\u00eb n\u00eb protest\u00ebn e Aleanc\u00ebs p\u00ebr Teatrin, n\u00eb mb\u00ebshtetje t\u00eb kauz\u00ebs s\u00eb tyre t\u00eb drejt\u00eb dhe vlerave t\u00eb demokracis\u00eb dhunuar barbarisht m\u00eb 17 maj nga qeveria e Edi Ram\u00ebs.<\/span><\/em><\/p>\n<p><em><span style=\"color: #000000;\">Opozita ka nj\u00eb q\u00ebllim, t\u2019u jap\u00eb fund sa m\u00eb par\u00eb kushteve n\u00eb t\u00eb cilat padrejt\u00ebsia shtyp qytetar\u00ebt, shkat\u00ebrron pron\u00ebn e tyre, i varf\u00ebron dhe kjo padrejt\u00ebsi e ka nj\u00eb em\u00ebr: ky \u00ebsht\u00eb Edi Rama.<\/span><\/em><br \/>\n<span style=\"color: #000000;\"><em>Vlerat e qytetaris\u00eb shqiptare t\u00eb manifestuara sot n\u00eb k\u00ebt\u00eb shesh jan\u00eb triumfi i par\u00eb i nj\u00eb rruge q\u00eb do e shp\u00ebtoj\u00eb vendin nga hajdut\u00ebria dhe krimet e Edi Ram\u00ebs.\u201d<\/em>&#8211; shkruan Basha.<\/span><\/p>\n","protected":false,"gt_translate_keys":[{"key":"rendered","format":"html"}]},"excerpt":{"rendered":"<p>Kryetari i Partis\u00eb Demokratike Lulzim Basha, e konsideron protest\u00ebn kund\u00ebr shembjes s\u00eb Teatrit, si triumfin e par\u00eb q\u00eb do t\u00eb shp\u00ebtoj\u00eb vendin nga Edi Rama. Ai ka publikuar disa foto nga protesta n\u00eb rrjetet sociale, nd\u00ebrsa shkruan se opozita ka q\u00ebllim t\u2019u jap\u00eb fund kushteve ku padrejt\u00ebsia shtyp qytetar\u00ebt eshkat\u00ebrron pron\u00ebn. \u201cS\u00eb bashku me artist\u00eb [&hellip;]<\/p>\n","protected":false,"gt_translate_keys":[{"key":"rendered","format":"html"}]},"author":30,"featured_media":375117,"comment_status":"open","ping_status":"open","sticky":false,"template":"","format":"standard","meta":{"footnotes":""},"categories":[65,13],"tags":[],"class_list":["post-375108","post","type-post","status-publish","format-standard","has-post-thumbnail","hentry","category-lajme","category-te-fundit"],"gt_translate_keys":[{"key":"link","format":"url"}],"_links":{"self":[{"href":"https:\/\/www.hashtag.al\/index.php\/wp-json\/wp\/v2\/posts\/375108","targetHints":{"allow":["GET"]}}],"collection":[{"href":"https:\/\/www.hashtag.al\/index.php\/wp-json\/wp\/v2\/posts"}],"about":[{"href":"https:\/\/www.hashtag.al\/index.php\/wp-json\/wp\/v2\/types\/post"}],"author":[{"embeddable":true,"href":"https:\/\/www.hashtag.al\/index.php\/wp-json\/wp\/v2\/users\/30"}],"replies":[{"embeddable":true,"href":"https:\/\/www.hashtag.al\/index.php\/wp-json\/wp\/v2\/comments?post=375108"}],"version-history":[{"count":0,"href":"https:\/\/www.hashtag.al\/index.php\/wp-json\/wp\/v2\/posts\/375108\/revisions"}],"wp:featuredmedia":[{"embeddable":true,"href":"https:\/\/www.hashtag.al\/index.php\/wp-json\/wp\/v2\/media\/375117"}],"wp:attachment":[{"href":"https:\/\/www.hashtag.al\/index.php\/wp-json\/wp\/v2\/media?parent=375108"}],"wp:term":[{"taxonomy":"category","embeddable":true,"href":"https:\/\/www.hashtag.al\/index.php\/wp-json\/wp\/v2\/categories?post=375108"},{"taxonomy":"post_tag","embeddable":true,"href":"https:\/\/www.hashtag.al\/index.php\/wp-json\/wp\/v2\/tags?post=375108"}],"curies":[{"name":"wp","href":"https:\/\/api.w.org\/{rel}","templated":true}]}}