{"id":374939,"date":"2020-05-20T13:55:48","date_gmt":"2020-05-20T11:55:48","guid":{"rendered":"https:\/\/hashtag.al\/?p=374939"},"modified":"2020-05-20T14:09:09","modified_gmt":"2020-05-20T12:09:09","slug":"shqiperia-masa-autokratike-nen-hijen-e-covid-19","status":"publish","type":"post","link":"https:\/\/www.hashtag.al\/index.php\/2020\/05\/20\/shqiperia-masa-autokratike-nen-hijen-e-covid-19\/","title":{"rendered":"Raporti: Shqip\u00ebria, masa autokratike n\u00ebn hijen e Covid-19","gt_translate_keys":[{"key":"rendered","format":"text"}]},"content":{"rendered":"<p><span style=\"color: #000000;\"><a style=\"color: #000000;\" href=\"https:\/\/hashtag.al\/index.php\/2020\/05\/20\/shqiperia-masa-autokratike-nen-hijen-e-covid-19\/teatrikombetar2\/\" rel=\"attachment wp-att-374940\"><img loading=\"lazy\" decoding=\"async\" class=\"size-full wp-image-374940\" src=\"https:\/\/hashtag.al\/wp-content\/uploads\/2020\/05\/teatrikombetar2.jpg\" alt=\"\" width=\"800\" height=\"533\" srcset=\"https:\/\/www.hashtag.al\/wp-content\/uploads\/2020\/05\/teatrikombetar2.jpg 800w, https:\/\/www.hashtag.al\/wp-content\/uploads\/2020\/05\/teatrikombetar2-300x200.jpg 300w, https:\/\/www.hashtag.al\/wp-content\/uploads\/2020\/05\/teatrikombetar2-768x512.jpg 768w\" sizes=\"auto, (max-width: 800px) 100vw, 800px\" \/><\/a><\/span><\/p>\n<p><span style=\"color: #000000;\"><span style=\"font-size: 16px;\">Shkat\u00ebrrimi i Teatrit Komb\u00ebtar, nj\u00eb operacion sekret.<\/span>Kryetari i Bashkis\u00eb s\u00eb Tiran\u00ebs u p\u00ebrfshi n\u00eb nj\u00eb operacion sekret p\u00ebr shkat\u00ebrrimin e Teatrit Komb\u00ebtar historik t\u00eb kryeqytetit. <\/span><\/p>\n<p><span style=\"color: #000000;\">Ky nuk \u00ebsht\u00eb i vetmi vendim i diskutuesh\u00ebm i marr\u00eb nga socialist\u00ebt n\u00eb pushtet gjat\u00eb kriza s\u00eb koronavirusit.<\/span><\/p>\n<p><span style=\"color: #000000;\">Prishja u krye n\u00eb or\u00ebt e para t\u00eb m\u00ebngjesit t\u00eb 17 majit 2020: Pas nj\u00eb beteje dy-vje\u00e7are p\u00ebr t\u00eb shp\u00ebtuar nd\u00ebrtes\u00ebn historike t\u00eb Teatrit Komb\u00ebtar Shqiptar n\u00eb Tiran\u00eb, gjat\u00eb s\u00eb cil\u00ebs artist\u00ebt, shoq\u00ebria civile dhe opozita n\u00ebn udh\u00ebheqjen e Partis\u00eb Demokratike (PD) luftoi kund\u00ebr prishjes, kryebashkiaku Erion Veliaj e evakuoi godin\u00ebn e teatrit forc\u00ebrisht dhe e shkat\u00ebrroi. <\/span><\/p>\n<p><span style=\"color: #000000;\">Duket se Partia Socialiste (PS) n\u00eb pushtet n\u00ebn kryeministrin Edi Rama, \u00ebsht\u00eb duke shfryt\u00ebzuar kriz\u00ebn Covid-19 p\u00ebr t\u00eb b\u00ebr\u00eb fakt t\u00eb kryer si\u00e7 \u00ebsht\u00eb rasti me prishjen e teatrit.<\/span><\/p>\n<p><span style=\"color: #000000;\"><strong>Vendosja e agjend\u00ebs gjat\u00eb pandemis\u00eb<\/strong><\/span><\/p>\n<p><span style=\"color: #000000;\">Ashtu si n\u00eb shumic\u00ebn e vendeve t\u00eb bot\u00ebs, pandemia Covid-19 ka ndalur jet\u00ebn publike n\u00eb Shqip\u00ebri. Pas rasteve t\u00eb para zyrtare me Covid-19, n\u00eb fillim t\u00eb marsit, reagimi i par\u00eb i qeveris\u00eb ishte mbyllja e shkollave e universiteteve, pastaj e bareve dhe restoranteve, e ndjekur nga vendosja e karantin\u00ebs, q\u00eb hiqej vet\u00ebm p\u00ebr disa or\u00eb n\u00eb dit\u00eb p\u00ebr t\u00eb lejuar njer\u00ebzit t\u00eb blejn\u00eb ushqime ose ila\u00e7e. Kufijt\u00eb tok\u00ebsor\u00eb dhe ato detar\u00eb ishin t\u00eb mbyllur dhe aeroporti nd\u00ebrpreu trafikun e pasagjer\u00ebve. <\/span><\/p>\n<p><span style=\"color: #000000;\">Megjithat\u00eb, veprimi i nd\u00ebrmarr\u00eb nga qeveria shpagoi: M\u00eb 18 maj, niveli i infeksioneve totale t\u00eb konfirmuara ishte 581, me t\u00eb pakt\u00ebn 31 njer\u00ebz q\u00eb kishin vdekur nga Covid-19 deri m\u00eb tani, nd\u00ebrsa 714 jan\u00eb rikuperuar. <\/span><\/p>\n<p><span style=\"color: #000000;\">Edhe diskutimi politik u zbut n\u00eb fillimin e pandemis\u00eb, megjith\u00ebse u b\u00eb e qart\u00eb se qeveria vazhdoi t\u00eb ndjek\u00eb projektet e saj n\u00eb disa fusha t\u00eb tjera. Ata jan\u00eb duke operuar n\u00eb nj\u00eb m\u00ebnyr\u00eb gjithnj\u00eb e m\u00eb autoritare sidomos n\u00eb luft\u00ebn kund\u00ebr mediave t\u00eb pavarura. <\/span><\/p>\n<p><span style=\"color: #000000;\">N\u00eb shp\u00ebrthimin e pandemis\u00eb, kryeministri Edi Rama paralajm\u00ebroi me an\u00eb t\u00eb nj\u00eb telefonate qytetar\u00ebt duke i k\u00ebshilluar: <em>\u201cLani duart tuaja, mos lini sht\u00ebpi p\u00ebr arg\u00ebtim, ajroseni at\u00eb sa m\u00eb shpesh q\u00eb t\u00eb keni mund\u00ebsi dhe mbroni veten kund\u00ebr mediave \u201d<\/em>. <\/span><\/p>\n<p><span style=\"color: #000000;\">M\u00eb 15 maj autoriteti sh\u00ebndet\u00ebsor urdh\u00ebroi mbyllja e nj\u00eb televizioni privat, Ora Ne\u00ebs, pasi sipas tij kishte shum\u00eb t\u00eb ftuar n\u00eb studio gjat\u00eb nj\u00eb emisioni. Prishja e Teatrit Komb\u00ebtar tani paraqet kulminacionin e k\u00ebtyre ngjarjeve.<\/span><\/p>\n<p><span style=\"color: #000000;\"><a style=\"color: #000000;\" href=\"https:\/\/hashtag.al\/index.php\/2020\/05\/20\/shqiperia-masa-autokratike-nen-hijen-e-covid-19\/teatrikombetar-jpg5\/\" rel=\"attachment wp-att-374944\"><img loading=\"lazy\" decoding=\"async\" class=\"aligncenter size-full wp-image-374944\" src=\"https:\/\/hashtag.al\/wp-content\/uploads\/2020\/05\/teatrikombetar.jpg5_.jpg\" alt=\"\" width=\"770\" height=\"433\" srcset=\"https:\/\/www.hashtag.al\/wp-content\/uploads\/2020\/05\/teatrikombetar.jpg5_.jpg 770w, https:\/\/www.hashtag.al\/wp-content\/uploads\/2020\/05\/teatrikombetar.jpg5_-300x169.jpg 300w, https:\/\/www.hashtag.al\/wp-content\/uploads\/2020\/05\/teatrikombetar.jpg5_-768x432.jpg 768w\" sizes=\"auto, (max-width: 770px) 100vw, 770px\" \/><\/a><\/span><\/p>\n<p><span style=\"color: #000000;\"><strong>Shkat\u00ebrrimi i nj\u00eb pasurie kulturore<\/strong><\/span><\/p>\n<p><span style=\"color: #000000;\">Teatri Komb\u00ebtar ishte teatri m\u00eb i r\u00ebnd\u00ebsish\u00ebm n\u00eb Shqip\u00ebri. Kompleksi me nd\u00ebrtesat e Teatrit Komb\u00ebtar dhe Teatrit Eksperimental ishte nj\u00eb ansamb\u00ebl historik, duke d\u00ebshmuar p\u00ebr arkitektura t\u00eb ndryshme dhe stilet teknike dhe qasjet e s\u00eb kaluar\u00ebs.<\/span><\/p>\n<p><span style=\"color: #000000;\"> Nd\u00ebrtesat u nd\u00ebrtuan n\u00eb vitet 1930 n\u00ebn ndikimi e fort\u00eb t\u00eb futurizmit italian si pjes\u00eb e t\u00eb ashtuquajturit &#8220;Circolo Sk\u00ebnderbeu&#8221; &#8211; nj\u00eb kompleks kulturor e administrativ, funksioni i t\u00eb cilit \u00ebsht\u00eb akoma i ruajtur deri n\u00eb dit\u00ebt e sotme. Disa ministri dhe<\/span><\/p>\n<p><span style=\"color: #000000;\">bashkia ndodhen n\u00eb af\u00ebrsi. Brenda Evrop\u00ebs, materialet dhe teknikat e p\u00ebrdorura p\u00ebr nd\u00ebrtimin konsideroheshin si novatore p\u00ebr Italin\u00eb e m\u00eb gjer\u00eb, nd\u00ebrsa nd\u00ebrtimi sh\u00ebnoi gjithashtu nj\u00eb faz\u00eb t\u00eb r\u00ebnd\u00ebsishme n\u00eb historin\u00eb e planifikimit urban dhe modern t\u00eb arkitektur\u00ebs. <\/span><\/p>\n<p><span style=\"color: #000000;\">Pas hapjes n\u00eb 1940, teatri u riem\u00ebrua teatri i kinemas\u00eb &#8220;Kosova&#8221; n\u00eb 1944 dhe Teatri i Njer\u00ebzve n\u00eb 1945, u b\u00eb qend\u00ebr kulturore n\u00eb k\u00ebt\u00eb qytet ku ndodhedhin institucionet m\u00eb t\u00eb r\u00ebnd\u00ebsishme t\u00eb Shqip\u00ebris\u00eb s\u00eb pasluft\u00ebs. <\/span><\/p>\n<p><span style=\"color: #000000;\">Prandaj, teatri d\u00ebshmoi p\u00ebr shum\u00eb ngjarje t\u00eb lidhura me emergjenc\u00ebn e teatrit shqiptar, duke siguruar gjithashtu nj\u00eb sfond p\u00ebr ngjarjet artistike, akademike e politike. N\u00eb drit\u00ebn e fakteve historike,ky kompleks arkitektonik ishte pjes\u00eb e identitetit kulturor dhe komb\u00ebtar t\u00eb vendit. <\/span><\/p>\n<p><span style=\"color: #000000;\">N\u00eb Mars 2020, shoqata evropiane p\u00ebr mbrojtjen e monumenteve historike, \u201cEuropaNostra \u201d, e p\u00ebrfshiu Teatrin Komb\u00ebtar t\u00eb Shqip\u00ebris\u00eb n\u00eb list\u00ebn e shtat\u00eb prej monumenteve m\u00eb t\u00eb rrezikuara n\u00eb Evrop\u00eb, si nj\u00eb shembull t\u00eb jasht\u00ebzakonsh\u00ebm t\u00eb arkitektur\u00ebs moderne italiane nga vitet &#8217;30 dhe si nj\u00eb nga qendrat m\u00eb t\u00eb shquara kulturore n\u00eb Shqip\u00ebri. Me prishjen e tij m\u00eb 17 maj, kjo pasuri kulturore ka humbur tani n\u00eb m\u00ebnyr\u00eb t\u00eb pakthyeshme.<\/span><\/p>\n<p><span style=\"color: #000000;\"><strong>Lufta p\u00ebr Teatrin q\u00eb prej vitit 2018<\/strong><\/span><\/p>\n<p><span style=\"color: #000000;\">Diskutimi rreth Teatrit Komb\u00ebtar filloi n\u00eb Mars 2018 teksa Kryeministri Rama prezantoi nj\u00eb projekt nd\u00ebrtimi p\u00ebr nj\u00eb teat\u00ebr t\u00eb ri. Me 3.000 m\u00b2, projekti i ri i Teatrit Komb\u00ebtar z\u00eb m\u00eb pak se gjysm\u00ebn e truallit origjinale. <\/span><\/p>\n<p><span style=\"color: #000000;\">Pjesa tjet\u00ebr ishte menduar p\u00ebr ngritjen e disa kullave dhe nj\u00eb qendre tregtare. Rama argumentoi se rinovimi i nd\u00ebrtes\u00ebs s\u00eb teatrit 80-vje\u00e7ar ishte &#8220;i pamundur&#8221; dhe p\u00ebrkundrazi disa milione euro t\u00eb fondeve publike duhej t\u00eb shpenzoheshin p\u00ebr nj\u00eb PPP (Partneritet Publik Privat. <\/span><\/p>\n<p><span style=\"color: #000000;\">Projekti i nd\u00ebrtes\u00ebs p\u00ebr Teatrin e ri Komb\u00ebtar do zbatohej p\u00ebrmes nj\u00eb ligji t\u00eb ve\u00e7ant\u00eb t\u00eb miratuar n\u00eb Parlament ku Rama ka nj\u00eb shumica absolute. <\/span><\/p>\n<p><span style=\"color: #000000;\">I ashtuquajturi &#8220;Ligji Fusha&#8221; (em\u00ebrtuar pas kompanis\u00eb Fusha shpk, e cila kishte fituar kontrat\u00ebn), zbuloi mang\u00ebsi serioze, si\u00e7 \u00ebsht\u00eb dh\u00ebnia e pron\u00ebs shtet\u00ebrore pa tender. Pasi njer\u00ebzit m\u00ebsuan lajmin p\u00ebr nj\u00eb ligj special t\u00eb planifikuar p\u00ebr k\u00ebt\u00eb gj\u00eb, artist\u00ebt dhe aktivist\u00ebt themeluan &#8220;Aleanc\u00ebn p\u00ebr Mbrojtjen e Teatrit \u201d, me t\u00eb cil\u00ebn u bashkua shum\u00eb figura t\u00eb shquara publike si historian\u00eb, akademik\u00eb dhe gazetar\u00eb.<\/span><\/p>\n<p><span style=\"color: #000000;\">Ata organizuan protesta, nis\u00ebn nj\u00eb peticion, iu afruan organizatavae komb\u00ebtare dhe nd\u00ebrkomb\u00ebtare dhe nd\u00ebrmor\u00ebn veprime juridike. P\u00ebr nj\u00eb periudhe q\u00eb p\u00ebrfshin 27 muaj, Aleanca p\u00ebr Mbrojtjen e Teatrit e mbrojti teatrin nga prishja. <\/span><\/p>\n<p><span style=\"color: #000000;\">N\u00eb korrik 2018, Komisioni Evropian gjithashtu k\u00ebrkoi q\u00eb qeveria shqiptare t\u00eb sqaroj\u00ebarsyet e miratimit t\u00eb k\u00ebtij ligji t\u00eb ve\u00e7ant\u00eb. <\/span><\/p>\n<p><span style=\"color: #000000;\">Nj\u00eb nga 15 pyetjet e letr\u00ebs ishte n\u00ebse ligji special \u00ebsht\u00eb n\u00eb p\u00ebrputhje me detyrimet e Shqip\u00ebris\u00eb n\u00ebn Procesin e Stabilizim-Asociimit. Thorsten Frei, asokohe raportuesi p\u00ebr Shqip\u00ebrin\u00eb i CDU \/ CSU n\u00eb Bundestag, gjithashtu shprehu dyshime gjat\u00eb nj\u00eb interviste:<\/span><\/p>\n<p><span style=\"color: #000000;\"><em>\u201cLigji special p\u00ebr Teatrin Komb\u00ebtar \u00ebsht\u00eb shum\u00eb i paqart\u00eb, kur b\u00ebhet fjal\u00eb p\u00ebr m\u00ebnyr\u00ebn sesi pajtohet<\/em><\/span><\/p>\n<p><span style=\"color: #000000;\"><em>Legjislacioni i BE-s\u00eb dhe Kushtetuta shqiptare. Si\u00e7 e shoh, Presidenti Meta kishte t\u00eb drejt\u00eb ta kthej\u00eb ligjin p\u00ebrs\u00ebri n\u00eb Parlament. Rasti i Teatrit Komb\u00ebtar do tregoj\u00eb qart\u00eb se sa serioz \u00ebsht\u00eb Edi Rama p\u00ebr sa i p\u00ebrket hyrjes n\u00eb BE.\u201d<\/em><\/span><\/p>\n<p><span style=\"color: #000000;\">M\u00eb 25 korrik 2019, Presidenti Ilir Meta paraqiti nj\u00eb ankes\u00eb n\u00eb Gjykat\u00ebn Kushtetuese, duke k\u00ebrkuar q\u00eb ligji special p\u00ebr Teatrin Komb\u00ebtare t\u00eb shpallet jokushtetues. Duke pasur parasysh se gjykata nuk ishte funksionale, kjo ankes\u00eb u paraqit vet\u00ebm p\u00ebr ekzaminim n\u00eb fund t\u00eb vitit 2019. <\/span><\/p>\n<p><span style=\"color: #000000;\">Me 30 Dhjetor 2019, Gjykata Kushtetuese i b\u00ebri thirrje Parlamentit, K\u00ebshillit t\u00eb Ministrave, Ministris\u00eb s\u00eb Financave, Ministris\u00eb s\u00eb Kultur\u00ebs dhe Bashkis\u00eb s\u00eb Tiran\u00ebs q\u00eb t\u00eb parashtronin argumentet e tyre p\u00ebr Ligjin Special. <\/span><\/p>\n<p><span style=\"color: #000000;\">Megjithat\u00eb, \u00e7\u00ebshtja as nuk ishte sjell\u00eb ende para gjykat\u00ebs. N\u00eb shkurt 2020, Bashkia e Tiran\u00ebs njoftoi se projekti p\u00ebr nd\u00ebrtimin e nj\u00eb nd\u00ebrtese t\u00eb re t\u00eb teatrit ishte rr\u00ebzuar. Fusha shpk nuk ishte n\u00eb gjendje t\u00eb zbatonte projektin n\u00eb nj\u00eb koh\u00eb t\u00eb shkurt\u00ebr dhe n\u00eb p\u00ebrputhje me k\u00ebrkesat.<\/span><\/p>\n<p><span style=\"color: #000000;\"><a style=\"color: #000000;\" href=\"https:\/\/hashtag.al\/index.php\/2020\/05\/20\/shqiperia-masa-autokratike-nen-hijen-e-covid-19\/teatrikombetar-jpg3\/\" rel=\"attachment wp-att-374945\"><img loading=\"lazy\" decoding=\"async\" class=\"aligncenter size-full wp-image-374945\" src=\"https:\/\/hashtag.al\/wp-content\/uploads\/2020\/05\/teatrikombetar.jpg3_.jpg\" alt=\"\" width=\"1280\" height=\"720\" srcset=\"https:\/\/www.hashtag.al\/wp-content\/uploads\/2020\/05\/teatrikombetar.jpg3_.jpg 1280w, https:\/\/www.hashtag.al\/wp-content\/uploads\/2020\/05\/teatrikombetar.jpg3_-300x169.jpg 300w, https:\/\/www.hashtag.al\/wp-content\/uploads\/2020\/05\/teatrikombetar.jpg3_-768x432.jpg 768w, https:\/\/www.hashtag.al\/wp-content\/uploads\/2020\/05\/teatrikombetar.jpg3_-1024x576.jpg 1024w\" sizes=\"auto, (max-width: 1280px) 100vw, 1280px\" \/><\/a><\/span><\/p>\n<p><span style=\"color: #000000;\"><strong>P\u00ebrshkall\u00ebzimi q\u00eb n\u00eb fillim t\u00eb majit<\/strong><\/span><\/p>\n<p><span style=\"color: #000000;\">Pas nj\u00eb heshtjeje t\u00eb gjat\u00eb p\u00ebr fatin e teatrit, n\u00eb maj t\u00eb vitit 2020, qeveria shqiptare vendosi t\u2019ia kaloj\u00eb tok\u00ebn, n\u00eb t\u00eb cil\u00ebn q\u00ebndronte Teatri Komb\u00ebtar, Bashkis\u00eb s\u00eb Tiran\u00ebs n\u00eb m\u00ebnyr\u00eb q\u00eb t\u00eb merrte nj\u00eb vendim rreth prishjes. <\/span><\/p>\n<p><span style=\"color: #000000;\">Presidenti Meta paraqiti nj\u00eb tjet\u00ebr ankes\u00eb n\u00eb Gjykat\u00ebn Kushtetuese kund\u00ebr\u00a0k\u00ebtij vendimi. Sidoqoft\u00eb n\u00eb mbr\u00ebmjen e 14 majit, K\u00ebshilli Bashkiak i Tiran\u00ebs miratoi n\u00eb fsheht\u00ebsi\u00a0prishjen e Teatrit Komb\u00ebtar t\u00eb Shqip\u00ebris\u00eb. <\/span><\/p>\n<p><span style=\"color: #000000;\">Vendimi Nr 50 i miratuar nga K\u00ebshilli Bashkiak m\u00eb\u00a014 maj 2020, shprehet se nd\u00ebrtesa do rr\u00ebnohet bazuar n\u00eb ekspertiz\u00ebn e Institutit t\u00eb Nd\u00ebrtimit. Raporti \u00ebsht\u00eb p\u00ebrpiluar vet\u00ebm nj\u00eb dit\u00eb m\u00eb par\u00eb, m\u00eb 13 maj e sipas tij nd\u00ebrtesa nuk \u00ebsht\u00eb e p\u00ebrshtatshme p\u00ebr kryerjen e aktiviteteve dhe pavar\u00ebsisht nga rinovimet, nuk mund t\u00eb b\u00ebhet e sigurt\u00eb. <\/span><\/p>\n<p><span style=\"color: #000000;\">K\u00ebshilli Bashkiak autorizoi Institutin e Mbrojtjes s\u00eb Territorit p\u00ebr t\u00eb evakuuar, hyr\u00eb dhe pastaj prishur nd\u00ebrtes\u00ebn. Rezoluta nuk citoi nj\u00eb dat\u00eb p\u00ebr prishjen. Nuk kishte asnj\u00eb baz\u00eb ligjore p\u00ebr vot\u00ebn e K\u00ebshillit Bashkiak. <\/span><\/p>\n<p><span style=\"color: #000000;\">Nga nj\u00ebra an\u00eb, K\u00ebshilli mund t\u00eb marr\u00eb vendim p\u00ebr di\u00e7ka q\u00eb i p\u00ebrket Bashkis\u00eb. N\u00eb k\u00ebt\u00eb rast, megjith\u00ebse zot\u00ebron tok\u00ebn n\u00eb t\u00eb cil\u00ebn teatri q\u00ebndron, nuk mund t\u00eb thuhet e nj\u00ebjta gj\u00eb p\u00ebr nd\u00ebrtes\u00ebn\u00a0n\u00eb vetvete. Nd\u00ebrsa dokumenti i ekspertiz\u00ebs \u00ebsht\u00eb nj\u00eb akti administrativ-juridik q\u00eb vet\u00ebm mund t\u2019i n\u00ebnshtrohet rishikimit gjyq\u00ebsor. <\/span><\/p>\n<p><span style=\"color: #000000;\">Nj\u00eb institucion politik si\u00e7 \u00ebsht\u00eb K\u00ebshilli Bashkiak i Tiran\u00ebs nuk ka juridiksion mbi nj\u00eb akt juridik t\u00eb paraqitur nga nj\u00eb institucion i qeveris\u00eb qendrore. P\u00ebr m\u00eb tep\u00ebr, \u00ebsht\u00eb e paqart\u00eb se si u krye votimi. Asnj\u00eb njoftim publik p\u00ebr mbledhjen dhe votimin e K\u00ebshillit Bashkiak nuk u b\u00eb publik, si\u00e7 e k\u00ebrkon ligji.<\/span><\/p>\n<p><span style=\"color: #000000;\">Sipas raportimeve t\u00eb mediave, SPAK-u filloi hetimin pas nj\u00eb akuze t\u00eb b\u00ebr\u00eb nga &#8220;Aleanca p\u00ebr<\/span><\/p>\n<p><span style=\"color: #000000;\">Mbrojtjen e Teatrit Komb\u00ebtar\u201d m\u00eb 6 maj. Aleanca akuzon kryebashkiakun Veliaj p\u00ebr shp\u00ebrdorim detyre dhe korrupsion. Aleanca gjithashtu ka hedhur n\u00eb gjyq tre inxhinier\u00eb civil\u00eb nga Instituti q\u00eb hartuan<\/span><\/p>\n<p><span style=\"color: #000000;\">Raport-ekspertiz\u00ebn p\u00ebr prishjene teatrit, p\u00ebr abuzim detyre. Aleanca deklaroi se raporti i ekspert\u00ebve i paraqitur nga inxhinier\u00ebt ishte bazuar n\u00eb dokumente t\u00eb falsifikuara. Thuhet se tre nga pes\u00eb inxhinier\u00ebt q\u00eb hartuan raportin, nuk e kishin ekzaminuar asnj\u00ebher\u00eb personalisht Teatrin Komb\u00ebtar.<\/span><\/p>\n<p><span style=\"color: #000000;\"><strong>Legalizimi i kanabisit<\/strong><\/span><\/p>\n<p><span style=\"color: #000000;\">Prishja e Teatrit Komb\u00ebtar p\u00ebrfaq\u00ebson kulminacionin e nj\u00eb morie t\u00eb t\u00ebr\u00eb planesh dhe vendimesh t\u00eb diskutueshme t\u00eb qeveris\u00eb gjat\u00eb pandemis\u00eb Covid-19. <\/span><\/p>\n<p><span style=\"color: #000000;\">P\u00ebrve\u00e7 kufizimet t\u00eb p\u00ebrmendura m\u00eb lart, sulmin ndaj liris\u00eb s\u00eb shtypit, ve\u00e7an\u00ebrisht diskutimi p\u00ebr legalizimin e kanabisit ka shkaktuar koh\u00ebt e fundit mjaft\u00a0zhurm\u00eb. Deri n\u00eb vitin 2016, vendi kishte d\u00ebshmuar nj\u00eb problem t\u00eb madh me kultivimin e kanabisit deri sa problemi u vu n\u00ebn kontroll me mb\u00ebshtetjen e<\/span><\/p>\n<p><span style=\"color: #000000;\">Guardia di Finanzas. Gjat\u00eb nj\u00eb konferenc\u00eb p\u00ebr shtyp m\u00eb 9 maj 2020, Kryeministri Rama tha se qeveria po p\u00ebrgatiste nj\u00eb draft p\u00ebr legalizimin e kanabisit p\u00ebr q\u00ebllime mjek\u00ebsore.<\/span><\/p>\n<p><span style=\"color: #000000;\"><em>&#8220;Ne kemi konsultuar ekspert\u00eb n\u00eb rajon nga vendet q\u00eb kan\u00eb pasur p\u00ebrvoja pozitive. Nuk b\u00ebhet fjal\u00eb p\u00ebr legalizimin e kanabisit rekreativ, por p\u00ebr at\u00eb p\u00ebr q\u00ebllime mjek\u00ebsore.\u201d<\/em><\/span><\/p>\n<p><span style=\"color: #000000;\">Disa dit\u00eb m\u00eb von\u00eb, Prokurori i P\u00ebrgjithsh\u00ebm, Olsian \u00c7ela prezantoi raportin e tij vjetor. Sipas raportit, kishte m\u00eb shum\u00eb plantacionet kanabisit n\u00eb t\u00eb gjith\u00eb vendin n\u00eb vitin 2019 &#8211; duke e b\u00ebr\u00eb k\u00ebt\u00eb fenomen t\u00eb t\u00eb rip\u00ebrt\u00ebrir\u00eb e shqet\u00ebsues p\u00ebr shum\u00eb rajone n\u00eb t\u00eb gjith\u00eb Shqip\u00ebrin\u00eb.<\/span><\/p>\n<p><span style=\"color: #000000;\"><em>\u201cKa pasur aktivitet t\u00eb shtuar n\u00eb Kruj\u00eb, Gjirokast\u00ebr dhe Shkod\u00ebr \u201d<\/em>, tha ai.<\/span><\/p>\n<p><span style=\"color: #000000;\"><em>&#8220;Ne nuk kemi ndonj\u00eb dokument zyrtar nga policia apo departamenti i prokuror\u00ebve q\u00eb shpjegon t\u00eb v\u00ebrtet\u00ebn shkaqet e k\u00ebtij fenomeni. Un\u00eb e konsideroj si nj\u00eb zhvillim shum\u00eb shqet\u00ebsues dhe do t\u00eb jet\u00eb\u00a0<\/em><em>nj\u00eb nga p\u00ebrpar\u00ebsit\u00eb tona n\u00eb vitin 2020 \u201d<\/em>, shpjegoi \u00c7ela.<\/span><\/p>\n<p><span style=\"color: #000000;\">N\u00eb 2018, 292 plantacione kanabisi ishin hetuar nga autoritetet vendore n\u00eb t\u00eb gjith\u00eb vendin. N\u00eb vitin 2019, kjo shif\u00ebr arriti n\u00eb 628, 115% m\u00eb e lart\u00eb. Mbetet ende e paqart\u00eb n\u00ebse dhe cila lidhje mund t\u00eb ekzistonin midis deklarat\u00ebs s\u00eb Ram\u00ebs p\u00ebr legalizimin e kanabisit dhe rritjes s\u00eb kultivimit t\u00eb kanabisit.<\/span><\/p>\n<p><span style=\"color: #000000;\"><strong>Nj\u00eb ogur i keq p\u00ebr hapjen e negociatave me BE-n\u00eb<\/strong><\/span><\/p>\n<p><span style=\"color: #000000;\">Qasja e qeveris\u00eb shqiptare ngre gjithashtu disa pyetje p\u00ebr sa i p\u00ebrket hapjes s\u00eb negociatave p\u00ebr hyrjen n\u00eb BE, t\u00eb cilat jan\u00eb rrept\u00ebsisht subjekt i p\u00ebrmbushjes s\u00eb 15 parakushteve. T\u00eb fundit kan\u00eb t\u00eb b\u00ebjn\u00eb kryesisht me zbatimin e reformave n\u00eb drejt\u00ebsi dhe sundim t\u00eb ligjit, lirin\u00eb e shtypit dhe<\/span><\/p>\n<p><span style=\"color: #000000;\">luft\u00ebn kund\u00ebr korrupsionit dhe krimit t\u00eb organizuar. Masat m\u00eb t\u00eb fundit kan\u00eb aft\u00ebsin\u00eb q\u00eb ta minojn\u00eb k\u00ebt\u00eb proces.<\/span><\/p>\n<p><span style=\"color: #000000;\">P\u00ebr m\u00eb tep\u00ebr, shum\u00eb pyetje ligjore n\u00eb lidhje me prishjen e teatrit, si\u00e7 \u00ebsht\u00eb ligji special, transferimi nga qeveria te bashkia t\u00eb teatrit si dhe vendimin e marr\u00eb nga K\u00ebshilli Bashkiak nuk i jan\u00eb n\u00ebnshtruar ende nj\u00eb kontrolli ligjor. <\/span><\/p>\n<p><span style=\"color: #000000;\">Masat e marra nga qeveria shqiptare ndodhin n\u00eb at\u00eb q\u00eb \u00ebsht\u00eb nj\u00eb koh\u00eb n\u00eb dukje taktike e mpreht\u00eb p\u00ebr ata. Shqip\u00ebria ka mposhtur Covid-19 dhe pothuajse t\u00eb gjitha kufizimet e v\u00ebna m\u00eb her\u00ebt jan\u00eb hequr. Por gjendja e fatkeq\u00ebsis\u00eb natyrore, kufizimet e s\u00eb cil\u00ebs p\u00ebrfshijn\u00eb<\/span><\/p>\n<p><span style=\"color: #000000;\">lirin\u00eb e tubimit, do t\u00eb mbetet n\u00eb fuqi deri n\u00eb 23 qershor. Kjo mund t\u00eb jet\u00eb arsyeja pse qeveria vijoi<\/span><\/p>\n<p><span style=\"color: #000000;\">me prishjen e teatrit tani, pasi mund t\u00eb ket\u00eb pritur t\u00eb ket\u00eb m\u00eb pak protesta si si dhe fakti q\u00eb njer\u00ebzit kan\u00eb probleme t\u00eb tjera p\u00ebr shkak t\u00eb d\u00ebmtimit ekonomik dhe shoq\u00ebror t\u00eb shkaktuar nga Covid-19. <\/span><\/p>\n<p><span style=\"color: #000000;\">Megjithat\u00eb, nuk \u00ebsht\u00eb akoma e sigurt n\u00ebse qeveria do t\u00eb paguaj\u00eb nj\u00eb \u00e7mim t\u00eb r\u00ebnd\u00eb p\u00ebr \u2018fitoren\u2019 e saj. Vendimi i saj i nj\u00ebansh\u00ebm p\u00ebr prishjen e teatrit me siguri u ka hapur probleme sa i p\u00ebrket adoptimit dhe aplikimit t\u00eb standardeve t\u00eb p\u00ebrgjithshme evropiane.<\/span><\/p>\n<p><span style=\"color: #000000;\"><span style=\"color: #ff0000;\"><strong>VINI RE<\/strong><\/span>: Ky material \u00ebsht\u00eb pron\u00ebsi intelektuale e <span style=\"color: #0000ff;\">Fondacionit Konrad Adenauer<\/span><\/span><\/p>\n<p><em><strong>(<a href=\"file:\/\/\/C:\/Users\/pc\/Downloads\/Albania%20-%20Autocratic%20Measures%20in%20the%20Shadows%20of%20Corona.pdf\">file:\/\/\/C:\/Users\/pc\/Downloads\/Albania%20-%20Autocratic%20Measures%20in%20the%20Shadows%20of%20Corona.pdf<\/a>)<\/strong><\/em><\/p>\n","protected":false,"gt_translate_keys":[{"key":"rendered","format":"html"}]},"excerpt":{"rendered":"<p>Shkat\u00ebrrimi i Teatrit Komb\u00ebtar, nj\u00eb operacion sekret.Kryetari i Bashkis\u00eb s\u00eb Tiran\u00ebs u p\u00ebrfshi n\u00eb nj\u00eb operacion sekret p\u00ebr shkat\u00ebrrimin e Teatrit Komb\u00ebtar historik t\u00eb kryeqytetit. Ky nuk \u00ebsht\u00eb i vetmi vendim i diskutuesh\u00ebm i marr\u00eb nga socialist\u00ebt n\u00eb pushtet gjat\u00eb kriza s\u00eb koronavirusit. Prishja u krye n\u00eb or\u00ebt e para t\u00eb m\u00ebngjesit t\u00eb 17 majit [&hellip;]<\/p>\n","protected":false,"gt_translate_keys":[{"key":"rendered","format":"html"}]},"author":51,"featured_media":374940,"comment_status":"open","ping_status":"open","sticky":false,"template":"","format":"standard","meta":{"footnotes":""},"categories":[22,65,13],"tags":[],"class_list":["post-374939","post","type-post","status-publish","format-standard","has-post-thumbnail","hentry","category-ballina","category-lajme","category-te-fundit"],"gt_translate_keys":[{"key":"link","format":"url"}],"_links":{"self":[{"href":"https:\/\/www.hashtag.al\/index.php\/wp-json\/wp\/v2\/posts\/374939","targetHints":{"allow":["GET"]}}],"collection":[{"href":"https:\/\/www.hashtag.al\/index.php\/wp-json\/wp\/v2\/posts"}],"about":[{"href":"https:\/\/www.hashtag.al\/index.php\/wp-json\/wp\/v2\/types\/post"}],"author":[{"embeddable":true,"href":"https:\/\/www.hashtag.al\/index.php\/wp-json\/wp\/v2\/users\/51"}],"replies":[{"embeddable":true,"href":"https:\/\/www.hashtag.al\/index.php\/wp-json\/wp\/v2\/comments?post=374939"}],"version-history":[{"count":0,"href":"https:\/\/www.hashtag.al\/index.php\/wp-json\/wp\/v2\/posts\/374939\/revisions"}],"wp:featuredmedia":[{"embeddable":true,"href":"https:\/\/www.hashtag.al\/index.php\/wp-json\/wp\/v2\/media\/374940"}],"wp:attachment":[{"href":"https:\/\/www.hashtag.al\/index.php\/wp-json\/wp\/v2\/media?parent=374939"}],"wp:term":[{"taxonomy":"category","embeddable":true,"href":"https:\/\/www.hashtag.al\/index.php\/wp-json\/wp\/v2\/categories?post=374939"},{"taxonomy":"post_tag","embeddable":true,"href":"https:\/\/www.hashtag.al\/index.php\/wp-json\/wp\/v2\/tags?post=374939"}],"curies":[{"name":"wp","href":"https:\/\/api.w.org\/{rel}","templated":true}]}}