{"id":374929,"date":"2020-05-20T13:01:56","date_gmt":"2020-05-20T11:01:56","guid":{"rendered":"https:\/\/hashtag.al\/?p=374929"},"modified":"2020-05-20T13:08:38","modified_gmt":"2020-05-20T11:08:38","slug":"gjiknuri-kerkese-zyrtare-pd-se-e-lsi-se-mbledhje-neser-dhe-pasneser-mos-humbim-me-kohe","status":"publish","type":"post","link":"https:\/\/www.hashtag.al\/index.php\/2020\/05\/20\/gjiknuri-kerkese-zyrtare-pd-se-e-lsi-se-mbledhje-neser-dhe-pasneser-mos-humbim-me-kohe\/","title":{"rendered":"Gjiknuri k\u00ebrkes\u00eb zyrtare PD-s\u00eb e LSI-s\u00eb: Mbledhje nes\u00ebr dhe pasnes\u00ebr, mos humbim m\u00eb koh\u00eb","gt_translate_keys":[{"key":"rendered","format":"text"}]},"content":{"rendered":"<p><span style=\"color: #000000;\"><a style=\"color: #000000;\" href=\"https:\/\/hashtag.al\/wp-content\/uploads\/2020\/05\/Damian-Gjiknuri.jpg\"><img loading=\"lazy\" decoding=\"async\" class=\"aligncenter size-full wp-image-374930\" src=\"https:\/\/hashtag.al\/wp-content\/uploads\/2020\/05\/Damian-Gjiknuri.jpg\" alt=\"\" width=\"780\" height=\"440\" srcset=\"https:\/\/www.hashtag.al\/wp-content\/uploads\/2020\/05\/Damian-Gjiknuri.jpg 780w, https:\/\/www.hashtag.al\/wp-content\/uploads\/2020\/05\/Damian-Gjiknuri-300x169.jpg 300w, https:\/\/www.hashtag.al\/wp-content\/uploads\/2020\/05\/Damian-Gjiknuri-768x433.jpg 768w\" sizes=\"auto, (max-width: 780px) 100vw, 780px\" \/><\/a><\/span><\/p>\n<p><span style=\"color: #000000;\">Damian Gjiknuri i ka \u00e7uar nj\u00eb let\u00ebr PD-s\u00eb, LSI-s\u00eb dhe Rudina Hajdarit nga opozita parlamentare, p\u00ebr t\u2019u takuar dit\u00ebn e enjte e p\u00ebr t\u00eb vijuar diskutimet p\u00ebr Reform\u00ebn Zgjedhore.<\/span><\/p>\n<p><span style=\"color: #000000;\">Gjiknuri u b\u00ebn thirrje Petrit Vasilit, Oerd Bylykbashit dhe Hajdarit, q\u00eb t\u00eb mos humbasin koh\u00eb dhe t\u00eb miratojn\u00eb Reform\u00ebn Zgjedhore brenda 31 majit.\u00a0<\/span><\/p>\n<p><span style=\"color: #000000;\">Ai i kujton p\u00ebrfaq\u00ebsuesve t\u00eb opozit\u00ebs propozimet e tyre p\u00ebr Reform\u00ebn Zgjedhore t\u00eb cilat kan\u00eb nevoj\u00eb p\u00ebr miratim.<\/span><\/p>\n<p><span style=\"color: #000000;\"><strong>LETRA E GJIKNURIT<\/strong><\/span><\/p>\n<p><span style=\"color: #000000;\">E nderuara Zonja Hajdari\u00a0<em><br \/>\n<\/em><\/span><\/p>\n<p><span style=\"color: #000000;\">Te nderuar Zoti Oerd Bylykbashi dhe Zoti Petrit Vasili<\/span><\/p>\n<p><span style=\"color: #000000;\">Nisur nga mungesa e paparashikuar\u00a0 e perfaqesuesve tuaj, (opozites jashteparlamentare) ,\u00a0 ne mbledhjen e\u00a0 dakordesuar\u00a0 te dates 18 Maj 2020, si dhe nga nevoja urgjente e adresimit te nje numri ceshtjesh qe kane mbetur pezull per diskutim dhe miratim nga Grupi Negociues politik, propozoj thirrjen e mbledhjes se radhes\u00a0 diten e Enjte ose te Premte\u00a0 (21\/ 22 Maj, ora 10.00 AM ), ne te njejten vend ku kemi zhvilluar dhe mbledhjet e fundit ne Pallatin e Kogreseve. Mendoj te vazhdojme me temat qe ishin ne rendin e dites te dates 20 Maj, pra miratimin e kapitujve qe lidhen me kuotat gjinore , periudhen zgjedhore dhe financimin e fushates zgjedhore.\u00a0 Grupi i eksperteve teknik perfshire dhe perfaqesuesit\u00a0 tuaj,\u00a0 kane pergatitur propozime te cilat kerkojne miratimin tone per pikat qe akoma nuk eshte gjetur dakodesi. Puna grupit teknik eshte realiziuar sipas metodologjise se rene dakort ne Grupin Negociator si dhe ne te jane reflektuar edhe opinionet me shkrim te\u00a0 eksperteve te ODIHR dhe Keshillit te Evropes.<\/span><\/p>\n<p><span style=\"color: #000000;\">Mendoj qe nuk duhet te humbim me kohe pasi data 31 maj, nje date e propozuar nga ju si afati per permbushjen e objektivit te reformes zgjedhore me dakordesi, po afron dhe mbetet shume pak kohe ne dispozicion per te adresuar\u00a0 numrin e ceshtjeve te mprehta qe ne kemi mbi tavolinen e negociatave. Realizimi i reformes zgjedhore eshte nje kusht i rendesishem i integrimit europian , por mbi te gjitha nje premise shume e rendesishme per te gjitha palet politike me qellim realizimin e zgjedhjeve\u00a0 te lira dhe demokratike ne vend.<\/span><\/p>\n<p><span style=\"color: #000000;\">Damian Gjiknuri<\/span><\/p>\n<p><span style=\"color: #000000;\">Bashke-Kryetar i Reformes Zgjdhore dhe perfaqesues i PS<\/span><\/p>\n<p>&nbsp;<\/p>\n","protected":false,"gt_translate_keys":[{"key":"rendered","format":"html"}]},"excerpt":{"rendered":"<p>Damian Gjiknuri i ka \u00e7uar nj\u00eb let\u00ebr PD-s\u00eb, LSI-s\u00eb dhe Rudina Hajdarit nga opozita parlamentare, p\u00ebr t\u2019u takuar dit\u00ebn e enjte e p\u00ebr t\u00eb vijuar diskutimet p\u00ebr Reform\u00ebn Zgjedhore. Gjiknuri u b\u00ebn thirrje Petrit Vasilit, Oerd Bylykbashit dhe Hajdarit, q\u00eb t\u00eb mos humbasin koh\u00eb dhe t\u00eb miratojn\u00eb Reform\u00ebn Zgjedhore brenda 31 majit.\u00a0 Ai i kujton [&hellip;]<\/p>\n","protected":false,"gt_translate_keys":[{"key":"rendered","format":"html"}]},"author":30,"featured_media":374930,"comment_status":"open","ping_status":"open","sticky":false,"template":"","format":"standard","meta":{"footnotes":""},"categories":[65,13],"tags":[],"class_list":["post-374929","post","type-post","status-publish","format-standard","has-post-thumbnail","hentry","category-lajme","category-te-fundit"],"gt_translate_keys":[{"key":"link","format":"url"}],"_links":{"self":[{"href":"https:\/\/www.hashtag.al\/index.php\/wp-json\/wp\/v2\/posts\/374929","targetHints":{"allow":["GET"]}}],"collection":[{"href":"https:\/\/www.hashtag.al\/index.php\/wp-json\/wp\/v2\/posts"}],"about":[{"href":"https:\/\/www.hashtag.al\/index.php\/wp-json\/wp\/v2\/types\/post"}],"author":[{"embeddable":true,"href":"https:\/\/www.hashtag.al\/index.php\/wp-json\/wp\/v2\/users\/30"}],"replies":[{"embeddable":true,"href":"https:\/\/www.hashtag.al\/index.php\/wp-json\/wp\/v2\/comments?post=374929"}],"version-history":[{"count":0,"href":"https:\/\/www.hashtag.al\/index.php\/wp-json\/wp\/v2\/posts\/374929\/revisions"}],"wp:featuredmedia":[{"embeddable":true,"href":"https:\/\/www.hashtag.al\/index.php\/wp-json\/wp\/v2\/media\/374930"}],"wp:attachment":[{"href":"https:\/\/www.hashtag.al\/index.php\/wp-json\/wp\/v2\/media?parent=374929"}],"wp:term":[{"taxonomy":"category","embeddable":true,"href":"https:\/\/www.hashtag.al\/index.php\/wp-json\/wp\/v2\/categories?post=374929"},{"taxonomy":"post_tag","embeddable":true,"href":"https:\/\/www.hashtag.al\/index.php\/wp-json\/wp\/v2\/tags?post=374929"}],"curies":[{"name":"wp","href":"https:\/\/api.w.org\/{rel}","templated":true}]}}