{"id":374926,"date":"2020-05-20T12:49:42","date_gmt":"2020-05-20T10:49:42","guid":{"rendered":"https:\/\/hashtag.al\/?p=374926"},"modified":"2020-05-20T12:52:20","modified_gmt":"2020-05-20T10:52:20","slug":"efektivet-e-arrestuar-gjate-operacionit-antidroge-lleshaj-nuk-e-meritojne-te-jene-ne-radhet-e-policise","status":"publish","type":"post","link":"https:\/\/www.hashtag.al\/index.php\/2020\/05\/20\/efektivet-e-arrestuar-gjate-operacionit-antidroge-lleshaj-nuk-e-meritojne-te-jene-ne-radhet-e-policise\/","title":{"rendered":"Efektiv\u00ebt e arrestuar gjat\u00eb operacionit antidrog\u00eb, Lleshaj: Nuk e meritojn\u00eb t\u00eb jen\u00eb n\u00eb radh\u00ebt e Policis\u00eb","gt_translate_keys":[{"key":"rendered","format":"text"}]},"content":{"rendered":"<p><a href=\"https:\/\/hashtag.al\/wp-content\/uploads\/2020\/05\/sanderlleshaj.jpeg\"><img loading=\"lazy\" decoding=\"async\" class=\"aligncenter size-full wp-image-374682\" src=\"https:\/\/hashtag.al\/wp-content\/uploads\/2020\/05\/sanderlleshaj.jpeg\" alt=\"\" width=\"1280\" height=\"854\" srcset=\"https:\/\/www.hashtag.al\/wp-content\/uploads\/2020\/05\/sanderlleshaj.jpeg 1280w, https:\/\/www.hashtag.al\/wp-content\/uploads\/2020\/05\/sanderlleshaj-300x200.jpeg 300w, https:\/\/www.hashtag.al\/wp-content\/uploads\/2020\/05\/sanderlleshaj-768x512.jpeg 768w, https:\/\/www.hashtag.al\/wp-content\/uploads\/2020\/05\/sanderlleshaj-1024x683.jpeg 1024w\" sizes=\"auto, (max-width: 1280px) 100vw, 1280px\" \/><\/a><\/p>\n<p><span style=\"color: #000000;\">Ministri i Pun\u00ebve t\u00eb Brendshme Sand\u00ebr Lleshaj ka reaguar lidhur me operacionin \u201cSh\u00ebnm\u00ebri 2020\u201d, q\u00eb u zhvillua m\u00ebngjesin e sot\u00ebm n\u00eb 5 qytete.<\/span><\/p>\n<p><span style=\"color: #000000;\">Gjat\u00eb k\u00ebtij operacioni u vun\u00eb n\u00eb pranga edhe efektiv\u00eb policie, e Lleshaj thot\u00eb se p\u00ebr efektiv\u00ebt q\u00eb p\u00ebrfshihen n\u00eb veprimtari kriminale nuk e meritojn\u00eb nderin e t\u00eb sh\u00ebrbyerit n\u00eb radh\u00ebt e saj.<\/span><\/p>\n<p><span style=\"color: #000000;\"><em>\u201cPolicia e Shtetit, SH\u00c7BA dhe Prokuroria finalizuan sot nj\u00eb operacion t\u00eb r\u00ebnd\u00ebsish\u00ebm, n\u00eb saj\u00eb t\u00eb t\u00eb cilit, krahas t\u00eb tjer\u00ebve, u arrestuan edhe dy punonj\u00ebs policie p\u00ebr p\u00ebrfshirje n\u00eb veprimtari kriminale.<\/em><\/span><\/p>\n<p><span style=\"color: #000000;\"><em>Procesi i ndarjes s\u00eb Policis\u00eb nga ata q\u00eb nuk e meritojn\u00eb nderin e t\u00eb sh\u00ebrbyerit n\u00eb radh\u00ebt e saj do t\u00eb vijoj\u00eb me rigorozitet t\u00eb plot\u00eb.<\/em><\/span><\/p>\n<p><span style=\"color: #000000;\"><em>Policia \u00ebsht\u00eb jo vet\u00ebm imazhi i drejtuesve t\u00eb saj, por edhe i vet\u00eb shoq\u00ebris\u00eb. Si e till\u00eb ajo duhet dhe do t\u00eb jet\u00eb larg kujtdo q\u00eb nuk i sh\u00ebrben me nder dhe angazhim interesit publik.<\/em><\/span><\/p>\n<p><span style=\"color: #000000;\"><em>P\u00ebrg\u00ebzime p\u00ebr k\u00ebt\u00eb operacion t\u00eb suksessh\u00ebm p\u00ebr Policin\u00eb, SH\u00c7BA dhe Prokurorin\u00eb!\u201d-<\/em> thot\u00eb Lleshaj.<\/span><\/p>\n<p><span style=\"color: #000000;\">Policia tha sot se ka arrestuar 19 persona gjat\u00eb nj\u00eb operacioni antidrog\u00eb t\u00eb shtrir\u00eb n\u00eb disa qarqe t\u00eb vendit si Kuk\u00ebs, Lezh\u00eb, Shkod\u00ebr, Tiran\u00eb dhe Gjirokast\u00ebr, me mb\u00ebshtetjen e Forcave L\u00ebviz\u00ebse Operacionale.<\/span><\/p>\n","protected":false,"gt_translate_keys":[{"key":"rendered","format":"html"}]},"excerpt":{"rendered":"<p>Ministri i Pun\u00ebve t\u00eb Brendshme Sand\u00ebr Lleshaj ka reaguar lidhur me operacionin \u201cSh\u00ebnm\u00ebri 2020\u201d, q\u00eb u zhvillua m\u00ebngjesin e sot\u00ebm n\u00eb 5 qytete. Gjat\u00eb k\u00ebtij operacioni u vun\u00eb n\u00eb pranga edhe efektiv\u00eb policie, e Lleshaj thot\u00eb se p\u00ebr efektiv\u00ebt q\u00eb p\u00ebrfshihen n\u00eb veprimtari kriminale nuk e meritojn\u00eb nderin e t\u00eb sh\u00ebrbyerit n\u00eb radh\u00ebt e saj. [&hellip;]<\/p>\n","protected":false,"gt_translate_keys":[{"key":"rendered","format":"html"}]},"author":30,"featured_media":374682,"comment_status":"open","ping_status":"open","sticky":false,"template":"","format":"standard","meta":{"footnotes":""},"categories":[65,13],"tags":[],"class_list":["post-374926","post","type-post","status-publish","format-standard","has-post-thumbnail","hentry","category-lajme","category-te-fundit"],"gt_translate_keys":[{"key":"link","format":"url"}],"_links":{"self":[{"href":"https:\/\/www.hashtag.al\/index.php\/wp-json\/wp\/v2\/posts\/374926","targetHints":{"allow":["GET"]}}],"collection":[{"href":"https:\/\/www.hashtag.al\/index.php\/wp-json\/wp\/v2\/posts"}],"about":[{"href":"https:\/\/www.hashtag.al\/index.php\/wp-json\/wp\/v2\/types\/post"}],"author":[{"embeddable":true,"href":"https:\/\/www.hashtag.al\/index.php\/wp-json\/wp\/v2\/users\/30"}],"replies":[{"embeddable":true,"href":"https:\/\/www.hashtag.al\/index.php\/wp-json\/wp\/v2\/comments?post=374926"}],"version-history":[{"count":0,"href":"https:\/\/www.hashtag.al\/index.php\/wp-json\/wp\/v2\/posts\/374926\/revisions"}],"wp:featuredmedia":[{"embeddable":true,"href":"https:\/\/www.hashtag.al\/index.php\/wp-json\/wp\/v2\/media\/374682"}],"wp:attachment":[{"href":"https:\/\/www.hashtag.al\/index.php\/wp-json\/wp\/v2\/media?parent=374926"}],"wp:term":[{"taxonomy":"category","embeddable":true,"href":"https:\/\/www.hashtag.al\/index.php\/wp-json\/wp\/v2\/categories?post=374926"},{"taxonomy":"post_tag","embeddable":true,"href":"https:\/\/www.hashtag.al\/index.php\/wp-json\/wp\/v2\/tags?post=374926"}],"curies":[{"name":"wp","href":"https:\/\/api.w.org\/{rel}","templated":true}]}}