{"id":374805,"date":"2020-05-19T22:00:55","date_gmt":"2020-05-19T20:00:55","guid":{"rendered":"https:\/\/hashtag.al\/?p=374805"},"modified":"2020-05-19T22:00:55","modified_gmt":"2020-05-19T20:00:55","slug":"alfred-peza-nuk-pa-dhune-ne-protesten-per-mbrojtjen-e-teatrit","status":"publish","type":"post","link":"https:\/\/www.hashtag.al\/index.php\/2020\/05\/19\/alfred-peza-nuk-pa-dhune-ne-protesten-per-mbrojtjen-e-teatrit\/","title":{"rendered":"Alfred Peza nuk pa dhun\u00eb n\u00eb protest\u00ebn p\u00ebr mbrojtjen e Teatrit","gt_translate_keys":[{"key":"rendered","format":"text"}]},"content":{"rendered":"<p><img loading=\"lazy\" decoding=\"async\" class=\"aligncenter size-full wp-image-374806\" src=\"https:\/\/hashtag.al\/wp-content\/uploads\/2020\/05\/peza-dhune.jpg\" alt=\"\" width=\"2000\" height=\"1000\" srcset=\"https:\/\/www.hashtag.al\/wp-content\/uploads\/2020\/05\/peza-dhune.jpg 2000w, https:\/\/www.hashtag.al\/wp-content\/uploads\/2020\/05\/peza-dhune-300x150.jpg 300w, https:\/\/www.hashtag.al\/wp-content\/uploads\/2020\/05\/peza-dhune-768x384.jpg 768w, https:\/\/www.hashtag.al\/wp-content\/uploads\/2020\/05\/peza-dhune-1024x512.jpg 1024w\" sizes=\"auto, (max-width: 2000px) 100vw, 2000px\" \/><\/p>\n<p><span style=\"color: #000000;\">Sekretari p\u00ebr Marr\u00ebdh\u00ebniet me Mediat n\u00eb Partin\u00eb Socialiste, Alfred Peza nuk ka par\u00eb dhun\u00eb n\u00eb protest\u00ebn e zhvilluar n\u00eb mbrojtjen e Teatrit Komb\u00ebtar nga shembja m\u00ebngjesin e s\u00eb diel\u00ebs.<\/span><\/p>\n<p><span style=\"color: #000000;\">K\u00ebt\u00eb deklarat\u00eb Peza e b\u00ebri n\u00eb emisionin \u201cIlvanow\u201d n\u00eb Euro News Albania i cili tha se nuk kishte dhun\u00eb nd\u00ebrsa kujtoi vitet e kaluara q\u00eb sipas tij gazetar\u00ebt dhe ai vet\u00eb q\u00ebndronin n\u00eb rr\u00ebgjim shtrati nga dhuna.<\/span><\/p>\n<p><span style=\"color: #000000;\">\u201c<em>Nuk ka pasur dhun\u00eb, e kemi p\u00ebrjetuar se \u00e7far\u00eb do t\u00eb thot\u00eb dhun\u00eb e strukturuar policore. Kemi p\u00ebrjetuar 1994, 28 majin e 1996, 1997, kam qen\u00eb pjes\u00eb e nj\u00eb redaksia q\u00eb \u00ebsht\u00eb djegur nga shteti dhe policia. Jan\u00eb shoq\u00ebruar dhjet\u00ebra her\u00eb n\u00eb polici dhe policia ka ushtruar dhun\u00eb ku kam q\u00ebndruar dhe p\u00ebr muaj t\u00eb t\u00ebr\u00eb n\u00eb regjim shtrati si rezultat i k\u00ebsaj dhune<\/em>\u201d- u shpreh Peza.<\/span><\/p>\n<p><span style=\"color: #000000;\">Ai shtoi se nuk ka pasur asnj\u00eb k\u00ebrkes\u00eb p\u00ebr referendum p\u00ebr k\u00ebt\u00eb \u00e7\u00ebshtje duke theksuar se nuk duhet t\u2019i k\u00ebrkojn\u00eb mazhoranc\u00ebs t\u00eb b\u00ebj\u00eb edhe opozit\u00ebs.<\/span><\/p>\n<p><span style=\"color: #000000;\"><em>Sipas tij nuk ka pasur asnj\u00eb k\u00ebrkes\u00eb konkrete p\u00ebr mbajtjen e nj\u00eb referendumi mbi k\u00ebt\u00eb \u00e7\u00ebshtje dhe se nuk mund t\u2019i k\u00ebrkohet mazhoranc\u00ebs q\u00eb t\u00eb b\u00ebj\u00eb dhe rolin e opozit\u00ebs.<\/em><\/span><\/p>\n<p><span style=\"color: #000000;\"><em>Mos i k\u00ebrkoni mazhoranc\u00ebs q\u00eb t\u00eb b\u00ebj\u00eb dhe opozit\u00ebn dhe t\u00eb k\u00ebrkoj\u00eb t\u00eb b\u00ebj\u00eb dhe nj\u00eb referendum. Nuk ka nj\u00eb k\u00ebrkes\u00eb p\u00ebr referendum, referendumi ishte para nj\u00eb viti, ishin zgjedhjet lokale. Mazhoranca ka qen\u00eb e vonuar n\u00eb k\u00ebt\u00eb vendim dhe shembje<\/em>\u201d- deklaroi z. Peza.<\/span><\/p>\n<p>&nbsp;<\/p>\n","protected":false,"gt_translate_keys":[{"key":"rendered","format":"html"}]},"excerpt":{"rendered":"<p>Sekretari p\u00ebr Marr\u00ebdh\u00ebniet me Mediat n\u00eb Partin\u00eb Socialiste, Alfred Peza nuk ka par\u00eb dhun\u00eb n\u00eb protest\u00ebn e zhvilluar n\u00eb mbrojtjen e Teatrit Komb\u00ebtar nga shembja m\u00ebngjesin e s\u00eb diel\u00ebs. K\u00ebt\u00eb deklarat\u00eb Peza e b\u00ebri n\u00eb emisionin \u201cIlvanow\u201d n\u00eb Euro News Albania i cili tha se nuk kishte dhun\u00eb nd\u00ebrsa kujtoi vitet e kaluara q\u00eb sipas [&hellip;]<\/p>\n","protected":false,"gt_translate_keys":[{"key":"rendered","format":"html"}]},"author":32,"featured_media":374806,"comment_status":"open","ping_status":"open","sticky":false,"template":"","format":"standard","meta":{"footnotes":""},"categories":[65,13],"tags":[],"class_list":["post-374805","post","type-post","status-publish","format-standard","has-post-thumbnail","hentry","category-lajme","category-te-fundit"],"gt_translate_keys":[{"key":"link","format":"url"}],"_links":{"self":[{"href":"https:\/\/www.hashtag.al\/index.php\/wp-json\/wp\/v2\/posts\/374805","targetHints":{"allow":["GET"]}}],"collection":[{"href":"https:\/\/www.hashtag.al\/index.php\/wp-json\/wp\/v2\/posts"}],"about":[{"href":"https:\/\/www.hashtag.al\/index.php\/wp-json\/wp\/v2\/types\/post"}],"author":[{"embeddable":true,"href":"https:\/\/www.hashtag.al\/index.php\/wp-json\/wp\/v2\/users\/32"}],"replies":[{"embeddable":true,"href":"https:\/\/www.hashtag.al\/index.php\/wp-json\/wp\/v2\/comments?post=374805"}],"version-history":[{"count":0,"href":"https:\/\/www.hashtag.al\/index.php\/wp-json\/wp\/v2\/posts\/374805\/revisions"}],"wp:featuredmedia":[{"embeddable":true,"href":"https:\/\/www.hashtag.al\/index.php\/wp-json\/wp\/v2\/media\/374806"}],"wp:attachment":[{"href":"https:\/\/www.hashtag.al\/index.php\/wp-json\/wp\/v2\/media?parent=374805"}],"wp:term":[{"taxonomy":"category","embeddable":true,"href":"https:\/\/www.hashtag.al\/index.php\/wp-json\/wp\/v2\/categories?post=374805"},{"taxonomy":"post_tag","embeddable":true,"href":"https:\/\/www.hashtag.al\/index.php\/wp-json\/wp\/v2\/tags?post=374805"}],"curies":[{"name":"wp","href":"https:\/\/api.w.org\/{rel}","templated":true}]}}