{"id":374720,"date":"2020-05-19T15:22:31","date_gmt":"2020-05-19T13:22:31","guid":{"rendered":"https:\/\/hashtag.al\/?p=374720"},"modified":"2020-05-19T15:22:43","modified_gmt":"2020-05-19T13:22:43","slug":"riatdhesimet-destinacionet-datat-dhe-oraret-e-fluturimeve-te-air-albania","status":"publish","type":"post","link":"https:\/\/www.hashtag.al\/index.php\/2020\/05\/19\/riatdhesimet-destinacionet-datat-dhe-oraret-e-fluturimeve-te-air-albania\/","title":{"rendered":"Riatdhesimet, destinacionet, datat dhe oraret e fluturimeve t\u00eb &#8220;Air Albania&#8221;","gt_translate_keys":[{"key":"rendered","format":"text"}]},"content":{"rendered":"<p><a href=\"https:\/\/hashtag.al\/index.php\/2020\/05\/19\/riatdhesimet-destinacionet-datat-dhe-oraret-e-fluturimeve-te-air-albania\/riatdhesimet-2\/\" rel=\"attachment wp-att-374727\"><img loading=\"lazy\" decoding=\"async\" class=\"aligncenter size-full wp-image-374727\" src=\"https:\/\/hashtag.al\/wp-content\/uploads\/2020\/05\/riatdhesimet.jpg\" alt=\"\" width=\"696\" height=\"522\" srcset=\"https:\/\/www.hashtag.al\/wp-content\/uploads\/2020\/05\/riatdhesimet.jpg 696w, https:\/\/www.hashtag.al\/wp-content\/uploads\/2020\/05\/riatdhesimet-300x225.jpg 300w\" sizes=\"auto, (max-width: 696px) 100vw, 696px\" \/><\/a><\/p>\n<p><span style=\"color: #000000;\">\u2018Air Albania\u2019 ka publikuar dit\u00ebt dhe oraret e fluturimeve me vende t\u00eb ndryshme t\u00eb Europ\u00ebs p\u00ebr t\u00eb riatdhesuar shqiptar\u00ebt q\u00eb duan t\u00eb kthehen n\u00eb vend apo shtetasit e rezident\u00ebt e vendeve europiane q\u00eb t\u00eb shkojn\u00eb n\u00eb vendet respektive. <\/span><\/p>\n<p><span style=\"color: #000000;\">Nga data 29 maj deri n\u00eb 3 qershor do ket\u00eb fluturime n\u00eb disa destinacione nd\u00ebrsa sipas njoftimit n\u00eb Itali fluturimet do jen\u00eb n\u00eb Rom\u00eb e Milano, n\u00eb Gjermani do jet\u00eb Frankfurti, n\u00eb Angli do jet\u00eb Londra kurse n\u00eb Turqi, Stambolli.<\/span><\/p>\n<p><a href=\"https:\/\/hashtag.al\/index.php\/2020\/05\/19\/riatdhesimet-destinacionet-datat-dhe-oraret-e-fluturimeve-te-air-albania\/airalbania-4\/\" rel=\"attachment wp-att-374721\"><img loading=\"lazy\" decoding=\"async\" class=\"aligncenter size-full wp-image-374721\" src=\"https:\/\/hashtag.al\/wp-content\/uploads\/2020\/05\/airalbania.jpg\" alt=\"\" width=\"900\" height=\"900\" srcset=\"https:\/\/www.hashtag.al\/wp-content\/uploads\/2020\/05\/airalbania.jpg 900w, https:\/\/www.hashtag.al\/wp-content\/uploads\/2020\/05\/airalbania-150x150.jpg 150w, https:\/\/www.hashtag.al\/wp-content\/uploads\/2020\/05\/airalbania-300x300.jpg 300w, https:\/\/www.hashtag.al\/wp-content\/uploads\/2020\/05\/airalbania-768x768.jpg 768w, https:\/\/www.hashtag.al\/wp-content\/uploads\/2020\/05\/airalbania-120x120.jpg 120w\" sizes=\"auto, (max-width: 900px) 100vw, 900px\" \/><\/a><\/p>\n<p><a href=\"https:\/\/hashtag.al\/index.php\/2020\/05\/19\/riatdhesimet-destinacionet-datat-dhe-oraret-e-fluturimeve-te-air-albania\/airalbania-jpg2\/\" rel=\"attachment wp-att-374722\"><img loading=\"lazy\" decoding=\"async\" class=\"aligncenter size-full wp-image-374722\" src=\"https:\/\/hashtag.al\/wp-content\/uploads\/2020\/05\/airalbania.jpg2_.jpg\" alt=\"\" width=\"900\" height=\"900\" srcset=\"https:\/\/www.hashtag.al\/wp-content\/uploads\/2020\/05\/airalbania.jpg2_.jpg 900w, https:\/\/www.hashtag.al\/wp-content\/uploads\/2020\/05\/airalbania.jpg2_-150x150.jpg 150w, https:\/\/www.hashtag.al\/wp-content\/uploads\/2020\/05\/airalbania.jpg2_-300x300.jpg 300w, https:\/\/www.hashtag.al\/wp-content\/uploads\/2020\/05\/airalbania.jpg2_-768x768.jpg 768w, https:\/\/www.hashtag.al\/wp-content\/uploads\/2020\/05\/airalbania.jpg2_-120x120.jpg 120w\" sizes=\"auto, (max-width: 900px) 100vw, 900px\" \/><\/a><\/p>\n<p><a href=\"https:\/\/hashtag.al\/index.php\/2020\/05\/19\/riatdhesimet-destinacionet-datat-dhe-oraret-e-fluturimeve-te-air-albania\/airalbania-jpg3\/\" rel=\"attachment wp-att-374723\"><img loading=\"lazy\" decoding=\"async\" class=\"aligncenter size-full wp-image-374723\" src=\"https:\/\/hashtag.al\/wp-content\/uploads\/2020\/05\/airalbania.jpg3_.jpg\" alt=\"\" width=\"900\" height=\"900\" srcset=\"https:\/\/www.hashtag.al\/wp-content\/uploads\/2020\/05\/airalbania.jpg3_.jpg 900w, https:\/\/www.hashtag.al\/wp-content\/uploads\/2020\/05\/airalbania.jpg3_-150x150.jpg 150w, https:\/\/www.hashtag.al\/wp-content\/uploads\/2020\/05\/airalbania.jpg3_-300x300.jpg 300w, https:\/\/www.hashtag.al\/wp-content\/uploads\/2020\/05\/airalbania.jpg3_-768x768.jpg 768w, https:\/\/www.hashtag.al\/wp-content\/uploads\/2020\/05\/airalbania.jpg3_-120x120.jpg 120w\" sizes=\"auto, (max-width: 900px) 100vw, 900px\" \/><\/a><\/p>\n<p><a href=\"https:\/\/hashtag.al\/index.php\/2020\/05\/19\/riatdhesimet-destinacionet-datat-dhe-oraret-e-fluturimeve-te-air-albania\/airalbania-jpg4\/\" rel=\"attachment wp-att-374724\"><img loading=\"lazy\" decoding=\"async\" class=\"aligncenter size-full wp-image-374724\" src=\"https:\/\/hashtag.al\/wp-content\/uploads\/2020\/05\/airalbania.jpg4_.jpg\" alt=\"\" width=\"900\" height=\"900\" srcset=\"https:\/\/www.hashtag.al\/wp-content\/uploads\/2020\/05\/airalbania.jpg4_.jpg 900w, https:\/\/www.hashtag.al\/wp-content\/uploads\/2020\/05\/airalbania.jpg4_-150x150.jpg 150w, https:\/\/www.hashtag.al\/wp-content\/uploads\/2020\/05\/airalbania.jpg4_-300x300.jpg 300w, https:\/\/www.hashtag.al\/wp-content\/uploads\/2020\/05\/airalbania.jpg4_-768x768.jpg 768w, https:\/\/www.hashtag.al\/wp-content\/uploads\/2020\/05\/airalbania.jpg4_-120x120.jpg 120w\" sizes=\"auto, (max-width: 900px) 100vw, 900px\" \/><\/a><\/p>\n<p><a href=\"https:\/\/hashtag.al\/index.php\/2020\/05\/19\/riatdhesimet-destinacionet-datat-dhe-oraret-e-fluturimeve-te-air-albania\/airalbania-jpg5\/\" rel=\"attachment wp-att-374725\"><img loading=\"lazy\" decoding=\"async\" class=\"aligncenter size-full wp-image-374725\" src=\"https:\/\/hashtag.al\/wp-content\/uploads\/2020\/05\/airalbania.jpg5_.jpg\" alt=\"\" width=\"900\" height=\"900\" srcset=\"https:\/\/www.hashtag.al\/wp-content\/uploads\/2020\/05\/airalbania.jpg5_.jpg 900w, https:\/\/www.hashtag.al\/wp-content\/uploads\/2020\/05\/airalbania.jpg5_-150x150.jpg 150w, https:\/\/www.hashtag.al\/wp-content\/uploads\/2020\/05\/airalbania.jpg5_-300x300.jpg 300w, https:\/\/www.hashtag.al\/wp-content\/uploads\/2020\/05\/airalbania.jpg5_-768x768.jpg 768w, https:\/\/www.hashtag.al\/wp-content\/uploads\/2020\/05\/airalbania.jpg5_-120x120.jpg 120w\" sizes=\"auto, (max-width: 900px) 100vw, 900px\" \/><\/a><\/p>\n<p><a href=\"https:\/\/hashtag.al\/index.php\/2020\/05\/19\/riatdhesimet-destinacionet-datat-dhe-oraret-e-fluturimeve-te-air-albania\/airalbania-jpg6\/\" rel=\"attachment wp-att-374726\"><img loading=\"lazy\" decoding=\"async\" class=\"aligncenter size-full wp-image-374726\" src=\"https:\/\/hashtag.al\/wp-content\/uploads\/2020\/05\/airalbania.jpg6_.jpg\" alt=\"\" width=\"900\" height=\"900\" srcset=\"https:\/\/www.hashtag.al\/wp-content\/uploads\/2020\/05\/airalbania.jpg6_.jpg 900w, https:\/\/www.hashtag.al\/wp-content\/uploads\/2020\/05\/airalbania.jpg6_-150x150.jpg 150w, https:\/\/www.hashtag.al\/wp-content\/uploads\/2020\/05\/airalbania.jpg6_-300x300.jpg 300w, https:\/\/www.hashtag.al\/wp-content\/uploads\/2020\/05\/airalbania.jpg6_-768x768.jpg 768w, https:\/\/www.hashtag.al\/wp-content\/uploads\/2020\/05\/airalbania.jpg6_-120x120.jpg 120w\" sizes=\"auto, (max-width: 900px) 100vw, 900px\" \/><\/a><\/p>\n","protected":false,"gt_translate_keys":[{"key":"rendered","format":"html"}]},"excerpt":{"rendered":"<p>\u2018Air Albania\u2019 ka publikuar dit\u00ebt dhe oraret e fluturimeve me vende t\u00eb ndryshme t\u00eb Europ\u00ebs p\u00ebr t\u00eb riatdhesuar shqiptar\u00ebt q\u00eb duan t\u00eb kthehen n\u00eb vend apo shtetasit e rezident\u00ebt e vendeve europiane q\u00eb t\u00eb shkojn\u00eb n\u00eb vendet respektive. Nga data 29 maj deri n\u00eb 3 qershor do ket\u00eb fluturime n\u00eb disa destinacione nd\u00ebrsa sipas njoftimit [&hellip;]<\/p>\n","protected":false,"gt_translate_keys":[{"key":"rendered","format":"html"}]},"author":51,"featured_media":374727,"comment_status":"open","ping_status":"open","sticky":false,"template":"","format":"standard","meta":{"footnotes":""},"categories":[65,13],"tags":[],"class_list":["post-374720","post","type-post","status-publish","format-standard","has-post-thumbnail","hentry","category-lajme","category-te-fundit"],"gt_translate_keys":[{"key":"link","format":"url"}],"_links":{"self":[{"href":"https:\/\/www.hashtag.al\/index.php\/wp-json\/wp\/v2\/posts\/374720","targetHints":{"allow":["GET"]}}],"collection":[{"href":"https:\/\/www.hashtag.al\/index.php\/wp-json\/wp\/v2\/posts"}],"about":[{"href":"https:\/\/www.hashtag.al\/index.php\/wp-json\/wp\/v2\/types\/post"}],"author":[{"embeddable":true,"href":"https:\/\/www.hashtag.al\/index.php\/wp-json\/wp\/v2\/users\/51"}],"replies":[{"embeddable":true,"href":"https:\/\/www.hashtag.al\/index.php\/wp-json\/wp\/v2\/comments?post=374720"}],"version-history":[{"count":0,"href":"https:\/\/www.hashtag.al\/index.php\/wp-json\/wp\/v2\/posts\/374720\/revisions"}],"wp:featuredmedia":[{"embeddable":true,"href":"https:\/\/www.hashtag.al\/index.php\/wp-json\/wp\/v2\/media\/374727"}],"wp:attachment":[{"href":"https:\/\/www.hashtag.al\/index.php\/wp-json\/wp\/v2\/media?parent=374720"}],"wp:term":[{"taxonomy":"category","embeddable":true,"href":"https:\/\/www.hashtag.al\/index.php\/wp-json\/wp\/v2\/categories?post=374720"},{"taxonomy":"post_tag","embeddable":true,"href":"https:\/\/www.hashtag.al\/index.php\/wp-json\/wp\/v2\/tags?post=374720"}],"curies":[{"name":"wp","href":"https:\/\/api.w.org\/{rel}","templated":true}]}}