{"id":374589,"date":"2020-05-19T08:18:42","date_gmt":"2020-05-19T06:18:42","guid":{"rendered":"https:\/\/hashtag.al\/?p=374589"},"modified":"2020-05-19T08:20:54","modified_gmt":"2020-05-19T06:20:54","slug":"revolta-e-nje-emigranti-kam-ardhur-nga-greqia-per-kete-proteste-goditjen-me-te-madhe-rama-do-e-marre-nga-ne-video","status":"publish","type":"post","link":"https:\/\/www.hashtag.al\/index.php\/2020\/05\/19\/revolta-e-nje-emigranti-kam-ardhur-nga-greqia-per-kete-proteste-goditjen-me-te-madhe-rama-do-e-marre-nga-ne-video\/","title":{"rendered":"Revolta e nj\u00eb emigranti: &#8220;Kam ardhur nga Greqia p\u00ebr k\u00ebt\u00eb protest\u00eb, goditjen m\u00eb t\u00eb madhe Rama do e marr\u00eb nga ne&#8221; (VIDEO)","gt_translate_keys":[{"key":"rendered","format":"text"}]},"content":{"rendered":"<p><a href=\"https:\/\/hashtag.al\/wp-content\/uploads\/2020\/05\/emigranti.jpg\"><img loading=\"lazy\" decoding=\"async\" class=\"aligncenter size-full wp-image-374590\" src=\"https:\/\/hashtag.al\/wp-content\/uploads\/2020\/05\/emigranti.jpg\" alt=\"\" width=\"817\" height=\"421\" srcset=\"https:\/\/www.hashtag.al\/wp-content\/uploads\/2020\/05\/emigranti.jpg 817w, https:\/\/www.hashtag.al\/wp-content\/uploads\/2020\/05\/emigranti-300x155.jpg 300w, https:\/\/www.hashtag.al\/wp-content\/uploads\/2020\/05\/emigranti-768x396.jpg 768w\" sizes=\"auto, (max-width: 817px) 100vw, 817px\" \/><\/a><\/p>\n<p><span style=\"color: #000000;\">Nj\u00eb nga personat q\u00eb mor\u00ebn pjes\u00eb dje gjat\u00eb protest\u00ebs pas shembjes s\u00eb Teatrit, ishte edhe nj\u00eb emigrant nga Greqia. Zot\u00ebria kishte ankesat e tij ndaj qeveris\u00eb Rama dhe p\u00ebr k\u00ebt\u00eb arsye kishte vendosur t\u00eb bashkohet me kauz\u00ebn e Teatrit, dhe thot\u00eb se \u00ebsht\u00eb kthyer nga Greqia pik\u00ebrisht p\u00ebr k\u00ebt\u00eb.<\/span><\/p>\n<p><span style=\"color: #000000;\">Ai kujton premtimet e kryeministrit Edi Rama p\u00ebr emigrant\u00ebt, q\u00eb dikur u thoshte se s\u2019do kishin nevoj\u00eb t\u00eb kthehen m\u00eb n\u00eb Shqip\u00ebri p\u00ebr pasaportat por se rinovimin e tyre dhe aplikimin p\u00ebr to mund ta b\u00ebnin n\u00eb konsullat\u00ebn shqiptare atje. Qytetari i irrituar thot\u00eb se si ai, shum\u00eb emigrant\u00eb t\u00eb tjer\u00eb do vijn\u00eb dhe do ta rr\u00ebzojn\u00eb qeverin\u00eb n\u00eb zgjedhjet e ardhshme. Madje thot\u00eb se kryeministri Edi Rama goditjen m\u00eb t\u00eb madhe do ta marr\u00eb pik\u00ebrisht nga emigrant\u00ebt.<\/span><\/p>\n<p><em><span style=\"color: #000000;\">\u201cKam ardhur nga Greqia tani, vet\u00ebm p\u00ebr k\u00ebt\u00eb protest\u00eb kam ardhur. Ta dish ti. Nga Greqia kam ardh. K\u00ebtij q\u00eb kur ka marr\u00eb pushtetin n\u00eb at\u00eb koh\u00eb, erdhi e na tha: \u2018Atje emigrant\u00ebt do t\u00eb keni konsullat\u00ebn, do t\u00eb merrni pashaport\u00ebn k\u00ebtu, nuk do t\u00eb vini n\u00eb Shqip\u00ebri, nuk do b\u00ebni k\u00ebt\u00eb&#8230;\u2019<\/span><\/em><\/p>\n<p><span style=\"color: #000000;\"><em>I kam \u00e7uar mesazh q\u00eb jam pa buk\u00eb e pa uj\u00eb, e u tallte n\u00eb mesazhe. Nga Greqia do vijn\u00eb edhe t\u00eb tjer\u00eb emigrant\u00eb k\u00ebtu dhe goditjen m\u00eb t\u00eb madhe ka p\u00ebr ta marr\u00eb nga emigrant\u00ebt, ky qen. Gjith\u00eb emigrant\u00ebt k\u00ebtu kan\u00eb p\u00ebr t\u00eb ardhur n\u00eb zgjedhje. Se her\u00ebn tjet\u00ebr na i ka marr\u00eb ato, na i ka vjedhur votat. Na ka ardh n\u00eb Greqi e na ka shpartalluar, duke th\u00ebn\u00eb do keni konsullat\u00ebn k\u00ebtu, do merrni pashaportat k\u00ebtu. N\u00eb zgjedhje nga emigrant\u00ebt ka p\u00ebr ta marr\u00eb goditjen m\u00eb t\u00eb madhe ai. Nga Greqia kam ardhur vet\u00ebm p\u00ebr k\u00ebt\u00eb. \u201c-<\/em> tha qytetari para kamer\u00ebs s\u00eb Fax News.<\/span><\/p>\n<p><span style=\"color: #000000;\">Ai tregoi dhe incidentin q\u00eb i kishte ndodhur vet\u00eb gjat\u00eb kthimit nga Greqia, ku polici kufitar i k\u00ebrkonte para p\u00ebr t\u2019a lejuar t\u00eb kalonte, pasi kishte dyshime se vinte vet\u00ebm p\u00ebr t\u00eb protestuar.<\/span><\/p>\n<p><span style=\"color: #000000;\"><em>\u201cM\u00eb t\u00eb poshtrat. Shkon n\u00eb dogan\u00eb, m\u00eb jep lek\u00eb thot\u00eb t\u00eb v\u00eb vul\u00ebn ose t\u00eb dal\u00ebsh atje. T\u00eb shkoj\u00eb atje t\u00eb shoh\u00eb se \u00e7a b\u00ebhet n\u00eb dogan\u00ebn e Kapshtic\u00ebs. Polici sot thoshte m\u00eb jep lek\u00ebt t\u00eb v\u00eb vul\u00ebn, nuk vinte vul\u00ebn. Se thoshte do shkosh n\u00eb miting. Ta marr\u00eb vesh se gjith\u00eb emigrant\u00ebt nga Greqia kan\u00eb p\u00ebr t\u00eb ardhur. T\u00eb zhduket nga qeveria, nuk e duam k\u00ebt\u00eb lloj qeverie pik\u00eb.\u201d-<\/em> p\u00ebrfundon emigranti.<\/span><\/p>\n<p><iframe loading=\"lazy\" title=\"Fax News - &quot;Kam ardhur nga Greqia p\u00ebr k\u00ebt\u00eb protest\u00eb, goditjen e madhe do ta marr\u00eb nga ne kjo qeveri&quot;\" width=\"1170\" height=\"658\" src=\"https:\/\/www.youtube.com\/embed\/-yFe_Ohtwcc?feature=oembed\" frameborder=\"0\" allow=\"accelerometer; autoplay; clipboard-write; encrypted-media; gyroscope; picture-in-picture\" allowfullscreen><\/iframe><\/p>\n","protected":false,"gt_translate_keys":[{"key":"rendered","format":"html"}]},"excerpt":{"rendered":"<p>Nj\u00eb nga personat q\u00eb mor\u00ebn pjes\u00eb dje gjat\u00eb protest\u00ebs pas shembjes s\u00eb Teatrit, ishte edhe nj\u00eb emigrant nga Greqia. Zot\u00ebria kishte ankesat e tij ndaj qeveris\u00eb Rama dhe p\u00ebr k\u00ebt\u00eb arsye kishte vendosur t\u00eb bashkohet me kauz\u00ebn e Teatrit, dhe thot\u00eb se \u00ebsht\u00eb kthyer nga Greqia pik\u00ebrisht p\u00ebr k\u00ebt\u00eb. Ai kujton premtimet e kryeministrit Edi [&hellip;]<\/p>\n","protected":false,"gt_translate_keys":[{"key":"rendered","format":"html"}]},"author":30,"featured_media":374590,"comment_status":"open","ping_status":"open","sticky":false,"template":"","format":"standard","meta":{"footnotes":""},"categories":[65,13],"tags":[],"class_list":["post-374589","post","type-post","status-publish","format-standard","has-post-thumbnail","hentry","category-lajme","category-te-fundit"],"gt_translate_keys":[{"key":"link","format":"url"}],"_links":{"self":[{"href":"https:\/\/www.hashtag.al\/index.php\/wp-json\/wp\/v2\/posts\/374589","targetHints":{"allow":["GET"]}}],"collection":[{"href":"https:\/\/www.hashtag.al\/index.php\/wp-json\/wp\/v2\/posts"}],"about":[{"href":"https:\/\/www.hashtag.al\/index.php\/wp-json\/wp\/v2\/types\/post"}],"author":[{"embeddable":true,"href":"https:\/\/www.hashtag.al\/index.php\/wp-json\/wp\/v2\/users\/30"}],"replies":[{"embeddable":true,"href":"https:\/\/www.hashtag.al\/index.php\/wp-json\/wp\/v2\/comments?post=374589"}],"version-history":[{"count":0,"href":"https:\/\/www.hashtag.al\/index.php\/wp-json\/wp\/v2\/posts\/374589\/revisions"}],"wp:featuredmedia":[{"embeddable":true,"href":"https:\/\/www.hashtag.al\/index.php\/wp-json\/wp\/v2\/media\/374590"}],"wp:attachment":[{"href":"https:\/\/www.hashtag.al\/index.php\/wp-json\/wp\/v2\/media?parent=374589"}],"wp:term":[{"taxonomy":"category","embeddable":true,"href":"https:\/\/www.hashtag.al\/index.php\/wp-json\/wp\/v2\/categories?post=374589"},{"taxonomy":"post_tag","embeddable":true,"href":"https:\/\/www.hashtag.al\/index.php\/wp-json\/wp\/v2\/tags?post=374589"}],"curies":[{"name":"wp","href":"https:\/\/api.w.org\/{rel}","templated":true}]}}