{"id":374575,"date":"2020-05-19T07:24:11","date_gmt":"2020-05-19T05:24:11","guid":{"rendered":"https:\/\/hashtag.al\/?p=374575"},"modified":"2020-05-19T07:28:45","modified_gmt":"2020-05-19T05:28:45","slug":"kemi-vetem-nje-koncept-a-pranoi-veliaj-se-e-ka-shembur-teatrin-pa-patur-nje-projekt-video","status":"publish","type":"post","link":"https:\/\/www.hashtag.al\/index.php\/2020\/05\/19\/kemi-vetem-nje-koncept-a-pranoi-veliaj-se-e-ka-shembur-teatrin-pa-patur-nje-projekt-video\/","title":{"rendered":"&#8220;Kemi vet\u00ebm nj\u00eb koncept&#8221;- A pranoi Veliaj se e ka shembur Teatrin pa patur nj\u00eb projekt? (VIDEO)","gt_translate_keys":[{"key":"rendered","format":"text"}]},"content":{"rendered":"<p><a href=\"https:\/\/hashtag.al\/wp-content\/uploads\/2020\/05\/Veliaj-1.jpg\"><img loading=\"lazy\" decoding=\"async\" class=\"aligncenter size-full wp-image-374576\" src=\"https:\/\/hashtag.al\/wp-content\/uploads\/2020\/05\/Veliaj-1.jpg\" alt=\"\" width=\"881\" height=\"430\" srcset=\"https:\/\/www.hashtag.al\/wp-content\/uploads\/2020\/05\/Veliaj-1.jpg 881w, https:\/\/www.hashtag.al\/wp-content\/uploads\/2020\/05\/Veliaj-1-300x146.jpg 300w, https:\/\/www.hashtag.al\/wp-content\/uploads\/2020\/05\/Veliaj-1-768x375.jpg 768w\" sizes=\"auto, (max-width: 881px) 100vw, 881px\" \/><\/a><\/p>\n<p><span style=\"color: #000000;\">Kryeministri Edi Rama dhe bashkia e Tiran\u00ebs kan\u00eb publikuar projektin e Teatrit t\u00eb Ri, duke e paraqitur si projektin final. Por mesa duket ky nuk \u00ebsht\u00eb rasti dhe godina e Teatrit Komb\u00ebtar \u00ebsht\u00eb shembur pa patur nj\u00eb projekt t\u00eb finalizuar, pa hapur nj\u00eb procedur\u00eb tenderimi dhe pa ditur ende se cili do jet\u00eb buxheti q\u00eb do t\u00eb shpenzohet p\u00ebr godin\u00ebn e re.<\/span><\/p>\n<p><span style=\"color: #000000;\">Kjo doli n\u00eb pah gjat\u00eb intervist\u00ebs s\u00eb kryebashkiakut t\u00eb Tiran\u00ebs Erion Veliaj, me gazetarin Blendi Fevziu.<\/span><\/p>\n<p><span style=\"color: #000000;\">Veliaj n\u00eb fillim pranoi se Teatri Komb\u00ebtar se projektin e arkitektit Bjarke Ingels e ka paguar nj\u00eb privat.<\/span><\/p>\n<p><span style=\"color: #000000;\">Pastaj tha se privati mund t\u2019a falte projektin q\u00eb kishte paguar, por po qe nevoja edhe mund t\u2019ja blinin atij k\u00ebt\u00eb. Pastaj tha se do t\u00eb kishte tender nd\u00ebrkomb\u00ebtar, por p\u00ebr detajimin e projektit t\u00eb detajuar nga Ingels me t\u00eb cilin pasi sqaroi se bashkia po negocionte me t\u00eb p\u00ebr ndryshimin e projektit.<\/span><\/p>\n<p><span style=\"color: #000000;\">N\u00eb fund Veliaj tha se ky nuk ishte nj\u00eb projekt, por koncep i nj\u00eb projekti.<\/span><\/p>\n<p><span style=\"color: #000000;\"><strong>INTERVISTA<\/strong><\/span><\/p>\n<p><strong><span style=\"color: #000000;\">Projektin e ri q\u00eb prezantuat, kush e ka b\u00ebr\u00eb?<\/span><\/strong><\/p>\n<p><span style=\"color: #000000;\">Bjarke Ingels.<\/span><\/p>\n<p><strong><span style=\"color: #000000;\">Kush e ka paguar projektin?<\/span><\/strong><\/p>\n<p><span style=\"color: #000000;\">E ka paguar kompania q\u00eb solli propozimin.<\/span><\/p>\n<p><strong><span style=\"color: #000000;\">Po n\u00ebse jo doni t\u00eb nd\u00ebrtoni nj\u00eb vep\u00ebr publike sipas ligjit mbi nj\u00eb vler\u00eb t\u00eb caktuar jeni t\u00eb\u00a0detyruar t\u00eb beni konkurs nd\u00ebrkomb\u00ebtar\u2026 Ky nuk \u00ebsht\u00eb konkurs\u2026<\/span><\/strong><\/p>\n<p><span style=\"color: #000000;\">Patjet\u00ebr q\u00eb ne do t\u00eb b\u00ebjm\u00eb konkurs mbi t\u00eb gjitha m\u00ebnyrat se si do t\u00eb detajohet projekti dhe mund t\u00eb ket\u00eb ndryshime.<\/span><\/p>\n<p><strong><span style=\"color: #000000;\">Ky projekt nuk do t\u00eb l\u00ebviz\u00eb?<\/span><\/strong><\/p>\n<p><span style=\"color: #000000;\">N\u00ebse ky projekt do t\u00eb arrij\u00eb t\u00eb detajohet me nj\u00eb kosto t\u00eb pranueshme nga bashkia\u2026<\/span><\/p>\n<p><strong><span style=\"color: #000000;\">Po ju e prezantuat si projektin final dhe q\u00eb do t\u00eb b\u00ebhet nd\u00ebrkoh\u00eb q\u00eb nuk qenka b\u00ebr\u00eb as tenderi dhe nuk \u00ebsht\u00eb paguar nga ju. Nuk \u00ebsht\u00eb paguary nga shteti, por \u00ebsht\u00eb paguar nga privati. Ju lejohet juve t\u00eb merrni nj\u00eb projekt t\u00eb paguar nga privati?<\/span><\/strong><\/p>\n<p><span style=\"color: #000000;\">Patjet\u00ebr. Ka plot q\u00eb dhurojn\u00eb projekte p\u00ebr bashkin\u00eb e Tiran\u00ebs dhe p\u00ebr \u00e7do bashki t\u00eb Shqip\u00ebris\u00eb. N\u00eb konsultim me arkitektin n\u00ebse ata pranojn\u00eb q\u00eb ne t\u00eb b\u00ebjm\u00eb k\u00ebt\u00eb bashk\u00ebpunim p\u00ebr detajimin dhe besoj q\u00eb\u2026<\/span><\/p>\n<p><strong><span style=\"color: #000000;\">Pra do ket\u00eb nj\u00eb konkurs tjet\u00ebr p\u00ebr godin\u00ebn e re?<\/span><\/strong><\/p>\n<p><span style=\"color: #000000;\">Kemi vet\u00ebm nj\u00eb koncept.<\/span><\/p>\n<p><strong><span style=\"color: #000000;\">Po k\u00ebrkoni arkitekt\u00eb t\u00eb tjer\u00eb t\u00eb zhvillojn\u00eb iden\u00eb e nj\u00eb tjet\u00ebr arkitekti?<\/span><\/strong><\/p>\n<p><span style=\"color: #000000;\">Ka plot raste kur nj\u00eb ushtri\u2026 e para do t\u00eb jen\u00eb disa studio arkitekturore\u2026<\/span><\/p>\n<p><strong><span style=\"color: #000000;\">Pra mund t\u00eb mos jet\u00eb ky projekti final?<\/span><\/strong><\/p>\n<p><span style=\"color: #000000;\">Projekt-ideja \u00ebsht\u00eb kjo. \u00cbsht\u00eb aprovuar dhe ka marr\u00eb OK nga K\u00ebshilli Bashkiak. Ajo q\u00eb do t\u00eb ndodh\u00eb \u00ebsht\u00eb detajimi q\u00eb do t\u00eb thot\u00eb se kemi disa negociata me artist\u00ebt q\u00eb disa thon\u00eb \u201cblack box\u201d-et i duam pak m\u00eb t\u00eb vogla disa thon\u00eb m\u00eb t\u00eb m\u00ebdhenj. Po flasim pak p\u00ebr akustik\u00ebn\u2026<\/span><\/p>\n<p><span style=\"color: #000000;\">Nuk po flas p\u00ebr keto, por po flas p\u00ebr projektin. Projekti ka nj\u00eb kosto q\u00eb e ka paguar nj\u00eb privat p\u00ebr llogari t\u00eb bashkis\u00eb?<\/span><\/p>\n<p><span style=\"color: #000000;\">Dhe n\u00ebse do t\u00eb duhet do ta blejm\u00eb at\u00eb.<\/span><\/p>\n<p><strong><span style=\"color: #000000;\">Pra ju do t\u00eb shpenzoni rreth 30 milion\u00eb euro pa b\u00ebr\u00eb nj\u00eb tender dhe me nj\u00eb projekt t\u00eb paracaktuar?<\/span><\/strong><\/p>\n<p><span style=\"color: #000000;\">Patjet\u00ebr q\u00eb do t\u00eb b\u00ebjm\u00eb nj\u00eb gar\u00eb p\u00ebr detajimin e projektit dhe pastaj do t\u00eb b\u00ebjm\u00eb nj\u00eb gar\u00eb p\u00ebr kontraktimin si\u00e7 ndodh n\u00eb \u00e7do procedur\u00eb.<\/span><\/p>\n<p><strong><span style=\"color: #000000;\">\u00cbsht\u00eb kjo procedura e sakt\u00eb?<\/span><\/strong><\/p>\n<p><span style=\"color: #000000;\">\u00cbsht\u00eb ekzakt\u00ebsisht procedura e sakt\u00eb.\u00a0<\/span><\/p>\n<div style=\"width: 640px;\" class=\"wp-video\"><video class=\"wp-video-shortcode\" id=\"video-374575-1\" width=\"640\" height=\"368\" preload=\"metadata\" controls=\"controls\"><source type=\"video\/mp4\" src=\"https:\/\/hashtag.al\/wp-content\/uploads\/2020\/05\/vlc-record-2020-05-19-19h25m03s-10000000_279409299905363_566159771012362692_n.mp4-.mp4?_=1\" \/><a href=\"https:\/\/hashtag.al\/wp-content\/uploads\/2020\/05\/vlc-record-2020-05-19-19h25m03s-10000000_279409299905363_566159771012362692_n.mp4-.mp4\">https:\/\/hashtag.al\/wp-content\/uploads\/2020\/05\/vlc-record-2020-05-19-19h25m03s-10000000_279409299905363_566159771012362692_n.mp4-.mp4<\/a><\/video><\/div>\n","protected":false,"gt_translate_keys":[{"key":"rendered","format":"html"}]},"excerpt":{"rendered":"<p>Kryeministri Edi Rama dhe bashkia e Tiran\u00ebs kan\u00eb publikuar projektin e Teatrit t\u00eb Ri, duke e paraqitur si projektin final. Por mesa duket ky nuk \u00ebsht\u00eb rasti dhe godina e Teatrit Komb\u00ebtar \u00ebsht\u00eb shembur pa patur nj\u00eb projekt t\u00eb finalizuar, pa hapur nj\u00eb procedur\u00eb tenderimi dhe pa ditur ende se cili do jet\u00eb buxheti q\u00eb [&hellip;]<\/p>\n","protected":false,"gt_translate_keys":[{"key":"rendered","format":"html"}]},"author":30,"featured_media":374576,"comment_status":"open","ping_status":"open","sticky":false,"template":"","format":"standard","meta":{"footnotes":""},"categories":[65,13],"tags":[],"class_list":["post-374575","post","type-post","status-publish","format-standard","has-post-thumbnail","hentry","category-lajme","category-te-fundit"],"gt_translate_keys":[{"key":"link","format":"url"}],"_links":{"self":[{"href":"https:\/\/www.hashtag.al\/index.php\/wp-json\/wp\/v2\/posts\/374575","targetHints":{"allow":["GET"]}}],"collection":[{"href":"https:\/\/www.hashtag.al\/index.php\/wp-json\/wp\/v2\/posts"}],"about":[{"href":"https:\/\/www.hashtag.al\/index.php\/wp-json\/wp\/v2\/types\/post"}],"author":[{"embeddable":true,"href":"https:\/\/www.hashtag.al\/index.php\/wp-json\/wp\/v2\/users\/30"}],"replies":[{"embeddable":true,"href":"https:\/\/www.hashtag.al\/index.php\/wp-json\/wp\/v2\/comments?post=374575"}],"version-history":[{"count":0,"href":"https:\/\/www.hashtag.al\/index.php\/wp-json\/wp\/v2\/posts\/374575\/revisions"}],"wp:featuredmedia":[{"embeddable":true,"href":"https:\/\/www.hashtag.al\/index.php\/wp-json\/wp\/v2\/media\/374576"}],"wp:attachment":[{"href":"https:\/\/www.hashtag.al\/index.php\/wp-json\/wp\/v2\/media?parent=374575"}],"wp:term":[{"taxonomy":"category","embeddable":true,"href":"https:\/\/www.hashtag.al\/index.php\/wp-json\/wp\/v2\/categories?post=374575"},{"taxonomy":"post_tag","embeddable":true,"href":"https:\/\/www.hashtag.al\/index.php\/wp-json\/wp\/v2\/tags?post=374575"}],"curies":[{"name":"wp","href":"https:\/\/api.w.org\/{rel}","templated":true}]}}