{"id":374471,"date":"2020-05-18T16:22:28","date_gmt":"2020-05-18T14:22:28","guid":{"rendered":"https:\/\/hashtag.al\/?p=374471"},"modified":"2020-05-18T16:22:39","modified_gmt":"2020-05-18T14:22:39","slug":"budina-thirrje-qytetareve-te-protestojme-kunder-ketij-shteti-kriminal","status":"publish","type":"post","link":"https:\/\/www.hashtag.al\/index.php\/2020\/05\/18\/budina-thirrje-qytetareve-te-protestojme-kunder-ketij-shteti-kriminal\/","title":{"rendered":"Budina thirrje qytetar\u00ebve: T\u00eb protestojm\u00eb kund\u00ebr k\u00ebtij shteti kriminal","gt_translate_keys":[{"key":"rendered","format":"text"}]},"content":{"rendered":"<p><a href=\"https:\/\/hashtag.al\/index.php\/2020\/05\/18\/budina-thirrje-qytetareve-te-protestojme-kunder-ketij-shteti-kriminal\/budina-6\/\" rel=\"attachment wp-att-374472\"><img loading=\"lazy\" decoding=\"async\" class=\"aligncenter wp-image-374472 size-full\" src=\"https:\/\/hashtag.al\/wp-content\/uploads\/2020\/05\/budina-e1589811701546.jpg\" alt=\"\" width=\"1030\" height=\"480\" srcset=\"https:\/\/www.hashtag.al\/wp-content\/uploads\/2020\/05\/budina-e1589811701546.jpg 1030w, https:\/\/www.hashtag.al\/wp-content\/uploads\/2020\/05\/budina-e1589811701546-300x140.jpg 300w, https:\/\/www.hashtag.al\/wp-content\/uploads\/2020\/05\/budina-e1589811701546-768x358.jpg 768w, https:\/\/www.hashtag.al\/wp-content\/uploads\/2020\/05\/budina-e1589811701546-1024x477.jpg 1024w\" sizes=\"auto, (max-width: 1030px) 100vw, 1030px\" \/><\/a><\/p>\n<p><span style=\"color: #000000;\">Regjisori Edmond Budina, nj\u00eb nga aktivist\u00ebt e Aleanc\u00ebs p\u00ebr Mbrojtjen e Teatrit u ka b\u00ebr\u00eb thirrje qytetar\u00ebve q\u00eb t\u00eb bashkohen n\u00eb protest\u00ebn e dit\u00ebs s\u00eb sotme nd\u00ebrsa tha se qytetar\u00ebt q\u00eb nuk mund t\u00eb vijn\u00eb n\u00eb Tiran\u00eb t\u00eb protestojn\u00eb n\u00eb qytetet e tyre. <\/span><\/p>\n<p><span style=\"color: #000000;\">Ai tha se policia e bashkia shkuan te Teatri Komb\u00ebtar p\u00ebr t\u00eb vrar\u00eb personat q\u00eb ishin aty nd\u00ebrsa e cil\u00ebsoi si kriminale sjelljen e tyre.<\/span><\/p>\n<p><span style=\"color: #000000;\"><em>\u201cNe kemi treguar shum\u00eb qytetari n\u00eb dy vite e gjysm\u00eb, nd\u00ebrsa ata erdh\u00ebn p\u00ebr t\u00eb na vrar\u00eb. Mij\u00ebra force policie p\u00ebr 50 veta? \u00cbsht\u00eb nj\u00eb m\u00ebnyr\u00eb kriminale, me t\u00eb cil\u00ebn ata sillen ndaj kultur\u00ebs s\u00eb tyre. Ai teat\u00ebr ishte i t\u00eb gjith\u00eb qytetar\u00ebve t\u00eb Tiran\u00ebs, edhe i atyre q\u00eb nuk jan\u00eb m\u00eb. P\u00ebr ne \u00ebsht\u00eb i mir\u00ebpritur kushdo q\u00eb ngrihet. N\u00ebse partit\u00eb duan t\u00eb na bashkohen, bujrum le t\u00eb vijn\u00eb, n\u00ebse nuk duan, n\u00eb djall vafshin. Un\u00eb nuk kam nd\u00ebrmend t\u00eb b\u00ebj parti politike, por l\u00ebvizja duhet t\u00eb filloj\u00eb n\u00eb mbar\u00eb vendin, sepse politika po sjell shum\u00eb d\u00ebm. Politikan\u00ebt shqiptar\u00eb jan\u00eb t\u00eb paskrupuj dhe marrin vendime edhe n\u00eb d\u00ebm t\u00eb kombit. Ne jemi nj\u00eb l\u00ebvizje qytetare q\u00eb do vazhdojm\u00eb t\u00eb p\u00ebrkrahim qytetar\u00ebt.\u201d<\/em> \u2013 tha Budina.<\/span><\/p>\n<p><span style=\"color: #000000;\">Lidhur me teatrin Budina tha se mb\u00ebshtet rind\u00ebrtimin e Teatrit Komb\u00ebtar ashtu si\u00e7 ka qen\u00eb por me parametra modern\u00eb. <\/span><\/p>\n<p><span style=\"color: #000000;\">Ai tha gjat\u00eb intervist\u00ebs p\u00ebr News24, se Rama po e p\u00ebrdor pandemin\u00eb Covid-19 p\u00ebr t\u00eb penguar njer\u00ebzit t\u00eb protestojn\u00eb.<\/span><\/p>\n<p><span style=\"color: #000000;\"><em>\u201cUn\u00eb do insistoj deri n\u00eb fund q\u00eb teatri t\u00eb nd\u00ebrtohet ashtu si\u00e7 ishte, por me parametra modern. Do ja k\u00ebrkojm\u00eb edhe \u201cEuropa Nostra\u201d, pasi ai teat\u00ebr duhet t\u00eb ngrihet aty, ashtu si\u00e7 ishte. Dhe nj\u00eb teat\u00ebr i ri le t\u00eb nd\u00ebrtohet diku tjet\u00ebr. Ata kan\u00eb b\u00ebr\u00eb krim, n\u00eb zhdukjen e kultur\u00ebs dhe kujtes\u00ebs komb\u00ebtare, por edhe duke mbuluar gj\u00ebra t\u00eb tjera. Hajdut\u00ebrit jan\u00eb n\u00eb funksion. Ne e kemi respektuar k\u00ebt\u00eb teat\u00ebr, sepse e kemi dashur. Rastin e koronavirusit ai po e p\u00ebrdor pik\u00ebrisht q\u00eb njer\u00ebzit t\u00eb mos vijn\u00eb. Megjithat\u00eb, edhe n\u00ebse s\u2019i l\u00ebn\u00eb k\u00ebtu, t\u00eb ngrihen n\u00eb qytetet e tyre, kudo q\u00eb jan\u00eb, t\u00eb mos i binden k\u00ebtij shteti kriminal, q\u00eb nuk lejon qytetar\u00ebt e saj t\u00eb ngren\u00eb z\u00ebrin.\u201d<\/em> \u2013 shtoi Budina gjat\u00eb intervist\u00ebs.<\/span><\/p>\n<p><span style=\"color: #000000;\">Ai theksoi gjitashtu se \u00ebsht\u00eb ndjer\u00eb i tradh\u00ebtuar nga ana artist\u00eb q\u00eb kan\u00eb firmosur p\u00ebr prishjen e teatrit ose q\u00eb kan\u00eb heshtur kur dihej se ajo ishte nj\u00eb afer\u00eb korruptive.<\/span><\/p>\n","protected":false,"gt_translate_keys":[{"key":"rendered","format":"html"}]},"excerpt":{"rendered":"<p>Regjisori Edmond Budina, nj\u00eb nga aktivist\u00ebt e Aleanc\u00ebs p\u00ebr Mbrojtjen e Teatrit u ka b\u00ebr\u00eb thirrje qytetar\u00ebve q\u00eb t\u00eb bashkohen n\u00eb protest\u00ebn e dit\u00ebs s\u00eb sotme nd\u00ebrsa tha se qytetar\u00ebt q\u00eb nuk mund t\u00eb vijn\u00eb n\u00eb Tiran\u00eb t\u00eb protestojn\u00eb n\u00eb qytetet e tyre. Ai tha se policia e bashkia shkuan te Teatri Komb\u00ebtar p\u00ebr t\u00eb [&hellip;]<\/p>\n","protected":false,"gt_translate_keys":[{"key":"rendered","format":"html"}]},"author":51,"featured_media":374472,"comment_status":"open","ping_status":"open","sticky":false,"template":"","format":"standard","meta":{"footnotes":""},"categories":[65,13],"tags":[],"class_list":["post-374471","post","type-post","status-publish","format-standard","has-post-thumbnail","hentry","category-lajme","category-te-fundit"],"gt_translate_keys":[{"key":"link","format":"url"}],"_links":{"self":[{"href":"https:\/\/www.hashtag.al\/index.php\/wp-json\/wp\/v2\/posts\/374471","targetHints":{"allow":["GET"]}}],"collection":[{"href":"https:\/\/www.hashtag.al\/index.php\/wp-json\/wp\/v2\/posts"}],"about":[{"href":"https:\/\/www.hashtag.al\/index.php\/wp-json\/wp\/v2\/types\/post"}],"author":[{"embeddable":true,"href":"https:\/\/www.hashtag.al\/index.php\/wp-json\/wp\/v2\/users\/51"}],"replies":[{"embeddable":true,"href":"https:\/\/www.hashtag.al\/index.php\/wp-json\/wp\/v2\/comments?post=374471"}],"version-history":[{"count":0,"href":"https:\/\/www.hashtag.al\/index.php\/wp-json\/wp\/v2\/posts\/374471\/revisions"}],"wp:featuredmedia":[{"embeddable":true,"href":"https:\/\/www.hashtag.al\/index.php\/wp-json\/wp\/v2\/media\/374472"}],"wp:attachment":[{"href":"https:\/\/www.hashtag.al\/index.php\/wp-json\/wp\/v2\/media?parent=374471"}],"wp:term":[{"taxonomy":"category","embeddable":true,"href":"https:\/\/www.hashtag.al\/index.php\/wp-json\/wp\/v2\/categories?post=374471"},{"taxonomy":"post_tag","embeddable":true,"href":"https:\/\/www.hashtag.al\/index.php\/wp-json\/wp\/v2\/tags?post=374471"}],"curies":[{"name":"wp","href":"https:\/\/api.w.org\/{rel}","templated":true}]}}