{"id":374422,"date":"2020-05-18T10:52:04","date_gmt":"2020-05-18T08:52:04","guid":{"rendered":"https:\/\/hashtag.al\/?p=374422"},"modified":"2020-05-18T11:00:11","modified_gmt":"2020-05-18T09:00:11","slug":"na-gjuajten-me-shkopinj-policia-thote-se-dje-u-plagosen-7-efektive-por-asnje-informacion-per-protestuesit-e-lenduar","status":"publish","type":"post","link":"https:\/\/www.hashtag.al\/index.php\/2020\/05\/18\/na-gjuajten-me-shkopinj-policia-thote-se-dje-u-plagosen-7-efektive-por-asnje-informacion-per-protestuesit-e-lenduar\/","title":{"rendered":"&#8220;Na gjuajt\u00ebn me shkopinj&#8221; &#8211; Policia thot\u00eb se dje u plagos\u00ebn 7 efektiv\u00eb, por asnj\u00eb informacion p\u00ebr protestuesit e l\u00ebnduar","gt_translate_keys":[{"key":"rendered","format":"text"}]},"content":{"rendered":"<p><span style=\"color: #000000;\"><a style=\"color: #000000;\" href=\"https:\/\/hashtag.al\/wp-content\/uploads\/2020\/05\/dhuna-e-policise.jpg\"><img loading=\"lazy\" decoding=\"async\" class=\"aligncenter size-full wp-image-374423\" src=\"https:\/\/hashtag.al\/wp-content\/uploads\/2020\/05\/dhuna-e-policise.jpg\" alt=\"\" width=\"548\" height=\"379\" srcset=\"https:\/\/www.hashtag.al\/wp-content\/uploads\/2020\/05\/dhuna-e-policise.jpg 548w, https:\/\/www.hashtag.al\/wp-content\/uploads\/2020\/05\/dhuna-e-policise-300x207.jpg 300w\" sizes=\"auto, (max-width: 548px) 100vw, 548px\" \/><\/a><\/span><\/p>\n<p><span style=\"color: #000000;\">Nj\u00eb dit\u00eb pasi u shemb godina e Teatrit Komb\u00ebtar, policia thot\u00eb se ka arrestuar 7 persona.<\/span><\/p>\n<p><span style=\"color: #000000;\">Ata akuzohen p\u00ebr kund\u00ebrshtim t\u00eb forcave t\u00eb rendit dhe pjes\u00ebmarrje n\u00eb grumbullime t\u00eb paligjshme.<\/span><\/p>\n<p><span style=\"color: #000000;\">Protestuesit e arrestuar jan\u00eb: Bolken Abazi, Kastriot Qemaj, Sokol Ndoj, Romeo Lila, Endrit Mertiri, Burim Tafilica, Edjon Xhoxhaj.<\/span><\/p>\n<p><span style=\"color: #000000;\">Boiken Abazi \u00ebsht\u00eb kreu i Vet\u00ebvendosjes n\u00eb Tiran\u00eb. Policia thot\u00eb gjithashtu se 7 polic\u00eb kan\u00eb mbetur t\u00eb plagosur gjat\u00eb p\u00ebrplasjes por nuk jep informacione mbi protestuesit e l\u00ebnduar. <\/span><\/p>\n<p><span style=\"color: #000000;\">Videot nga protesta e djeshme kan\u00eb treguar grumbuj polic\u00ebsh q\u00eb ushtronin dhun\u00eb dhe merrnin zvarr\u00eb protestues, burra e gra, djem e vajza. Por policia thot\u00eb se jan\u00eb protestuesit q\u00eb kan\u00eb ushtruar dhun\u00eb.<\/span><\/p>\n<p><span style=\"color: #000000;\">N\u00eb total jan\u00eb 64 persona t\u00eb cil\u00ebt jan\u00eb shoq\u00ebruar n\u00eb komisariat, por vet\u00ebm 21 prej tyre u proceduan penalisht.\u00a0<\/span><\/p>\n<p><span style=\"color: #000000;\"><strong>NJOFTIMI I POLICIS\u00cb<\/strong><\/span><\/p>\n<p><span style=\"color: #000000;\">Forcat e Policis\u00eb s\u00eb Shtetit, q\u00eb prej or\u00ebve t\u00eb para t\u00eb m\u00ebngjesit t\u00eb dat\u00ebs 17 maj 2020, me k\u00ebrkes\u00eb nga Inspektoriati i Mbrojtjes se Territorit i Bashkis\u00eb Tiran\u00eb, vijojn\u00eb t\u00eb jen\u00eb n\u00eb mb\u00ebshtetje t\u00eb aksionit p\u00ebr zbatimin e vendimit t\u00eb K\u00ebshillit Bashkiak t\u00eb Tiran\u00ebs, p\u00ebr shembjen e godin\u00ebs s\u00eb Teatrit Komb\u00ebtar, p\u00ebr t\u2019i hapur rrug\u00eb projektit t\u00eb ri p\u00ebr rind\u00ebrtimin e tij.<\/span><\/p>\n<p><span style=\"color: #000000;\">Gjat\u00eb kryerjes s\u00eb detyr\u00ebs, forcat e Policis\u00eb jan\u00eb kund\u00ebrshtuar me dhun\u00eb nga persona q\u00eb ishin grumbulluar p\u00ebr t\u00eb mos lejuar prishjen e godin\u00ebs, duke tentuar q\u00eb t\u00eb pengonin autoritetet n\u00eb zbatimin e vendimit.<\/span><\/p>\n<p><span style=\"color: #000000;\">Disa persona nga radh\u00ebt e tubuesve kan\u00eb q\u00eblluar her\u00eb pas her\u00eb n\u00eb drejtim t\u00eb forcave t\u00eb Policis\u00eb, me sende t\u00eb forta dhe shkopinj, duke l\u00ebnduar 7 punonj\u00ebs policie n\u00eb detyr\u00eb. Punonj\u00ebsit e l\u00ebnduar jan\u00eb efektiv\u00eb t\u00eb Patrullave t\u00eb P\u00ebrgjithshme dhe t\u00eb forc\u00ebs s\u00eb posa\u00e7me \u201cShqiponja\u201d. Ata kan\u00eb marr\u00eb ndihm\u00ebn e par\u00eb n\u00eb spitalin e Traum\u00ebs dhe spitalin \u201cN\u00ebn\u00eb Tereza\u201d dhe jan\u00eb jasht\u00eb rrezikut p\u00ebr jet\u00ebn.<\/span><\/p>\n<p><span style=\"color: #000000;\">Sh\u00ebrbimet e Policis\u00eb kan\u00eb shoq\u00ebruar n\u00eb ambientet e Policis\u00eb 64 persona, p\u00ebr veprime arbitrare dhe kund\u00ebrshtim me forc\u00eb t\u00eb forcave t\u00eb rendit n\u00eb detyr\u00eb.<\/span><\/p>\n<p><span style=\"color: #000000;\">N\u00eb p\u00ebrfundim t\u00eb veprimeve t\u00eb kryera, specialist\u00ebt p\u00ebr Hetimin e Krimit n\u00eb Komisariatet e Policis\u00eb Nr. 1 dhe Nr. 3, arrestuan n\u00eb flagranc\u00eb p\u00ebr veprat penale \u201cKund\u00ebrshtim me dhun\u00eb i punonj\u00ebsit t\u00eb policis\u00eb s\u00eb rendit publik\u201d dhe \u201cPjes\u00ebmarrja n\u00eb grumbullime t\u00eb paligjshme\u201d, 7 shtetas:<\/span><\/p>\n<ol>\n<li><span style=\"color: #000000;\">A., 38 vje\u00e7;<\/span><br \/>\n<span style=\"color: #000000;\">K. Q., 37 vje\u00e7;<\/span><br \/>\n<span style=\"color: #000000;\">S. N., 35 vje\u00e7;<\/span><br \/>\n<span style=\"color: #000000;\">R. L., 35 vje\u00e7;<\/span><br \/>\n<span style=\"color: #000000;\">E. M., 33 vje\u00e7,<\/span><br \/>\n<span style=\"color: #000000;\">B. T., 30 vje\u00e7;<\/span><br \/>\n<span style=\"color: #000000;\">E. Xh., 33 vje\u00e7.<\/span><\/li>\n<\/ol>\n<p><span style=\"color: #000000;\">U proceduan n\u00eb gjendje t\u00eb lir\u00eb p\u00ebr vepr\u00ebn penale \u201cPjes\u00ebmarrja n\u00eb grumbullime t\u00eb paligjshme\u201d, 21 shtetas.<\/span><\/p>\n<p><span style=\"color: #000000;\">P\u00ebr 36 persona t\u00eb tjer\u00eb q\u00eb ishin t\u00eb shoq\u00ebruar n\u00eb ambientet e Komisariateve u mor mas\u00eb administrative n\u00eb zbatim t\u00eb Aktit Normativ p\u00ebr marrjen e masave t\u00eb ve\u00e7anta kufizuese, me q\u00ebllim parandalimin e p\u00ebrhapjes s\u00eb COVID-19.<\/span><\/p>\n<p><span style=\"color: #000000;\">Policia e Shtetit apelon p\u00ebr organizator\u00ebt dhe pjes\u00ebmarr\u00ebsit n\u00eb tubim, se grumbullime t\u00eb tilla jan\u00eb n\u00eb kund\u00ebrshtim t\u00eb plot\u00eb me ligjin dhe Aktin normativ duke u shnd\u00ebrruar n\u00eb nj\u00eb rrezik potencial p\u00ebr p\u00ebrhapjen e infeksionit COIVD-19, pasi Tirana \u00ebsht\u00eb ende nj\u00eb zon\u00eb e kuqe n\u00eb hart\u00ebn epidemiologjike t\u00eb vendit.<\/span><\/p>\n<div style=\"width: 640px;\" class=\"wp-video\"><video class=\"wp-video-shortcode\" id=\"video-374422-1\" width=\"640\" height=\"360\" preload=\"metadata\" controls=\"controls\"><source type=\"video\/mp4\" src=\"https:\/\/hashtag.al\/wp-content\/uploads\/2020\/05\/98207722_697287291039537_7722897615687679335_n.mp4?_=1\" \/><a href=\"https:\/\/hashtag.al\/wp-content\/uploads\/2020\/05\/98207722_697287291039537_7722897615687679335_n.mp4\">https:\/\/hashtag.al\/wp-content\/uploads\/2020\/05\/98207722_697287291039537_7722897615687679335_n.mp4<\/a><\/video><\/div>\n","protected":false,"gt_translate_keys":[{"key":"rendered","format":"html"}]},"excerpt":{"rendered":"<p>Nj\u00eb dit\u00eb pasi u shemb godina e Teatrit Komb\u00ebtar, policia thot\u00eb se ka arrestuar 7 persona. Ata akuzohen p\u00ebr kund\u00ebrshtim t\u00eb forcave t\u00eb rendit dhe pjes\u00ebmarrje n\u00eb grumbullime t\u00eb paligjshme. Protestuesit e arrestuar jan\u00eb: Bolken Abazi, Kastriot Qemaj, Sokol Ndoj, Romeo Lila, Endrit Mertiri, Burim Tafilica, Edjon Xhoxhaj. Boiken Abazi \u00ebsht\u00eb kreu i Vet\u00ebvendosjes n\u00eb [&hellip;]<\/p>\n","protected":false,"gt_translate_keys":[{"key":"rendered","format":"html"}]},"author":30,"featured_media":374423,"comment_status":"open","ping_status":"open","sticky":false,"template":"","format":"standard","meta":{"footnotes":""},"categories":[65,13],"tags":[],"class_list":["post-374422","post","type-post","status-publish","format-standard","has-post-thumbnail","hentry","category-lajme","category-te-fundit"],"gt_translate_keys":[{"key":"link","format":"url"}],"_links":{"self":[{"href":"https:\/\/www.hashtag.al\/index.php\/wp-json\/wp\/v2\/posts\/374422","targetHints":{"allow":["GET"]}}],"collection":[{"href":"https:\/\/www.hashtag.al\/index.php\/wp-json\/wp\/v2\/posts"}],"about":[{"href":"https:\/\/www.hashtag.al\/index.php\/wp-json\/wp\/v2\/types\/post"}],"author":[{"embeddable":true,"href":"https:\/\/www.hashtag.al\/index.php\/wp-json\/wp\/v2\/users\/30"}],"replies":[{"embeddable":true,"href":"https:\/\/www.hashtag.al\/index.php\/wp-json\/wp\/v2\/comments?post=374422"}],"version-history":[{"count":0,"href":"https:\/\/www.hashtag.al\/index.php\/wp-json\/wp\/v2\/posts\/374422\/revisions"}],"wp:featuredmedia":[{"embeddable":true,"href":"https:\/\/www.hashtag.al\/index.php\/wp-json\/wp\/v2\/media\/374423"}],"wp:attachment":[{"href":"https:\/\/www.hashtag.al\/index.php\/wp-json\/wp\/v2\/media?parent=374422"}],"wp:term":[{"taxonomy":"category","embeddable":true,"href":"https:\/\/www.hashtag.al\/index.php\/wp-json\/wp\/v2\/categories?post=374422"},{"taxonomy":"post_tag","embeddable":true,"href":"https:\/\/www.hashtag.al\/index.php\/wp-json\/wp\/v2\/tags?post=374422"}],"curies":[{"name":"wp","href":"https:\/\/api.w.org\/{rel}","templated":true}]}}