{"id":374232,"date":"2020-05-17T15:59:14","date_gmt":"2020-05-17T13:59:14","guid":{"rendered":"https:\/\/hashtag.al\/?p=374232"},"modified":"2020-05-17T16:14:12","modified_gmt":"2020-05-17T14:14:12","slug":"ambasadori-gjerman-grumbullimet-e-njerezve-rrezikojne-rikthimin-e-covid-19","status":"publish","type":"post","link":"https:\/\/www.hashtag.al\/index.php\/2020\/05\/17\/ambasadori-gjerman-grumbullimet-e-njerezve-rrezikojne-rikthimin-e-covid-19\/","title":{"rendered":"Ambasadori gjerman: Grumbullimet e njer\u00ebzve rrezikojn\u00eb rikthimin e Covid-19","gt_translate_keys":[{"key":"rendered","format":"text"}]},"content":{"rendered":"<p><a href=\"https:\/\/hashtag.al\/index.php\/2020\/05\/17\/ambasadori-gjerman-koha-per-dialog-grumbullimet-e-njerezve-mund-te-sjellin-hapa-pas-lidhur-me-covid-19\/peterzingraf\/\" rel=\"attachment wp-att-374233\"><img loading=\"lazy\" decoding=\"async\" class=\"aligncenter size-full wp-image-374233\" src=\"https:\/\/hashtag.al\/wp-content\/uploads\/2020\/05\/peterzingraf.jpg\" alt=\"\" width=\"696\" height=\"339\" srcset=\"https:\/\/www.hashtag.al\/wp-content\/uploads\/2020\/05\/peterzingraf.jpg 696w, https:\/\/www.hashtag.al\/wp-content\/uploads\/2020\/05\/peterzingraf-300x146.jpg 300w\" sizes=\"auto, (max-width: 696px) 100vw, 696px\" \/><\/a><\/p>\n<p><span style=\"color: #000000;\">Pas ambasadorit t\u00eb BE-s\u00eb n\u00eb Tiran\u00eb, i cili shprehej i keqardhur p\u00ebr prishjen e teatrit, ka ardhur reagimi edhe nga ambasadori gjerman n\u00eb Tiran\u00eb.<\/span><\/p>\n<p><span style=\"color: #000000;\">Peter Zingraf tekson se shembja e nxituar e Teatrit Komb\u00ebtar n\u00eb Tiran\u00eb \u00ebsht\u00eb e v\u00ebshtir\u00eb p\u00ebr t\u2019u kuptuar. Ai b\u00ebn thirrje q\u00eb n\u00eb situat\u00ebn aktuale duhet t\u00eb ket\u00eb nj\u00eb dialog mes qeveris\u00eb e shoq\u00ebris\u00eb civile. <\/span><\/p>\n<p><span style=\"color: #000000;\">Ai shpreh shqet\u00ebsimin se nisur nga konteksti i luft\u00ebs kund\u00ebr pandemis\u00eb Covid-19 grumbullimet e njer\u00ebzve mund t\u00eb sjellin hapa pas p\u00ebr sa i p\u00ebrket virusit.<\/span><\/p>\n<p><span style=\"color: #000000;\"><em>\u201cShembja e nxituar e Teatrit Komb\u00ebtar n\u00eb Tiran\u00eb agimin e dit\u00ebs s\u00eb sotme n\u00eb at\u00eb form\u00eb, q\u00eb e pam\u00eb, \u00ebsht\u00eb p\u00ebr mua e v\u00ebshtir\u00eb p\u00ebr t\u2019u kuptuar. Pik\u00ebrisht n\u00eb situat\u00ebn aktuale t\u00eb jasht\u00ebzakonshme dialogu mes qeveris\u00eb dhe shoq\u00ebris\u00eb civile si dhe sjellja transparente e qeveris\u00eb jan\u00eb ve\u00e7an\u00ebrisht t\u00eb r\u00ebnd\u00ebsishme. Ky zhvillim m\u00eb shqet\u00ebson edhe m\u00eb shum\u00eb nisur nga konteksti i luft\u00ebs kund\u00ebr pandemis\u00eb s\u00eb virusit Corona, duke qen\u00eb se grumbullimet e njer\u00ebzve t\u00eb ndodhura deri tani dhe ato t\u00eb pritshme mund t\u00eb sjellin hapa pas. U b\u00ebj thirrje t\u00eb gjith\u00eb aktor\u00ebve p\u00ebr dialog dhe vet\u00ebp\u00ebrmbajtje.\u201d<\/em> \u2013 shkruan ambasada gjermane n\u00eb nj\u00eb reagim n\u00eb Facebook.<\/span><\/p>\n","protected":false,"gt_translate_keys":[{"key":"rendered","format":"html"}]},"excerpt":{"rendered":"<p>Pas ambasadorit t\u00eb BE-s\u00eb n\u00eb Tiran\u00eb, i cili shprehej i keqardhur p\u00ebr prishjen e teatrit, ka ardhur reagimi edhe nga ambasadori gjerman n\u00eb Tiran\u00eb. Peter Zingraf tekson se shembja e nxituar e Teatrit Komb\u00ebtar n\u00eb Tiran\u00eb \u00ebsht\u00eb e v\u00ebshtir\u00eb p\u00ebr t\u2019u kuptuar. Ai b\u00ebn thirrje q\u00eb n\u00eb situat\u00ebn aktuale duhet t\u00eb ket\u00eb nj\u00eb dialog mes [&hellip;]<\/p>\n","protected":false,"gt_translate_keys":[{"key":"rendered","format":"html"}]},"author":51,"featured_media":374233,"comment_status":"open","ping_status":"open","sticky":false,"template":"","format":"standard","meta":{"footnotes":""},"categories":[65,13],"tags":[],"class_list":["post-374232","post","type-post","status-publish","format-standard","has-post-thumbnail","hentry","category-lajme","category-te-fundit"],"gt_translate_keys":[{"key":"link","format":"url"}],"_links":{"self":[{"href":"https:\/\/www.hashtag.al\/index.php\/wp-json\/wp\/v2\/posts\/374232","targetHints":{"allow":["GET"]}}],"collection":[{"href":"https:\/\/www.hashtag.al\/index.php\/wp-json\/wp\/v2\/posts"}],"about":[{"href":"https:\/\/www.hashtag.al\/index.php\/wp-json\/wp\/v2\/types\/post"}],"author":[{"embeddable":true,"href":"https:\/\/www.hashtag.al\/index.php\/wp-json\/wp\/v2\/users\/51"}],"replies":[{"embeddable":true,"href":"https:\/\/www.hashtag.al\/index.php\/wp-json\/wp\/v2\/comments?post=374232"}],"version-history":[{"count":0,"href":"https:\/\/www.hashtag.al\/index.php\/wp-json\/wp\/v2\/posts\/374232\/revisions"}],"wp:featuredmedia":[{"embeddable":true,"href":"https:\/\/www.hashtag.al\/index.php\/wp-json\/wp\/v2\/media\/374233"}],"wp:attachment":[{"href":"https:\/\/www.hashtag.al\/index.php\/wp-json\/wp\/v2\/media?parent=374232"}],"wp:term":[{"taxonomy":"category","embeddable":true,"href":"https:\/\/www.hashtag.al\/index.php\/wp-json\/wp\/v2\/categories?post=374232"},{"taxonomy":"post_tag","embeddable":true,"href":"https:\/\/www.hashtag.al\/index.php\/wp-json\/wp\/v2\/tags?post=374232"}],"curies":[{"name":"wp","href":"https:\/\/api.w.org\/{rel}","templated":true}]}}