{"id":374201,"date":"2020-05-17T14:02:51","date_gmt":"2020-05-17T12:02:51","guid":{"rendered":"https:\/\/hashtag.al\/?p=374201"},"modified":"2020-05-17T14:10:55","modified_gmt":"2020-05-17T12:10:55","slug":"basha-gabimi-i-takimit-me-ramen-sdo-perseritet-me-kurre-sndalemi-deri-ne-shporrjen-e-tij","status":"publish","type":"post","link":"https:\/\/www.hashtag.al\/index.php\/2020\/05\/17\/basha-gabimi-i-takimit-me-ramen-sdo-perseritet-me-kurre-sndalemi-deri-ne-shporrjen-e-tij\/","title":{"rendered":"Basha: Gabimi i takimit me Ram\u00ebn s&#8217;do p\u00ebrs\u00ebritet m\u00eb kurr\u00eb, s&#8217;ndalemi deri n\u00eb shporrjen e tij","gt_translate_keys":[{"key":"rendered","format":"text"}]},"content":{"rendered":"<p><span style=\"color: #000000;\"><a style=\"color: #000000;\" href=\"https:\/\/hashtag.al\/index.php\/2020\/05\/17\/basha-gabimi-i-takimit-me-ramen-sdo-perseritet-me-kurre-sndalemi-deri-ne-shporrjen-e-tij\/basha-54\/\" rel=\"attachment wp-att-374202\"><img loading=\"lazy\" decoding=\"async\" class=\"aligncenter size-full wp-image-374202\" src=\"https:\/\/hashtag.al\/wp-content\/uploads\/2020\/05\/basha-3.png\" alt=\"\" width=\"832\" height=\"421\" srcset=\"https:\/\/www.hashtag.al\/wp-content\/uploads\/2020\/05\/basha-3.png 832w, https:\/\/www.hashtag.al\/wp-content\/uploads\/2020\/05\/basha-3-300x152.png 300w, https:\/\/www.hashtag.al\/wp-content\/uploads\/2020\/05\/basha-3-768x389.png 768w\" sizes=\"auto, (max-width: 832px) 100vw, 832px\" \/><\/a><\/span><\/p>\n<p><span style=\"color: #000000;\">Kreu i Partis\u00eb Demokratike, Basha, ka dh\u00ebn\u00eb nj\u00eb deklarat\u00eb p\u00ebr mediat pas takimit me aleat\u00ebt n\u00eb selin\u00eb blu. <\/span><\/p>\n<p><span style=\"color: #000000;\">N\u00eb fjal\u00ebn e tij kryedemokrati theksoi se vendi drejtohet nga nj\u00eb kriminel q\u00eb ka marr\u00eb peng vendin. <\/span><\/p>\n<p><span style=\"color: #000000;\">Ai k\u00ebrkoi ndjes\u00eb p\u00ebr takimin e tij me kryeministrin Rama para 3 vjet\u00ebsh para zgjedhjeve t\u00eb vitit 2017 duke deklaruar se ai gabim nuk do p\u00ebrs\u00ebritej m\u00eb. <\/span><\/p>\n<p><span style=\"color: #000000;\">Basha theksoi gjithashtu se opozita n\u00eb bashk\u00ebpunim me qytetar\u00ebt nuk do ndalet deri n\u00eb largimin e band\u00ebs q\u00eb qeveris vendin.<\/span><\/p>\n<p><span style=\"color: #000000;\"><em>&#8220;Dita e sotme \u00ebsht\u00eb nj\u00eb tjet\u00ebr d\u00ebshmi se vendi drejtohet nga nj\u00eb kriminel q\u00eb ka marr\u00eb peng vendin.<\/em><\/span><\/p>\n<p><span style=\"color: #000000;\"><em>Me ndihm\u00ebn e qytetarve dhe mediave kemi ekspozuar t\u00eb gjitha aferat e k\u00ebsaj qeverie dhe ky \u00ebsht\u00eb guri i radh\u00ebs n\u00eb shpirtin e \u00e7do shqiptari q\u00eb vuan sot pamund\u00ebsit\u00eb ekonomike t\u00eb hajdut\u00ebsir\u00eb s\u00eb Edi Ram\u00ebs q\u00eb p\u00ebr xhepat e tij ka sakrifikuar xhepat e \u00e7do shqiptari q\u00eb \u00ebsht\u00eb n\u00eb mjerim. <\/em><\/span><\/p>\n<p><span style=\"color: #000000;\"><em>Para tre vjet\u00ebsh un\u00eb u ula me k\u00ebt\u00eb njeri me besimin se mund t\u00eb arrinim q\u00eb n\u00eb t\u00eb mir\u00eb t\u00eb shqiptar\u00ebve nj\u00eb marr\u00ebveshje politike.<\/em><\/span><\/p>\n<p><span style=\"color: #000000;\"><em>Koha tregoi se un\u00eb u gabova. Ky gabim nuk do p\u00ebrs\u00ebritet m\u00eb kurr\u00eb dhe siguroj q\u00eb opozita n\u00eb bashk\u00ebpunim me qytetar\u00ebt do b\u00ebj\u00eb \u00e7mos q\u00eb t\u00eb largoj\u00eb pushtetin e korruptuar t\u00eb Edi Ram\u00ebs.<\/em><\/span><\/p>\n<p><span style=\"color: #000000;\"><em>Opozita mb\u00ebshtet Aleanc\u00ebn p\u00ebr Teatrin, shoq\u00ebrin\u00eb civile dhe \u00e7do shqiptar q\u00eb do protestoj\u00eb kund\u00ebr k\u00ebsaj qeverie. <\/em><\/span><\/p>\n<p><span style=\"color: #000000;\"><em>Opozita angazhohet t\u00eb restauroj\u00eb nd\u00ebrtimin e teatrit si\u00e7 ka qen\u00eb dhe nd\u00ebshkimin e \u00e7do p\u00ebrgjegj\u00ebsi duke nisur nga Edi Rama dhe deri tek i p\u00ebrdoruri i fundit. Rruga p\u00ebr ta shporrur k\u00ebt\u00eb t\u00eb keqe \u00ebsht\u00eb e vetmja rrug\u00eb p\u00ebr vendin.<\/em><\/span><\/p>\n<p><span style=\"color: #000000;\"><em>Protestat do zhvillohen duke respektuar kushtet higjienike, do u drejtohemi shqiptar\u00ebve p\u00ebr t\u00eb shporrur k\u00ebt\u00eb band\u00eb.&#8221;<\/em> &#8211; tha Basha.<\/span><\/p>\n","protected":false,"gt_translate_keys":[{"key":"rendered","format":"html"}]},"excerpt":{"rendered":"<p>Kreu i Partis\u00eb Demokratike, Basha, ka dh\u00ebn\u00eb nj\u00eb deklarat\u00eb p\u00ebr mediat pas takimit me aleat\u00ebt n\u00eb selin\u00eb blu. N\u00eb fjal\u00ebn e tij kryedemokrati theksoi se vendi drejtohet nga nj\u00eb kriminel q\u00eb ka marr\u00eb peng vendin. Ai k\u00ebrkoi ndjes\u00eb p\u00ebr takimin e tij me kryeministrin Rama para 3 vjet\u00ebsh para zgjedhjeve t\u00eb vitit 2017 duke deklaruar [&hellip;]<\/p>\n","protected":false,"gt_translate_keys":[{"key":"rendered","format":"html"}]},"author":51,"featured_media":374202,"comment_status":"open","ping_status":"open","sticky":false,"template":"","format":"standard","meta":{"footnotes":""},"categories":[65,13],"tags":[],"class_list":["post-374201","post","type-post","status-publish","format-standard","has-post-thumbnail","hentry","category-lajme","category-te-fundit"],"gt_translate_keys":[{"key":"link","format":"url"}],"_links":{"self":[{"href":"https:\/\/www.hashtag.al\/index.php\/wp-json\/wp\/v2\/posts\/374201","targetHints":{"allow":["GET"]}}],"collection":[{"href":"https:\/\/www.hashtag.al\/index.php\/wp-json\/wp\/v2\/posts"}],"about":[{"href":"https:\/\/www.hashtag.al\/index.php\/wp-json\/wp\/v2\/types\/post"}],"author":[{"embeddable":true,"href":"https:\/\/www.hashtag.al\/index.php\/wp-json\/wp\/v2\/users\/51"}],"replies":[{"embeddable":true,"href":"https:\/\/www.hashtag.al\/index.php\/wp-json\/wp\/v2\/comments?post=374201"}],"version-history":[{"count":0,"href":"https:\/\/www.hashtag.al\/index.php\/wp-json\/wp\/v2\/posts\/374201\/revisions"}],"wp:featuredmedia":[{"embeddable":true,"href":"https:\/\/www.hashtag.al\/index.php\/wp-json\/wp\/v2\/media\/374202"}],"wp:attachment":[{"href":"https:\/\/www.hashtag.al\/index.php\/wp-json\/wp\/v2\/media?parent=374201"}],"wp:term":[{"taxonomy":"category","embeddable":true,"href":"https:\/\/www.hashtag.al\/index.php\/wp-json\/wp\/v2\/categories?post=374201"},{"taxonomy":"post_tag","embeddable":true,"href":"https:\/\/www.hashtag.al\/index.php\/wp-json\/wp\/v2\/tags?post=374201"}],"curies":[{"name":"wp","href":"https:\/\/api.w.org\/{rel}","templated":true}]}}