{"id":373979,"date":"2020-05-16T17:31:04","date_gmt":"2020-05-16T15:31:04","guid":{"rendered":"https:\/\/hashtag.al\/?p=373979"},"modified":"2020-05-16T17:31:14","modified_gmt":"2020-05-16T15:31:14","slug":"italia-heq-kufizimet-e-udhetimeve-nderkombetare-dhe-vendase-ne-qershor","status":"publish","type":"post","link":"https:\/\/www.hashtag.al\/index.php\/2020\/05\/16\/italia-heq-kufizimet-e-udhetimeve-nderkombetare-dhe-vendase-ne-qershor\/","title":{"rendered":"Italia heq kufizimet e udh\u00ebtimeve nd\u00ebrkomb\u00ebtare dhe vendase n\u00eb qershor","gt_translate_keys":[{"key":"rendered","format":"text"}]},"content":{"rendered":"<p><a href=\"https:\/\/hashtag.al\/index.php\/2020\/05\/16\/italia-heq-kufizimet-e-udhetimeve-nderkombetare-dhe-vendase-ne-qershor\/italiacovi\/\" rel=\"attachment wp-att-373980\"><img loading=\"lazy\" decoding=\"async\" class=\"aligncenter size-full wp-image-373980\" src=\"https:\/\/hashtag.al\/wp-content\/uploads\/2020\/05\/italiacovi.jpg\" alt=\"\" width=\"980\" height=\"551\" srcset=\"https:\/\/www.hashtag.al\/wp-content\/uploads\/2020\/05\/italiacovi.jpg 980w, https:\/\/www.hashtag.al\/wp-content\/uploads\/2020\/05\/italiacovi-300x169.jpg 300w, https:\/\/www.hashtag.al\/wp-content\/uploads\/2020\/05\/italiacovi-768x432.jpg 768w\" sizes=\"auto, (max-width: 980px) 100vw, 980px\" \/><\/a><\/p>\n<p><span style=\"color: #000000;\">Italia do t\u00eb lejoj\u00eb udh\u00ebtimin nd\u00ebrkomb\u00ebtar, si dhe tranzitin midis rajoneve t\u00eb vendit, nga 3 qershori, njoftoi t\u00eb shtun\u00ebn kryeministri Giuseppe Conte.<\/span><\/p>\n<p><span style=\"color: #000000;\">Autoritetet, megjithat\u00eb, nuk e kan\u00eb p\u00ebrjashtuar frenimin e udh\u00ebtimit p\u00ebrs\u00ebri n\u00eb disa zona &#8211; por vet\u00ebm n\u00eb rast se ka nj\u00eb val\u00eb t\u00eb re t\u00eb infeksioneve.<\/span><\/p>\n<p><span style=\"color: #000000;\">Vendi apenin, nj\u00eb nga m\u00eb t\u00eb goditurit nga pandemia e koronavirusit, ka filluar t\u00eb leht\u00ebsoj\u00eb ngadal\u00eb kufizimet q\u00eb u vendos\u00ebn p\u00ebr t\u00eb ndaluar p\u00ebrhapjen e virusit pas nj\u00eb r\u00ebnieje t\u00eb vazhdueshme t\u00eb numrit t\u00eb rasteve t\u00eb reja koh\u00ebt e fundit.<\/span><\/p>\n<p><span style=\"color: #000000;\">Fabrikat dhe parqet u hap\u00ebn n\u00eb fillim t\u00eb majit, nd\u00ebrsa dyqanet dhe restorantet jan\u00eb vendosur t\u00eb rinisin pun\u00ebn t\u00eb h\u00ebn\u00ebn.<\/span><\/p>\n<p><span style=\"color: #000000;\">Italia ka regjistruar m\u00eb shum\u00eb se 223.885 t\u00eb prekur me Covid-19, me 31.610 viktima, sipas nj\u00eb informacioni nga Universiteti Johns Hopkins.<\/span><\/p>\n","protected":false,"gt_translate_keys":[{"key":"rendered","format":"html"}]},"excerpt":{"rendered":"<p>Italia do t\u00eb lejoj\u00eb udh\u00ebtimin nd\u00ebrkomb\u00ebtar, si dhe tranzitin midis rajoneve t\u00eb vendit, nga 3 qershori, njoftoi t\u00eb shtun\u00ebn kryeministri Giuseppe Conte. Autoritetet, megjithat\u00eb, nuk e kan\u00eb p\u00ebrjashtuar frenimin e udh\u00ebtimit p\u00ebrs\u00ebri n\u00eb disa zona &#8211; por vet\u00ebm n\u00eb rast se ka nj\u00eb val\u00eb t\u00eb re t\u00eb infeksioneve. Vendi apenin, nj\u00eb nga m\u00eb t\u00eb goditurit [&hellip;]<\/p>\n","protected":false,"gt_translate_keys":[{"key":"rendered","format":"html"}]},"author":51,"featured_media":373980,"comment_status":"open","ping_status":"open","sticky":false,"template":"","format":"standard","meta":{"footnotes":""},"categories":[149],"tags":[],"class_list":["post-373979","post","type-post","status-publish","format-standard","has-post-thumbnail","hentry","category-kosoverajon"],"gt_translate_keys":[{"key":"link","format":"url"}],"_links":{"self":[{"href":"https:\/\/www.hashtag.al\/index.php\/wp-json\/wp\/v2\/posts\/373979","targetHints":{"allow":["GET"]}}],"collection":[{"href":"https:\/\/www.hashtag.al\/index.php\/wp-json\/wp\/v2\/posts"}],"about":[{"href":"https:\/\/www.hashtag.al\/index.php\/wp-json\/wp\/v2\/types\/post"}],"author":[{"embeddable":true,"href":"https:\/\/www.hashtag.al\/index.php\/wp-json\/wp\/v2\/users\/51"}],"replies":[{"embeddable":true,"href":"https:\/\/www.hashtag.al\/index.php\/wp-json\/wp\/v2\/comments?post=373979"}],"version-history":[{"count":0,"href":"https:\/\/www.hashtag.al\/index.php\/wp-json\/wp\/v2\/posts\/373979\/revisions"}],"wp:featuredmedia":[{"embeddable":true,"href":"https:\/\/www.hashtag.al\/index.php\/wp-json\/wp\/v2\/media\/373980"}],"wp:attachment":[{"href":"https:\/\/www.hashtag.al\/index.php\/wp-json\/wp\/v2\/media?parent=373979"}],"wp:term":[{"taxonomy":"category","embeddable":true,"href":"https:\/\/www.hashtag.al\/index.php\/wp-json\/wp\/v2\/categories?post=373979"},{"taxonomy":"post_tag","embeddable":true,"href":"https:\/\/www.hashtag.al\/index.php\/wp-json\/wp\/v2\/tags?post=373979"}],"curies":[{"name":"wp","href":"https:\/\/api.w.org\/{rel}","templated":true}]}}