{"id":373975,"date":"2020-05-16T16:59:41","date_gmt":"2020-05-16T14:59:41","guid":{"rendered":"https:\/\/hashtag.al\/?p=373975"},"modified":"2020-05-16T16:59:51","modified_gmt":"2020-05-16T14:59:51","slug":"macron-in-e-bejne-per-uje-te-ftohte-ne-spital-kemi-vite-me-probleme-edhe-para-covid-19-skishim-pajisje","status":"publish","type":"post","link":"https:\/\/www.hashtag.al\/index.php\/2020\/05\/16\/macron-in-e-bejne-per-uje-te-ftohte-ne-spital-kemi-vite-me-probleme-edhe-para-covid-19-skishim-pajisje\/","title":{"rendered":"Macron-in e b\u00ebjn\u00eb &#8220;p\u00ebr uj\u00eb t\u00eb ftoht\u00eb&#8221; n\u00eb spital: Kemi vite me probleme, edhe para Covid-19 s&#8217;kishim pajisje","gt_translate_keys":[{"key":"rendered","format":"text"}]},"content":{"rendered":"<p><a href=\"https:\/\/hashtag.al\/index.php\/2020\/05\/16\/macron-in-e-bejne-per-uje-te-ftohte-ne-spital-kemi-vite-me-probleme-edhe-para-covid-19-skishim-pajisje\/macron-5\/\" rel=\"attachment wp-att-373976\"><img loading=\"lazy\" decoding=\"async\" class=\"aligncenter size-full wp-image-373976\" src=\"https:\/\/hashtag.al\/wp-content\/uploads\/2020\/05\/macron.jpg\" alt=\"\" width=\"980\" height=\"551\" srcset=\"https:\/\/www.hashtag.al\/wp-content\/uploads\/2020\/05\/macron.jpg 980w, https:\/\/www.hashtag.al\/wp-content\/uploads\/2020\/05\/macron-300x169.jpg 300w, https:\/\/www.hashtag.al\/wp-content\/uploads\/2020\/05\/macron-768x432.jpg 768w\" sizes=\"auto, (max-width: 980px) 100vw, 980px\" \/><\/a><\/p>\n<p><span style=\"color: #000000;\">Presidenti Macron mori nj\u00eb dush t\u00eb ftoht\u00eb nga stafi i nj\u00eb spitali kryesor n\u00eb Paris q\u00eb iu ankua atij p\u00ebr paga t\u00eb ul\u00ebta dhe munges\u00eb pajisjesh mjek\u00ebsore duke e presidentin t\u00eb pranoj\u00eb disa gabime t\u00eb s\u00eb kaluar\u00ebs.<\/span><\/p>\n<p><span style=\"color: #000000;\">Presidenti francez Emmanuel Macron u prit me nj\u00eb qasje t\u00eb zem\u00ebruar kur erdhi t\u00eb vizitoj\u00eb spitalin Pitie-Salpetriere n\u00eb Paris.<\/span><\/p>\n<p><span style=\"color: #000000;\"> Duke biseduar me stafin e kujdesit sh\u00ebndet\u00ebsor, ai u tha atyre t\u00eb mos lejojn\u00eb q\u00eb \u2018t\u00eb bjer\u00eb energjia e mir\u00eb\u2019, por gjesti i ngritjes s\u00eb moralit nuk u prit mir\u00eb nga disa prej infermier\u00ebve q\u00eb e d\u00ebgjonin.<\/span><\/p>\n<p><span style=\"color: #000000;\"><em>\u201cFatkeq\u00ebsisht kemi mb\u00ebrritur n\u00eb nj\u00eb pik\u00eb kritike. Edhe para Covid-19 ne ishim t\u00eb d\u00ebshp\u00ebruar. Kemi vite n\u00eb k\u00ebt\u00eb gjendje.\u201d<\/em> \u2013 iu drejtua nj\u00eb infermier, presidentit Macron.<\/span><\/p>\n<p><span style=\"color: #000000;\">Pitie-Salpetriere \u00ebsht\u00eb nj\u00eb nga spitalet kryesore t\u00eb Parisit q\u00eb trajton pacient\u00ebt me koronavirus, por stafi i tij me sa duket po vuan nga nj\u00eb munges\u00eb e mjeteve t\u00eb mbrojtjes personale.<\/span><\/p>\n","protected":false,"gt_translate_keys":[{"key":"rendered","format":"html"}]},"excerpt":{"rendered":"<p>Presidenti Macron mori nj\u00eb dush t\u00eb ftoht\u00eb nga stafi i nj\u00eb spitali kryesor n\u00eb Paris q\u00eb iu ankua atij p\u00ebr paga t\u00eb ul\u00ebta dhe munges\u00eb pajisjesh mjek\u00ebsore duke e presidentin t\u00eb pranoj\u00eb disa gabime t\u00eb s\u00eb kaluar\u00ebs. Presidenti francez Emmanuel Macron u prit me nj\u00eb qasje t\u00eb zem\u00ebruar kur erdhi t\u00eb vizitoj\u00eb spitalin Pitie-Salpetriere n\u00eb [&hellip;]<\/p>\n","protected":false,"gt_translate_keys":[{"key":"rendered","format":"html"}]},"author":51,"featured_media":373976,"comment_status":"open","ping_status":"open","sticky":false,"template":"","format":"standard","meta":{"footnotes":""},"categories":[6],"tags":[],"class_list":["post-373975","post","type-post","status-publish","format-standard","has-post-thumbnail","hentry","category-nderkombetare"],"gt_translate_keys":[{"key":"link","format":"url"}],"_links":{"self":[{"href":"https:\/\/www.hashtag.al\/index.php\/wp-json\/wp\/v2\/posts\/373975","targetHints":{"allow":["GET"]}}],"collection":[{"href":"https:\/\/www.hashtag.al\/index.php\/wp-json\/wp\/v2\/posts"}],"about":[{"href":"https:\/\/www.hashtag.al\/index.php\/wp-json\/wp\/v2\/types\/post"}],"author":[{"embeddable":true,"href":"https:\/\/www.hashtag.al\/index.php\/wp-json\/wp\/v2\/users\/51"}],"replies":[{"embeddable":true,"href":"https:\/\/www.hashtag.al\/index.php\/wp-json\/wp\/v2\/comments?post=373975"}],"version-history":[{"count":0,"href":"https:\/\/www.hashtag.al\/index.php\/wp-json\/wp\/v2\/posts\/373975\/revisions"}],"wp:featuredmedia":[{"embeddable":true,"href":"https:\/\/www.hashtag.al\/index.php\/wp-json\/wp\/v2\/media\/373976"}],"wp:attachment":[{"href":"https:\/\/www.hashtag.al\/index.php\/wp-json\/wp\/v2\/media?parent=373975"}],"wp:term":[{"taxonomy":"category","embeddable":true,"href":"https:\/\/www.hashtag.al\/index.php\/wp-json\/wp\/v2\/categories?post=373975"},{"taxonomy":"post_tag","embeddable":true,"href":"https:\/\/www.hashtag.al\/index.php\/wp-json\/wp\/v2\/tags?post=373975"}],"curies":[{"name":"wp","href":"https:\/\/api.w.org\/{rel}","templated":true}]}}