{"id":373971,"date":"2020-05-16T16:39:25","date_gmt":"2020-05-16T14:39:25","guid":{"rendered":"https:\/\/hashtag.al\/?p=373971"},"modified":"2020-05-16T16:39:35","modified_gmt":"2020-05-16T14:39:35","slug":"kapen-dy-shtetas-marokene-ne-tirane-akuzohen-per-disa-vjedhje","status":"publish","type":"post","link":"https:\/\/www.hashtag.al\/index.php\/2020\/05\/16\/kapen-dy-shtetas-marokene-ne-tirane-akuzohen-per-disa-vjedhje\/","title":{"rendered":"Kapen dy shtetas maroken\u00eb n\u00eb Tiran\u00eb, akuzohen p\u00ebr disa vjedhje","gt_translate_keys":[{"key":"rendered","format":"text"}]},"content":{"rendered":"<div id=\"attachment_373972\" style=\"width: 1034px\" class=\"wp-caption aligncenter\"><a style=\"color: #000000;\" href=\"https:\/\/hashtag.al\/index.php\/2020\/05\/16\/kapen-dy-shtetas-marokene-ne-tirane-akuzohen-per-disa-vjedhje\/hajdute\/\" rel=\"attachment wp-att-373972\"><img loading=\"lazy\" decoding=\"async\" aria-describedby=\"caption-attachment-373972\" class=\"size-full wp-image-373972\" src=\"https:\/\/hashtag.al\/wp-content\/uploads\/2020\/05\/hajdute.jpg\" alt=\"\" width=\"1024\" height=\"768\" srcset=\"https:\/\/www.hashtag.al\/wp-content\/uploads\/2020\/05\/hajdute.jpg 1024w, https:\/\/www.hashtag.al\/wp-content\/uploads\/2020\/05\/hajdute-300x225.jpg 300w, https:\/\/www.hashtag.al\/wp-content\/uploads\/2020\/05\/hajdute-768x576.jpg 768w\" sizes=\"auto, (max-width: 1024px) 100vw, 1024px\" \/><\/a><p id=\"caption-attachment-373972\" class=\"wp-caption-text\"><\/span> <span style=\"color: #000000;\">Foto ilustruese<\/span><\/p><\/div>\n<p><span style=\"color: #000000;\">Dy shtetas maroken\u00eb jan\u00eb v\u00ebn\u00eb n\u00eb pranga n\u00eb Tiran\u00eb pasi akuzohen p\u00ebr disa vjedhje t\u00eb kryera n\u00eb zon\u00ebn e Ali Demit dhe Rrug\u00ebn e Barrikadave. <\/span><\/p>\n<p><span style=\"color: #000000;\">N\u00eb pranga kan\u00eb r\u00ebn\u00eb 23-vje\u00e7ari me iniciale N.B. dhe 30-vje\u00e7ari me iniciale H.A. <\/span><\/p>\n<p><span style=\"color: #000000;\">Gjat\u00eb kontrollit fizik dhe n\u00eb banes\u00ebn e tyre policia ka gjetur nj\u00eb shum\u00eb parash, bizhuteri, ora dore, celular\u00eb etj.<\/span><\/p>\n<p><span style=\"color: #000000;\"><strong>Njoftimi<\/strong><\/span><\/p>\n<p><span style=\"color: #000000;\"><em>Finalizohet operacioni policor &#8220;Befasia&#8221;. <\/em><\/span><\/p>\n<p><span style=\"color: #000000;\"><em>Vihen n\u00eb pranga dy shtetas maroken\u00eb t\u00eb dyshuar p\u00ebr nj\u00eb s\u00ebr\u00eb vjedhjesh t\u00eb kryera n\u00eb zon\u00ebn e Ali Demit dhe te Rruga e\u00a0 Barrikadave.<\/em><\/span><\/p>\n<p><span style=\"color: #000000;\"><em>Sekuestrohen n\u00eb cil\u00ebsin\u00eb e prov\u00ebs materiale sendet e vjedhura dhe nj\u00eb sasi parash. <\/em><\/span><\/p>\n<p><span style=\"color: #000000;\"><em>Specialist\u00ebt p\u00ebr Hetimin e Krimit n\u00eb Komisariatin e Policis\u00eb Nr. 1, n\u00eb vijim t\u00eb pun\u00ebs p\u00ebr parandalimin e vjedhjeve, zbardhjen e atyre t\u00eb ndodhura m\u00eb par\u00eb, si dhe p\u00ebr kapjen e v\u00ebnien para drejt\u00ebsis\u00eb t\u00eb autor\u00ebve, bazuar edhe n\u00eb informacionet e siguruara n\u00eb rrug\u00eb operative p\u00ebr dy shtetas t\u00eb dyshuar si autor\u00eb t\u00eb disa vjedhje telefonash dhe bizhuterish t\u00eb ndodhura n\u00eb zon\u00ebn e Ali Demit dhe te Rruga e Barrikadave, kan\u00eb organizuar dhe finalizuar me sukses operacionin policor t\u00eb koduar \u201cBEFASIA\u201c. <\/em><\/span><\/p>\n<p><span style=\"color: #000000;\"><em>N\u00eb kuad\u00ebr t\u00eb k\u00ebtij operacioni u b\u00eb kapja dhe arrestimi n\u00eb flagranc\u00eb i dy shtetasve maroken\u00eb: N. B., 23 vje\u00e7 dhe H. A., 30 vje\u00e7, t\u00eb dy banues n\u00eb Tiran\u00eb.<\/em><\/span><\/p>\n<p><span style=\"color: #000000;\"><em>K\u00ebta shtetas i kan\u00eb vjedhur me dhun\u00eb sendet personale shtetasit sirian M. H., 30 vje\u00e7. <\/em><\/span><\/p>\n<p><span style=\"color: #000000;\"><em>Gjithashtu, nga veprimet hetimore t\u00eb kryera dyshohet se k\u00ebta shtetas jan\u00eb dhe autor\u00eb t\u00eb disa vjedhjeve t\u00eb tjera t\u00eb telefonave dhe bizhuterive t\u00eb ndodhura m\u00eb par\u00eb n\u00eb zon\u00ebn e Ali Demit dhe n\u00eb Rrug\u00ebn e Barrikadave. <\/em><\/span><\/p>\n<p><span style=\"color: #000000;\"><em>Sh\u00ebrbimet e Policis\u00eb, gjat\u00eb kontrollit fizik t\u00eb k\u00ebtyre shtetasve dhe t\u00eb banes\u00ebs s\u00eb tyre, gjet\u00ebn dhe sekuestruan n\u00eb cil\u00ebsin\u00eb\u00a0 prov\u00ebs materiale nj\u00eb shum\u00eb parash, bizhuteri, ora dore, aparate celular dhe sende t\u00eb tjera. N\u00eb cil\u00ebsin\u00eb e prov\u00ebs materiale u sekuestruan sendet e vjedhura dhe nj\u00eb shum\u00eb parash.<\/em><\/span><\/p>\n<p><span style=\"color: #000000;\"><em>Materialet do t\u2019i kalojn\u00eb p\u00ebr ndjekje t\u00eb m\u00ebtejshme Prokuroris\u00eb Pran\u00eb Gjykat\u00ebs s\u00eb Shkall\u00ebs s\u00eb Par\u00eb Tiran\u00eb, p\u00ebr vepr\u00ebn penale \u201cVjedhja me dhun\u00eb\u201d e kryer n\u00eb bashk\u00ebpunim.\u201d<\/em><\/span><\/p>\n","protected":false,"gt_translate_keys":[{"key":"rendered","format":"html"}]},"excerpt":{"rendered":"<p>Dy shtetas maroken\u00eb jan\u00eb v\u00ebn\u00eb n\u00eb pranga n\u00eb Tiran\u00eb pasi akuzohen p\u00ebr disa vjedhje t\u00eb kryera n\u00eb zon\u00ebn e Ali Demit dhe Rrug\u00ebn e Barrikadave. N\u00eb pranga kan\u00eb r\u00ebn\u00eb 23-vje\u00e7ari me iniciale N.B. dhe 30-vje\u00e7ari me iniciale H.A. Gjat\u00eb kontrollit fizik dhe n\u00eb banes\u00ebn e tyre policia ka gjetur nj\u00eb shum\u00eb parash, bizhuteri, ora dore, [&hellip;]<\/p>\n","protected":false,"gt_translate_keys":[{"key":"rendered","format":"html"}]},"author":51,"featured_media":373972,"comment_status":"open","ping_status":"open","sticky":false,"template":"","format":"standard","meta":{"footnotes":""},"categories":[65,13],"tags":[],"class_list":["post-373971","post","type-post","status-publish","format-standard","has-post-thumbnail","hentry","category-lajme","category-te-fundit"],"gt_translate_keys":[{"key":"link","format":"url"}],"_links":{"self":[{"href":"https:\/\/www.hashtag.al\/index.php\/wp-json\/wp\/v2\/posts\/373971","targetHints":{"allow":["GET"]}}],"collection":[{"href":"https:\/\/www.hashtag.al\/index.php\/wp-json\/wp\/v2\/posts"}],"about":[{"href":"https:\/\/www.hashtag.al\/index.php\/wp-json\/wp\/v2\/types\/post"}],"author":[{"embeddable":true,"href":"https:\/\/www.hashtag.al\/index.php\/wp-json\/wp\/v2\/users\/51"}],"replies":[{"embeddable":true,"href":"https:\/\/www.hashtag.al\/index.php\/wp-json\/wp\/v2\/comments?post=373971"}],"version-history":[{"count":0,"href":"https:\/\/www.hashtag.al\/index.php\/wp-json\/wp\/v2\/posts\/373971\/revisions"}],"wp:featuredmedia":[{"embeddable":true,"href":"https:\/\/www.hashtag.al\/index.php\/wp-json\/wp\/v2\/media\/373972"}],"wp:attachment":[{"href":"https:\/\/www.hashtag.al\/index.php\/wp-json\/wp\/v2\/media?parent=373971"}],"wp:term":[{"taxonomy":"category","embeddable":true,"href":"https:\/\/www.hashtag.al\/index.php\/wp-json\/wp\/v2\/categories?post=373971"},{"taxonomy":"post_tag","embeddable":true,"href":"https:\/\/www.hashtag.al\/index.php\/wp-json\/wp\/v2\/tags?post=373971"}],"curies":[{"name":"wp","href":"https:\/\/api.w.org\/{rel}","templated":true}]}}