{"id":373967,"date":"2020-05-16T16:27:32","date_gmt":"2020-05-16T14:27:32","guid":{"rendered":"https:\/\/hashtag.al\/?p=373967"},"modified":"2020-05-16T16:27:43","modified_gmt":"2020-05-16T14:27:43","slug":"trump-i-zotohet-te-cmontoje-kontrollin-e-se-majtes-radikale-mbi-rrjetet-sociale","status":"publish","type":"post","link":"https:\/\/www.hashtag.al\/index.php\/2020\/05\/16\/trump-i-zotohet-te-cmontoje-kontrollin-e-se-majtes-radikale-mbi-rrjetet-sociale\/","title":{"rendered":"Trump-i zotohet t\u00eb \u00e7montoj\u00eb kontrollin e s\u00eb majt\u00ebs radikale mbi rrjetet sociale","gt_translate_keys":[{"key":"rendered","format":"text"}]},"content":{"rendered":"<p><a href=\"https:\/\/hashtag.al\/index.php\/2020\/05\/16\/trump-i-zotohet-te-cmontoje-kontrollin-e-se-majtes-radikale-mbi-rrjetet-sociale\/trump-48\/\" rel=\"attachment wp-att-373968\"><img loading=\"lazy\" decoding=\"async\" class=\"aligncenter size-full wp-image-373968\" src=\"https:\/\/hashtag.al\/wp-content\/uploads\/2020\/05\/trump-3.jpg\" alt=\"\" width=\"768\" height=\"432\" srcset=\"https:\/\/www.hashtag.al\/wp-content\/uploads\/2020\/05\/trump-3.jpg 768w, https:\/\/www.hashtag.al\/wp-content\/uploads\/2020\/05\/trump-3-300x169.jpg 300w\" sizes=\"auto, (max-width: 768px) 100vw, 768px\" \/><\/a><\/p>\n<p><span style=\"color: #000000;\">Presidenti amerikan Donald Trump \u00ebsht\u00eb zotuar t\u00eb prish\u00eb kontrollin e duksh\u00ebm t\u00eb \u2018s\u00eb majt\u00ebs radikale\u2019 mbi platformat e mediave sociale. <\/span><\/p>\n<p><span style=\"color: #000000;\">M\u00eb par\u00eb, presidenti falenderoi \u2018luft\u00ebtar\u00ebt e tij t\u00eb tastier\u00ebs\u2019 p\u00ebr mb\u00ebshtetjen e tyre, pasi akuzuan firmat e teknologjis\u00eb p\u00ebr censur\u00eb.<\/span><\/p>\n<p><span style=\"color: #000000;\"><em>&#8220;E majta radikale \u00ebsht\u00eb n\u00eb komand\u00ebn dhe kontrollin e plot\u00eb t\u00eb Facebook, Instagram, Twitter dhe Google&#8221;<\/em>, shkroi ai n\u00eb Twitter t\u00eb shtun\u00ebn.<\/span><\/p>\n<p><span style=\"color: #000000;\"><em>&#8220;Administrata po punon p\u00ebr t\u00eb korrigjuar k\u00ebt\u00eb situat\u00eb t\u00eb paligjshme. Q\u00ebndroni n\u00eb kontakt dhe d\u00ebrgoni emra dhe ngjarje.&#8221;<\/em> \u2013 shtoi ai.<\/span><\/p>\n<p><span style=\"color: #000000;\">Trump ishte duke iu p\u00ebrgjigjur drejtp\u00ebrdrejt Michelle Malkin, nj\u00eb ekspert i diskutuesh\u00ebm i krahut t\u00eb djatht\u00eb dhe kund\u00ebrshtar i censur\u00ebs s\u00eb Big Tech. <\/span><\/p>\n<p><span style=\"color: #000000;\">Kur Trump u premtoi t\u00eb premten mb\u00ebshtet\u00ebsve t\u00eb tij n\u00eb internet Malkin tha se krahu i djatht\u00eb \u00ebsht\u00eb ende duke u goditur nga interneti dhe pyeti n\u00ebse presidenti do b\u00ebnte di\u00e7ka para se t\u00eb ishte shum\u00eb von\u00eb.<\/span><\/p>\n","protected":false,"gt_translate_keys":[{"key":"rendered","format":"html"}]},"excerpt":{"rendered":"<p>Presidenti amerikan Donald Trump \u00ebsht\u00eb zotuar t\u00eb prish\u00eb kontrollin e duksh\u00ebm t\u00eb \u2018s\u00eb majt\u00ebs radikale\u2019 mbi platformat e mediave sociale. M\u00eb par\u00eb, presidenti falenderoi \u2018luft\u00ebtar\u00ebt e tij t\u00eb tastier\u00ebs\u2019 p\u00ebr mb\u00ebshtetjen e tyre, pasi akuzuan firmat e teknologjis\u00eb p\u00ebr censur\u00eb. &#8220;E majta radikale \u00ebsht\u00eb n\u00eb komand\u00ebn dhe kontrollin e plot\u00eb t\u00eb Facebook, Instagram, Twitter dhe [&hellip;]<\/p>\n","protected":false,"gt_translate_keys":[{"key":"rendered","format":"html"}]},"author":51,"featured_media":373968,"comment_status":"open","ping_status":"open","sticky":false,"template":"","format":"standard","meta":{"footnotes":""},"categories":[53],"tags":[],"class_list":["post-373967","post","type-post","status-publish","format-standard","has-post-thumbnail","hentry","category-fast-foodi"],"gt_translate_keys":[{"key":"link","format":"url"}],"_links":{"self":[{"href":"https:\/\/www.hashtag.al\/index.php\/wp-json\/wp\/v2\/posts\/373967","targetHints":{"allow":["GET"]}}],"collection":[{"href":"https:\/\/www.hashtag.al\/index.php\/wp-json\/wp\/v2\/posts"}],"about":[{"href":"https:\/\/www.hashtag.al\/index.php\/wp-json\/wp\/v2\/types\/post"}],"author":[{"embeddable":true,"href":"https:\/\/www.hashtag.al\/index.php\/wp-json\/wp\/v2\/users\/51"}],"replies":[{"embeddable":true,"href":"https:\/\/www.hashtag.al\/index.php\/wp-json\/wp\/v2\/comments?post=373967"}],"version-history":[{"count":0,"href":"https:\/\/www.hashtag.al\/index.php\/wp-json\/wp\/v2\/posts\/373967\/revisions"}],"wp:featuredmedia":[{"embeddable":true,"href":"https:\/\/www.hashtag.al\/index.php\/wp-json\/wp\/v2\/media\/373968"}],"wp:attachment":[{"href":"https:\/\/www.hashtag.al\/index.php\/wp-json\/wp\/v2\/media?parent=373967"}],"wp:term":[{"taxonomy":"category","embeddable":true,"href":"https:\/\/www.hashtag.al\/index.php\/wp-json\/wp\/v2\/categories?post=373967"},{"taxonomy":"post_tag","embeddable":true,"href":"https:\/\/www.hashtag.al\/index.php\/wp-json\/wp\/v2\/tags?post=373967"}],"curies":[{"name":"wp","href":"https:\/\/api.w.org\/{rel}","templated":true}]}}