{"id":373549,"date":"2020-05-14T19:17:39","date_gmt":"2020-05-14T17:17:39","guid":{"rendered":"https:\/\/hashtag.al\/?p=373549"},"modified":"2020-05-14T19:17:39","modified_gmt":"2020-05-14T17:17:39","slug":"punonjeset-e-fasonerive-ne-fier-dhe-korce-protestojne-per-pagen-e-luftes","status":"publish","type":"post","link":"https:\/\/www.hashtag.al\/index.php\/2020\/05\/14\/punonjeset-e-fasonerive-ne-fier-dhe-korce-protestojne-per-pagen-e-luftes\/","title":{"rendered":"Punonj\u00ebset e fasonerive n\u00eb Fier dhe Kor\u00e7\u00eb, protestojn\u00eb p\u00ebr \u201cpag\u00ebn e luft\u00ebs\u201d","gt_translate_keys":[{"key":"rendered","format":"text"}]},"content":{"rendered":"<p><img loading=\"lazy\" decoding=\"async\" class=\"aligncenter size-full wp-image-373550\" src=\"https:\/\/hashtag.al\/wp-content\/uploads\/2020\/05\/fier-proteste.png\" alt=\"\" width=\"760\" height=\"503\" srcset=\"https:\/\/www.hashtag.al\/wp-content\/uploads\/2020\/05\/fier-proteste.png 760w, https:\/\/www.hashtag.al\/wp-content\/uploads\/2020\/05\/fier-proteste-300x199.png 300w\" sizes=\"auto, (max-width: 760px) 100vw, 760px\" \/><\/p>\n<p><span style=\"color: #000000;\">Punonj\u00ebse e fasonerive n\u00eb Kor\u00e7\u00eb dhe Fier, kan\u00eb protestuar dit\u00ebn e sotme pasi nuk kan\u00eb marr\u00eb pag\u00ebn e luft\u00ebs t\u00eb akorduar nga qeveria p\u00ebr personat q\u00eb kan\u00eb humbur pun\u00ebn nga epidemia e koronavirusit.<\/span><\/p>\n<p><span style=\"color: #000000;\">N\u00eb Fier, punonj\u00ebset shprehen se ato edhe pse kan\u00eb shkuar n\u00eb pun\u00eb nuk jan\u00eb paguar nd\u00ebrsa shtojn\u00eb se jan\u00eb n\u00eb kushte t\u00eb v\u00ebshtira ekonomike.<\/span><\/p>\n<p><span style=\"color: #000000;\">\u201c<em>Duam pag\u00ebn se punuar dhe disa mor\u00ebm disa jo. Do t\u00eb vijojm\u00eb t\u00eb punojm\u00eb skam \u00e7far\u00eb t\u00eb b\u00ebj se jam e divorcuar kam nj\u00eb f\u00ebmij\u00eb p\u00ebr t\u00eb mbajtur<\/em>\u201d-\u00ebsht\u00eb shprehur nj\u00eb nga punonj\u00ebset.<\/span><\/p>\n<p><span style=\"color: #000000;\">Nj\u00eb tjet\u00ebr thekson se dhe pse n\u00eb kushte t\u00eb v\u00ebshtira dhe t\u00eb rrezikshme ato kan\u00eb shkuar n\u00eb pun\u00eb..<\/span><\/p>\n<p><span style=\"color: #000000;\">\u201c<em>K\u00ebrkoj pag\u00ebn e luft\u00ebs pasi n\u00eb nj\u00eb situat\u00eb t\u00eb v\u00ebshtir\u00eb kam ardh n\u00eb pun\u00eb dhe pag\u00eb nuk mora. Nd\u00ebrsa shoqet q\u00eb kan\u00eb vejtur n\u00eb sht\u00ebpi kan\u00eb marr\u00eb pag\u00ebn e luft\u00ebs duke q\u00ebndruar n\u00eb sht\u00ebpi. Pasi un\u00eb vija dhe kam marr pag\u00eb p\u00ebr orarin e shkurtuar q\u00eb vija n\u00eb pun\u00eb<\/em>\u201d-\u00ebsht\u00eb shprehur nj\u00eb tjet\u00ebr punonj\u00ebse, p\u00ebr Abc News.<\/span><\/p>\n<p><span style=\"color: #000000;\">Nd\u00ebrsa n\u00eb Kor\u00e7\u00eb, nj\u00eb nga punonj\u00ebset shprehen se administrator\u00ebt nuk kan\u00eb aplikuar p\u00ebr t\u00eb marr\u00eb pag\u00ebn por kan\u00eb aplikuar p\u00ebr t\u00eb marr\u00eb asistenc\u00ebn gj\u00eb e cila sipas tyre p\u00ebrfitohej edhe m\u00eb par\u00eb nd\u00ebrsa k\u00ebrkojn\u00eb \u201cpag\u00ebn e luft\u00ebs\u201d.<\/span><\/p>\n<p><img loading=\"lazy\" decoding=\"async\" class=\"aligncenter size-full wp-image-373551\" src=\"https:\/\/hashtag.al\/wp-content\/uploads\/2020\/05\/proteste-korce.png\" alt=\"\" width=\"751\" height=\"425\" srcset=\"https:\/\/www.hashtag.al\/wp-content\/uploads\/2020\/05\/proteste-korce.png 751w, https:\/\/www.hashtag.al\/wp-content\/uploads\/2020\/05\/proteste-korce-300x170.png 300w\" sizes=\"auto, (max-width: 751px) 100vw, 751px\" \/><\/p>\n","protected":false,"gt_translate_keys":[{"key":"rendered","format":"html"}]},"excerpt":{"rendered":"<p>Punonj\u00ebse e fasonerive n\u00eb Kor\u00e7\u00eb dhe Fier, kan\u00eb protestuar dit\u00ebn e sotme pasi nuk kan\u00eb marr\u00eb pag\u00ebn e luft\u00ebs t\u00eb akorduar nga qeveria p\u00ebr personat q\u00eb kan\u00eb humbur pun\u00ebn nga epidemia e koronavirusit. N\u00eb Fier, punonj\u00ebset shprehen se ato edhe pse kan\u00eb shkuar n\u00eb pun\u00eb nuk jan\u00eb paguar nd\u00ebrsa shtojn\u00eb se jan\u00eb n\u00eb kushte t\u00eb [&hellip;]<\/p>\n","protected":false,"gt_translate_keys":[{"key":"rendered","format":"html"}]},"author":32,"featured_media":373551,"comment_status":"open","ping_status":"open","sticky":false,"template":"","format":"standard","meta":{"footnotes":""},"categories":[65,13],"tags":[],"class_list":["post-373549","post","type-post","status-publish","format-standard","has-post-thumbnail","hentry","category-lajme","category-te-fundit"],"gt_translate_keys":[{"key":"link","format":"url"}],"_links":{"self":[{"href":"https:\/\/www.hashtag.al\/index.php\/wp-json\/wp\/v2\/posts\/373549","targetHints":{"allow":["GET"]}}],"collection":[{"href":"https:\/\/www.hashtag.al\/index.php\/wp-json\/wp\/v2\/posts"}],"about":[{"href":"https:\/\/www.hashtag.al\/index.php\/wp-json\/wp\/v2\/types\/post"}],"author":[{"embeddable":true,"href":"https:\/\/www.hashtag.al\/index.php\/wp-json\/wp\/v2\/users\/32"}],"replies":[{"embeddable":true,"href":"https:\/\/www.hashtag.al\/index.php\/wp-json\/wp\/v2\/comments?post=373549"}],"version-history":[{"count":0,"href":"https:\/\/www.hashtag.al\/index.php\/wp-json\/wp\/v2\/posts\/373549\/revisions"}],"wp:featuredmedia":[{"embeddable":true,"href":"https:\/\/www.hashtag.al\/index.php\/wp-json\/wp\/v2\/media\/373551"}],"wp:attachment":[{"href":"https:\/\/www.hashtag.al\/index.php\/wp-json\/wp\/v2\/media?parent=373549"}],"wp:term":[{"taxonomy":"category","embeddable":true,"href":"https:\/\/www.hashtag.al\/index.php\/wp-json\/wp\/v2\/categories?post=373549"},{"taxonomy":"post_tag","embeddable":true,"href":"https:\/\/www.hashtag.al\/index.php\/wp-json\/wp\/v2\/tags?post=373549"}],"curies":[{"name":"wp","href":"https:\/\/api.w.org\/{rel}","templated":true}]}}