{"id":373514,"date":"2020-05-14T16:21:12","date_gmt":"2020-05-14T14:21:12","guid":{"rendered":"https:\/\/hashtag.al\/?p=373514"},"modified":"2020-05-14T17:20:28","modified_gmt":"2020-05-14T15:20:28","slug":"veliaj-pergatit-prishjen-e-teatrit-kombetar-dokumenti","status":"publish","type":"post","link":"https:\/\/www.hashtag.al\/index.php\/2020\/05\/14\/veliaj-pergatit-prishjen-e-teatrit-kombetar-dokumenti\/","title":{"rendered":"Veliaj p\u00ebrgatit prishjen e Teatrit Komb\u00ebtar (Dokumenti)","gt_translate_keys":[{"key":"rendered","format":"text"}]},"content":{"rendered":"<p><a href=\"https:\/\/hashtag.al\/index.php\/2020\/05\/14\/veliaj-pergatit-prishjen-e-teatrit-kombetar-dokumenti\/screenshot_4-79\/\" rel=\"attachment wp-att-373515\"><img loading=\"lazy\" decoding=\"async\" class=\"aligncenter size-full wp-image-373515\" src=\"https:\/\/hashtag.al\/wp-content\/uploads\/2020\/05\/Screenshot_4-79.png\" alt=\"\" width=\"753\" height=\"446\" srcset=\"https:\/\/www.hashtag.al\/wp-content\/uploads\/2020\/05\/Screenshot_4-79.png 753w, https:\/\/www.hashtag.al\/wp-content\/uploads\/2020\/05\/Screenshot_4-79-300x178.png 300w\" sizes=\"auto, (max-width: 753px) 100vw, 753px\" \/><\/a><\/p>\n<p><span style=\"color: #000000;\">Bashkia e Tiran\u00ebs ka p\u00ebrgatitur vendimin p\u00ebr prishjen e Teatrit Komb\u00ebtar, vendim q\u00eb zyrtarisht do miratohet n\u00eb mbledhje e nes\u00ebrme t\u00eb K\u00ebshillit Bashkiak. <\/span><\/p>\n<p><span style=\"color: #000000;\">Sipas dokumentit vendimi p\u00ebr prishjen \u00ebsht\u00eb marr\u00eb bazuar n\u00eb ekspertiz\u00ebn e Institutit t\u00eb Nd\u00ebrtimit. Bashkia e Tiran\u00ebs \u00ebsht\u00eb institucioni i ngarkuar p\u00ebr prishjen e Teatrit Komb\u00ebtar, q\u00eb sipas dokumentit shoq\u00ebrues \u00ebsht\u00eb pron\u00eb e saj, bashk\u00eb me nj\u00eb s\u00ebr\u00eb institucionesh t\u00eb tjera ku b\u00ebjn\u00eb pjes\u00eb Inspektoriati i Mbrojtjes s\u00eb Territorit, Policia Bashkiake dhe nj\u00eb s\u00ebr\u00eb drejtorish t\u00eb bashkis\u00eb. <\/span><\/p>\n<p><span style=\"color: #000000;\">Pak dit\u00eb m\u00eb par\u00eb, kryeministri Rama ia kaloi Teatrin Komb\u00ebtar dhe truallin e tij Bashkis\u00eb Tiran\u00eb n\u00ebn administrim. <\/span><\/p>\n<p><span style=\"color: #000000;\">Si kryeministri Rama ashtu edhe kryebashkiaku Veliaj kan\u00eb deklaruar dit\u00ebt e fundit se teatri do prishet dhe n\u00eb vend t\u00eb tij do nd\u00ebrtohet nj\u00eb godin\u00eb e re. Aleanca p\u00ebr Mbrojtjen e Teatrit, aktor\u00eb, regjisor\u00eb e qytetar\u00eb kan\u00eb m\u00eb shum\u00eb se nj\u00eb vit q\u00eb e kund\u00ebrshtojn\u00eb k\u00ebt\u00eb vendim dhe jan\u00eb mbledhur \u00e7do dit\u00eb n\u00eb sheshin e teatrit n\u00eb mbrojtje t\u00eb tij. <\/span><\/p>\n<p><span style=\"color: #000000;\">Kund\u00ebr k\u00ebtij vendimi jan\u00eb shprehur zyrtarisht Presidenti Meta, i cili ka depozituar nj\u00eb padi n\u00eb Gjykat\u00ebn Kushtetuese e opozita.<\/span><\/p>\n<p><a href=\"https:\/\/hashtag.al\/index.php\/2020\/05\/14\/veliaj-pergatit-prishjen-e-teatrit-kombetar-dokumenti\/screenshot_21589463616\/\" rel=\"attachment wp-att-373516\"><img loading=\"lazy\" decoding=\"async\" class=\"aligncenter size-full wp-image-373516\" src=\"https:\/\/hashtag.al\/wp-content\/uploads\/2020\/05\/Screenshot_21589463616.png\" alt=\"\" width=\"634\" height=\"847\" srcset=\"https:\/\/www.hashtag.al\/wp-content\/uploads\/2020\/05\/Screenshot_21589463616.png 634w, https:\/\/www.hashtag.al\/wp-content\/uploads\/2020\/05\/Screenshot_21589463616-225x300.png 225w\" sizes=\"auto, (max-width: 634px) 100vw, 634px\" \/><\/a><\/p>\n<p><a href=\"https:\/\/hashtag.al\/index.php\/2020\/05\/14\/veliaj-pergatit-prishjen-e-teatrit-kombetar-dokumenti\/screenshot_11589463619\/\" rel=\"attachment wp-att-373517\"><img loading=\"lazy\" decoding=\"async\" class=\"aligncenter size-full wp-image-373517\" src=\"https:\/\/hashtag.al\/wp-content\/uploads\/2020\/05\/Screenshot_11589463619.png\" alt=\"\" width=\"625\" height=\"855\" srcset=\"https:\/\/www.hashtag.al\/wp-content\/uploads\/2020\/05\/Screenshot_11589463619.png 625w, https:\/\/www.hashtag.al\/wp-content\/uploads\/2020\/05\/Screenshot_11589463619-219x300.png 219w\" sizes=\"auto, (max-width: 625px) 100vw, 625px\" \/><\/a><\/p>\n<p><a href=\"https:\/\/hashtag.al\/index.php\/2020\/05\/14\/veliaj-pergatit-prishjen-e-teatrit-kombetar-dokumenti\/screenshot_31589463621\/\" rel=\"attachment wp-att-373518\"><img loading=\"lazy\" decoding=\"async\" class=\"aligncenter size-full wp-image-373518\" src=\"https:\/\/hashtag.al\/wp-content\/uploads\/2020\/05\/Screenshot_31589463621.png\" alt=\"\" width=\"630\" height=\"917\" srcset=\"https:\/\/www.hashtag.al\/wp-content\/uploads\/2020\/05\/Screenshot_31589463621.png 630w, https:\/\/www.hashtag.al\/wp-content\/uploads\/2020\/05\/Screenshot_31589463621-206x300.png 206w\" sizes=\"auto, (max-width: 630px) 100vw, 630px\" \/><\/a><\/p>\n","protected":false,"gt_translate_keys":[{"key":"rendered","format":"html"}]},"excerpt":{"rendered":"<p>Bashkia e Tiran\u00ebs ka p\u00ebrgatitur vendimin p\u00ebr prishjen e Teatrit Komb\u00ebtar, vendim q\u00eb zyrtarisht do miratohet n\u00eb mbledhje e nes\u00ebrme t\u00eb K\u00ebshillit Bashkiak. Sipas dokumentit vendimi p\u00ebr prishjen \u00ebsht\u00eb marr\u00eb bazuar n\u00eb ekspertiz\u00ebn e Institutit t\u00eb Nd\u00ebrtimit. Bashkia e Tiran\u00ebs \u00ebsht\u00eb institucioni i ngarkuar p\u00ebr prishjen e Teatrit Komb\u00ebtar, q\u00eb sipas dokumentit shoq\u00ebrues \u00ebsht\u00eb pron\u00eb [&hellip;]<\/p>\n","protected":false,"gt_translate_keys":[{"key":"rendered","format":"html"}]},"author":51,"featured_media":373515,"comment_status":"open","ping_status":"open","sticky":false,"template":"","format":"standard","meta":{"footnotes":""},"categories":[22,65,13],"tags":[],"class_list":["post-373514","post","type-post","status-publish","format-standard","has-post-thumbnail","hentry","category-ballina","category-lajme","category-te-fundit"],"gt_translate_keys":[{"key":"link","format":"url"}],"_links":{"self":[{"href":"https:\/\/www.hashtag.al\/index.php\/wp-json\/wp\/v2\/posts\/373514","targetHints":{"allow":["GET"]}}],"collection":[{"href":"https:\/\/www.hashtag.al\/index.php\/wp-json\/wp\/v2\/posts"}],"about":[{"href":"https:\/\/www.hashtag.al\/index.php\/wp-json\/wp\/v2\/types\/post"}],"author":[{"embeddable":true,"href":"https:\/\/www.hashtag.al\/index.php\/wp-json\/wp\/v2\/users\/51"}],"replies":[{"embeddable":true,"href":"https:\/\/www.hashtag.al\/index.php\/wp-json\/wp\/v2\/comments?post=373514"}],"version-history":[{"count":0,"href":"https:\/\/www.hashtag.al\/index.php\/wp-json\/wp\/v2\/posts\/373514\/revisions"}],"wp:featuredmedia":[{"embeddable":true,"href":"https:\/\/www.hashtag.al\/index.php\/wp-json\/wp\/v2\/media\/373515"}],"wp:attachment":[{"href":"https:\/\/www.hashtag.al\/index.php\/wp-json\/wp\/v2\/media?parent=373514"}],"wp:term":[{"taxonomy":"category","embeddable":true,"href":"https:\/\/www.hashtag.al\/index.php\/wp-json\/wp\/v2\/categories?post=373514"},{"taxonomy":"post_tag","embeddable":true,"href":"https:\/\/www.hashtag.al\/index.php\/wp-json\/wp\/v2\/tags?post=373514"}],"curies":[{"name":"wp","href":"https:\/\/api.w.org\/{rel}","templated":true}]}}