{"id":373372,"date":"2020-05-14T08:00:34","date_gmt":"2020-05-14T06:00:34","guid":{"rendered":"https:\/\/hashtag.al\/?p=373372"},"modified":"2020-05-14T08:02:38","modified_gmt":"2020-05-14T06:02:38","slug":"vetem-1-here-do-ndihesh-mire-zbardhet-regjistrimi-qe-18-vjecarja-i-beri-babait-qe-kerkon-seks","status":"publish","type":"post","link":"https:\/\/www.hashtag.al\/index.php\/2020\/05\/14\/vetem-1-here-do-ndihesh-mire-zbardhet-regjistrimi-qe-18-vjecarja-i-beri-babait-qe-kerkon-seks\/","title":{"rendered":"&#8220;Vet\u00ebm 1 her\u00eb, do ndihesh mir\u00eb&#8221; &#8211; Zbardhet regjistrimi q\u00eb 18-vje\u00e7arja i b\u00ebri babait q\u00eb k\u00ebrkon seks","gt_translate_keys":[{"key":"rendered","format":"text"}]},"content":{"rendered":"<p><a href=\"https:\/\/hashtag.al\/wp-content\/uploads\/2020\/05\/pergjimiii.png\"><img loading=\"lazy\" decoding=\"async\" class=\"aligncenter size-full wp-image-373373\" src=\"https:\/\/hashtag.al\/wp-content\/uploads\/2020\/05\/pergjimiii.png\" alt=\"\" width=\"732\" height=\"407\" srcset=\"https:\/\/www.hashtag.al\/wp-content\/uploads\/2020\/05\/pergjimiii.png 732w, https:\/\/www.hashtag.al\/wp-content\/uploads\/2020\/05\/pergjimiii-300x167.png 300w\" sizes=\"auto, (max-width: 732px) 100vw, 732px\" \/><\/a><\/p>\n<p><span style=\"color: #000000;\">Dit\u00ebn e djeshme policia arrestoi nj\u00eb 37-vje\u00e7ar n\u00eb Maliq t\u00eb Kor\u00e7\u00ebs, t\u00eb cilin vajza e tij 18-vje\u00e7are e ka akuzuar p\u00ebr ngacmim seksual.<\/span><\/p>\n<p><span style=\"color: #000000;\">Ajo kishte regjistruar me telefon edhe bised\u00ebn mes saj dhe t\u00eb atit duke ia dor\u00ebzuar policis\u00eb. \u201cBalkanWeb\u201d ka zbardhur p\u00ebrgjimet e bisedave mes babait dhe vajz\u00ebs s\u00eb tij, ku 37-vje\u00e7ari \u00a0i thot\u00eb t\u00eb bij\u00ebs se nuk i komandon dot ndjenjat p\u00ebr t\u00eb dhe se askush nuk do ta marr\u00eb vesh, n\u00ebse ndodh gj\u00eb mes tyre.<\/span><\/p>\n<p><strong><span style=\"color: #000000;\">BISEDA N\u00cb AUDIO:<\/span><\/strong><\/p>\n<ul>\n<li><span style=\"color: #000000;\">Babai:\u00a0Vet\u00ebm 1 here, do ndihesh mir\u00eb.<\/span><br \/>\n<span style=\"color: #000000;\">Vajza:\u00a0Ti je babai im<\/span><br \/>\n<span style=\"color: #000000;\">Babai:\u00a0Dakord q\u00eb jam babai yt, po kjo eshte ndjenje<\/span><br \/>\n<span style=\"color: #000000;\">Vajza: Neser flasim<\/span><br \/>\n<span style=\"color: #000000;\">Babai: E di me babi e di, flasim kur t\u00eb duash, por k\u00ebto jan\u00eb ndjena, ndjenjat nuk komandohen.<\/span><br \/>\n<span style=\"color: #000000;\">Vajza:\u00a0Ndjenjat do ti komandosh aty ku duhen jo aty ku nuk duhen.<\/span><br \/>\n<span style=\"color: #000000;\">Babai: \u2026..<\/span><\/li>\n<li><span style=\"color: #000000;\">Vajza:\u00a0Nuk duhet te flas\u00ebsh me mua p\u00ebr budall\u00ebqe<\/span><br \/>\n<span style=\"color: #000000;\">Babai: Jo nuk \u00ebsht\u00eb nuk \u00ebsht\u00eb gj\u00eb e zotit ajo<\/span><br \/>\n<span style=\"color: #000000;\">Vajza:\u00a0Edhe c\u2019lidhje ka me mua?<\/span><br \/>\n<span style=\"color: #000000;\">Babai:\u00a0Jo nuk ka lidhje, por q\u00eb ta dish<\/span><br \/>\n<span style=\"color: #000000;\">Vajza:\u00a0Mos fol budall\u00ebqe ik fli gjum\u00eb<\/span><br \/>\n<span style=\"color: #000000;\">Babai:\u00a0Vet\u00ebm nj\u00eb her\u00eb<\/span><br \/>\n<span style=\"color: #000000;\">Vajza:\u00a0Po ti je babai im<\/span><br \/>\n<span style=\"color: #000000;\">Babai:\u00a0E di, por \u00ebsht\u00eb ndjenj\u00eb<\/span><br \/>\n<span style=\"color: #000000;\">Vajza:\u00a0Je n\u00eb vete o ba, po m\u00eb ke evlat, je n\u00eb terezi?<\/span><br \/>\n<span style=\"color: #000000;\">Babai:\u00a0Ndjenjat nuk komandohen, pastaj kush do e marr\u00eb vesh?<\/span><\/li>\n<\/ul>\n<p><iframe loading=\"lazy\" title=\"Zbardhen p\u00ebrgjimet\/Babai-vajz\u00ebs:\u00cbsht\u00eb ndjenj\u00eb, s\u2019e komandoj dot, m\u00eb lejo 1 her\u00eb dhe do ndihesh mire!\" width=\"1170\" height=\"658\" src=\"https:\/\/www.youtube.com\/embed\/9x3ztxZjqa8?feature=oembed\" frameborder=\"0\" allow=\"accelerometer; autoplay; clipboard-write; encrypted-media; gyroscope; picture-in-picture\" allowfullscreen><\/iframe><\/p>\n<p><span style=\"color: #000000;\">Personi me inicialet R.M ishte divorcuar nga bashk\u00ebshortja rreth nj\u00eb vit m\u00eb par\u00eb me t\u00eb cil\u00ebn kishte tre f\u00ebmij\u00eb. 18-vje\u00e7arja ishte vajza e madhe.<\/span><\/p>\n<p><span style=\"color: #000000;\">Jasht\u00eb kameras t\u00eb af\u00ebrmit e 37 vje\u00e7arit deklarojn\u00eb se ai ishte kthyer pak koh\u00eb m\u00eb par\u00eb nga emigracioni nd\u00ebrsa i shohin me dyshim akuzat e ngritura ndaj tij duke theksuar se rritja e f\u00ebmij\u00ebve ishte shqet\u00ebsimi i tij m\u00eb i madh.<\/span><\/p>\n<p><span style=\"color: #000000;\">Lidhur me ngjarjen p\u00ebr \u201cNews 24\u201d ka folur dhe mamaja e 18-vje\u00e7ares. Sipas n\u00ebn\u00ebs s\u00eb adoleshentes, vajza kishte shkuar t\u00eb takonte t\u00eb atin, por ai i kishte k\u00ebrkuar t\u00eb kryenin marr\u00ebdh\u00ebnie seksuale. Ajo thot\u00eb se \u00ebsht\u00eb shum\u00eb e tronditur nga kjo ngjarje dhe se k\u00ebrkon t\u00eb vihet drejt\u00ebsi. Nd\u00ebrsa shpjegon arsyet e ndarjes me bashk\u00ebshortin, ajo thot\u00eb se ai e dhunonte n\u00eb sy t\u00eb f\u00ebmij\u00ebve.<\/span><\/p>\n<p>&nbsp;<\/p>\n","protected":false,"gt_translate_keys":[{"key":"rendered","format":"html"}]},"excerpt":{"rendered":"<p>Dit\u00ebn e djeshme policia arrestoi nj\u00eb 37-vje\u00e7ar n\u00eb Maliq t\u00eb Kor\u00e7\u00ebs, t\u00eb cilin vajza e tij 18-vje\u00e7are e ka akuzuar p\u00ebr ngacmim seksual. Ajo kishte regjistruar me telefon edhe bised\u00ebn mes saj dhe t\u00eb atit duke ia dor\u00ebzuar policis\u00eb. \u201cBalkanWeb\u201d ka zbardhur p\u00ebrgjimet e bisedave mes babait dhe vajz\u00ebs s\u00eb tij, ku 37-vje\u00e7ari \u00a0i thot\u00eb [&hellip;]<\/p>\n","protected":false,"gt_translate_keys":[{"key":"rendered","format":"html"}]},"author":30,"featured_media":373373,"comment_status":"open","ping_status":"open","sticky":false,"template":"","format":"standard","meta":{"footnotes":""},"categories":[65,13],"tags":[],"class_list":["post-373372","post","type-post","status-publish","format-standard","has-post-thumbnail","hentry","category-lajme","category-te-fundit"],"gt_translate_keys":[{"key":"link","format":"url"}],"_links":{"self":[{"href":"https:\/\/www.hashtag.al\/index.php\/wp-json\/wp\/v2\/posts\/373372","targetHints":{"allow":["GET"]}}],"collection":[{"href":"https:\/\/www.hashtag.al\/index.php\/wp-json\/wp\/v2\/posts"}],"about":[{"href":"https:\/\/www.hashtag.al\/index.php\/wp-json\/wp\/v2\/types\/post"}],"author":[{"embeddable":true,"href":"https:\/\/www.hashtag.al\/index.php\/wp-json\/wp\/v2\/users\/30"}],"replies":[{"embeddable":true,"href":"https:\/\/www.hashtag.al\/index.php\/wp-json\/wp\/v2\/comments?post=373372"}],"version-history":[{"count":0,"href":"https:\/\/www.hashtag.al\/index.php\/wp-json\/wp\/v2\/posts\/373372\/revisions"}],"wp:featuredmedia":[{"embeddable":true,"href":"https:\/\/www.hashtag.al\/index.php\/wp-json\/wp\/v2\/media\/373373"}],"wp:attachment":[{"href":"https:\/\/www.hashtag.al\/index.php\/wp-json\/wp\/v2\/media?parent=373372"}],"wp:term":[{"taxonomy":"category","embeddable":true,"href":"https:\/\/www.hashtag.al\/index.php\/wp-json\/wp\/v2\/categories?post=373372"},{"taxonomy":"post_tag","embeddable":true,"href":"https:\/\/www.hashtag.al\/index.php\/wp-json\/wp\/v2\/tags?post=373372"}],"curies":[{"name":"wp","href":"https:\/\/api.w.org\/{rel}","templated":true}]}}