{"id":373356,"date":"2020-05-13T23:40:28","date_gmt":"2020-05-13T21:40:28","guid":{"rendered":"https:\/\/hashtag.al\/?p=373356"},"modified":"2020-05-13T23:27:00","modified_gmt":"2020-05-13T21:27:00","slug":"ish-drejtuesi-i-fushates-se-trump-lirohet-nga-burgu","status":"publish","type":"post","link":"https:\/\/www.hashtag.al\/index.php\/2020\/05\/13\/ish-drejtuesi-i-fushates-se-trump-lirohet-nga-burgu\/","title":{"rendered":"Ish-drejtuesi i fushat\u00ebs s\u00eb Trump lirohet nga burgu","gt_translate_keys":[{"key":"rendered","format":"text"}]},"content":{"rendered":"<p><img loading=\"lazy\" decoding=\"async\" class=\"aligncenter size-full wp-image-373357\" src=\"https:\/\/hashtag.al\/wp-content\/uploads\/2020\/05\/manfort.jpg\" alt=\"\" width=\"600\" height=\"360\" srcset=\"https:\/\/www.hashtag.al\/wp-content\/uploads\/2020\/05\/manfort.jpg 600w, https:\/\/www.hashtag.al\/wp-content\/uploads\/2020\/05\/manfort-300x180.jpg 300w\" sizes=\"auto, (max-width: 600px) 100vw, 600px\" \/><\/p>\n<p><span style=\"color: #000000;\">Paul Manafort, kreu i dikursh\u00ebm i fushat\u00ebs presidenciale t\u00eb Donald Trumpit i cili u d\u00ebnua si rezultat i hetimit t\u00eb prokurorit t\u00eb posa\u00e7\u00ebm p\u00ebr Rusin\u00eb, \u00ebsht\u00eb liruar nga burgu federal p\u00ebr t\u00eb vuajtur pjes\u00ebn tjet\u00ebr t\u00eb d\u00ebnimit t\u00eb tij n\u00eb kushtet e sht\u00ebpis\u00eb p\u00ebr shkak t\u00eb shqet\u00ebsimeve p\u00ebr koronavirusin, tha avokati i tij t\u00eb m\u00ebrkur\u00ebn.<\/span><\/p>\n<p><span style=\"color: #000000;\">Sipas avokatit t\u00eb tij Todd Blanche, Manafort, 71 vje\u00e7, u la i lir\u00eb t\u00eb m\u00ebrkur\u00ebn n\u00eb m\u00ebngjes nga FCI Loretto, nj\u00eb burg me siguri t\u00eb ul\u00ebt n\u00eb Pensilvani. Manafort ishte duke vuajtur d\u00ebnimin e tij prej m\u00eb shum\u00eb se shtat\u00eb vjet burg.<\/span><\/p>\n<p><span style=\"color: #000000;\">Avokat\u00ebt e tij kishin k\u00ebrkuar nga Byroja e Burgjeve q\u00eb ta lironin at\u00eb p\u00ebr ta kryer d\u00ebnimin n\u00eb sht\u00ebpi, duke argumentuar se ai ishte n\u00eb rrezik t\u00eb lart\u00eb p\u00ebr shkak t\u00eb mosh\u00ebs s\u00eb tij dhe kushteve mjek\u00ebsore ekzistuese. Manafort u shtrua n\u00eb spital n\u00eb dhjetor pasi vuante nga nj\u00eb gjendje e lidhur me zemr\u00ebn, i than\u00eb dy personave t\u00eb njohur me k\u00ebt\u00eb \u00e7\u00ebshtje agjencis\u00eb Associated Press n\u00eb at\u00eb koh\u00eb. Ata nuk ishin t\u00eb autorizuar t\u00eb diskutonin \u00e7\u00ebshtjen publikisht dhe fol\u00ebn me AP n\u00eb kushte anonimiteti.<\/span><\/p>\n<p><span style=\"color: #000000;\">Manafort ishte nd\u00ebr t\u00eb par\u00ebt q\u00eb u akuzua nga hetimi p\u00ebr Rusin\u00eb i prokurorit t\u00eb posa\u00e7\u00ebm Robert Mueller, i cili ekzaminoi koordinimin e mundsh\u00ebm midis fushat\u00ebs Trump dhe Rusis\u00eb n\u00eb fushat\u00ebn zgjedhore t\u00eb vitit 2016.<\/span><\/p>\n<p><span style=\"color: #000000;\">Manafort, i cili u akuzua penalisht n\u00eb dy gjykata federale, u d\u00ebnua nga nj\u00eb juri n\u00eb gjykat\u00ebn federale n\u00eb Virxhinias n\u00eb vitin 2018 dhe m\u00eb von\u00eb pranoi faj\u00ebsin\u00eb n\u00eb Uashington. Ai u d\u00ebnua marsin e kaluar dhe u akuzua menj\u00ebher\u00eb nga shteti i Nju Jorkut q\u00eb mund ta vendosnin at\u00eb jasht\u00eb fuqis\u00eb s\u00eb presidentit p\u00ebr falje. Prokuror\u00ebt e Nju Jorkut e kan\u00eb akuzuar Manafortin p\u00ebr dh\u00ebnie t\u00eb informacionit t\u00eb rrem\u00eb n\u00eb nj\u00eb k\u00ebrkes\u00eb p\u00ebr kredi bankare.<\/span><\/p>\n<p><span style=\"color: #000000;\">Lirimi i Manafortit vjen pasi drejtues t\u00eb Kongresit kan\u00eb ushtruar presion ndaj Departamentit t\u00eb Drejt\u00ebsis\u00eb p\u00ebr jav\u00eb t\u00eb t\u00ebra p\u00ebr t\u00eb liruar t\u00eb burgosurit n\u00eb rrezik p\u00ebrpara nj\u00eb shp\u00ebrthimi t\u00eb mundsh\u00ebm n\u00eb burgje. Ata argumentojn\u00eb se udh\u00ebzimet e sh\u00ebndetit publik p\u00ebr t\u00eb q\u00ebndruar 2 metra larg nga t\u00eb tjer\u00ebt jan\u00eb gati t\u00eb pamundura pas hekurave.<\/span><\/p>\n<p><span style=\"color: #000000;\">Prokurori i P\u00ebrgjithsh\u00ebm William Barr urdh\u00ebroi Byron\u00eb e Burgjeve n\u00eb mars dhe prill t\u00eb rris\u00eb p\u00ebrdorimin e burgimit n\u00eb sht\u00ebpi dhe t\u00eb p\u00ebrshpejtoj\u00eb lirimin e t\u00eb burgosurve me rrezik t\u00eb lart\u00eb, duke filluar nga tre burgje t\u00eb identifikuara si pika t\u00eb nxehta t\u00eb koronavirusit. N\u00eb burgun FCI Loretto nuk ka raste t\u00eb konfirmuara t\u00eb koronavirusit.<\/span><\/p>\n<p><span style=\"color: #000000;\">Dit\u00ebn e mart\u00eb, 2,818 t\u00eb burgosur federal\u00eb dhe 262 an\u00ebtar\u00eb t\u00eb stafit t\u00eb Byros\u00eb s\u00eb Burgjeve jan\u00eb prekur me COVID-19 n\u00eb burgjet federale n\u00eb t\u00eb gjith\u00eb vendin. Pes\u00ebdhjet\u00eb t\u00eb burgosur kan\u00eb vdekur.<\/span><\/p>\n<p><span style=\"color: #000000;\">Byroja ka dh\u00ebn\u00eb udh\u00ebzime kontradiktore dhe t\u00eb paqarta se si vendoset kush lirohet p\u00ebr t\u00eb kryer d\u00ebnimin n\u00eb sht\u00ebpi n\u00eb p\u00ebrpjekje p\u00ebr t\u00eb luftuar virusin, duke ndryshuar k\u00ebrkesat, dhe duke refuzuar t\u00eb shpjegoj\u00eb se si vendos se kush del dhe kur.<\/span><\/p>\n<p><span style=\"color: #000000;\">Nj\u00eb z\u00ebdh\u00ebn\u00ebse e agjencis\u00eb tha se m\u00eb shum\u00eb se 2,400 t\u00eb burgosur jan\u00eb shp\u00ebrngulur n\u00eb sht\u00ebpit\u00eb e tyre q\u00eb nga 26 mars, kur Barr l\u00ebshoi p\u00ebr her\u00eb t\u00eb par\u00eb nj\u00eb memorandum p\u00ebr kryerjen e d\u00ebnimit n\u00eb sht\u00ebpi, dhe m\u00eb shum\u00eb se 1.200 t\u00eb tjer\u00eb jan\u00eb miratuar dhe jan\u00eb n\u00eb proces p\u00ebr t\u2019u l\u00ebshuar\/VOA.\u00a0<\/span><\/p>\n<p>&nbsp;<\/p>\n","protected":false,"gt_translate_keys":[{"key":"rendered","format":"html"}]},"excerpt":{"rendered":"<p>Paul Manafort, kreu i dikursh\u00ebm i fushat\u00ebs presidenciale t\u00eb Donald Trumpit i cili u d\u00ebnua si rezultat i hetimit t\u00eb prokurorit t\u00eb posa\u00e7\u00ebm p\u00ebr Rusin\u00eb, \u00ebsht\u00eb liruar nga burgu federal p\u00ebr t\u00eb vuajtur pjes\u00ebn tjet\u00ebr t\u00eb d\u00ebnimit t\u00eb tij n\u00eb kushtet e sht\u00ebpis\u00eb p\u00ebr shkak t\u00eb shqet\u00ebsimeve p\u00ebr koronavirusin, tha avokati i tij t\u00eb m\u00ebrkur\u00ebn. [&hellip;]<\/p>\n","protected":false,"gt_translate_keys":[{"key":"rendered","format":"html"}]},"author":32,"featured_media":373357,"comment_status":"open","ping_status":"open","sticky":false,"template":"","format":"standard","meta":{"footnotes":""},"categories":[6,13],"tags":[],"class_list":["post-373356","post","type-post","status-publish","format-standard","has-post-thumbnail","hentry","category-nderkombetare","category-te-fundit"],"gt_translate_keys":[{"key":"link","format":"url"}],"_links":{"self":[{"href":"https:\/\/www.hashtag.al\/index.php\/wp-json\/wp\/v2\/posts\/373356","targetHints":{"allow":["GET"]}}],"collection":[{"href":"https:\/\/www.hashtag.al\/index.php\/wp-json\/wp\/v2\/posts"}],"about":[{"href":"https:\/\/www.hashtag.al\/index.php\/wp-json\/wp\/v2\/types\/post"}],"author":[{"embeddable":true,"href":"https:\/\/www.hashtag.al\/index.php\/wp-json\/wp\/v2\/users\/32"}],"replies":[{"embeddable":true,"href":"https:\/\/www.hashtag.al\/index.php\/wp-json\/wp\/v2\/comments?post=373356"}],"version-history":[{"count":0,"href":"https:\/\/www.hashtag.al\/index.php\/wp-json\/wp\/v2\/posts\/373356\/revisions"}],"wp:featuredmedia":[{"embeddable":true,"href":"https:\/\/www.hashtag.al\/index.php\/wp-json\/wp\/v2\/media\/373357"}],"wp:attachment":[{"href":"https:\/\/www.hashtag.al\/index.php\/wp-json\/wp\/v2\/media?parent=373356"}],"wp:term":[{"taxonomy":"category","embeddable":true,"href":"https:\/\/www.hashtag.al\/index.php\/wp-json\/wp\/v2\/categories?post=373356"},{"taxonomy":"post_tag","embeddable":true,"href":"https:\/\/www.hashtag.al\/index.php\/wp-json\/wp\/v2\/tags?post=373356"}],"curies":[{"name":"wp","href":"https:\/\/api.w.org\/{rel}","templated":true}]}}