{"id":373298,"date":"2020-05-13T16:41:55","date_gmt":"2020-05-13T14:41:55","guid":{"rendered":"https:\/\/hashtag.al\/?p=373298"},"modified":"2020-05-13T16:45:25","modified_gmt":"2020-05-13T14:45:25","slug":"pasi-goditen-makinen-me-derguan-mesazh-ne-celular-drejtori-i-rinasit-flet-per-incidentin","status":"publish","type":"post","link":"https:\/\/www.hashtag.al\/index.php\/2020\/05\/13\/pasi-goditen-makinen-me-derguan-mesazh-ne-celular-drejtori-i-rinasit-flet-per-incidentin\/","title":{"rendered":"&#8220;Pasi godit\u00ebn makin\u00ebn m\u00eb d\u00ebrguan mesazh n\u00eb celular&#8221; &#8211; Drejtori i Rinasit flet p\u00ebr incidentin","gt_translate_keys":[{"key":"rendered","format":"text"}]},"content":{"rendered":"<p><a href=\"https:\/\/hashtag.al\/index.php\/2020\/05\/13\/pasi-goditen-makinen-me-derguan-mesazh-ne-celular-drejtori-i-rinasit-flet-per-incidentin\/constantin\/\" rel=\"attachment wp-att-373299\"><img loading=\"lazy\" decoding=\"async\" class=\"aligncenter wp-image-373299 size-full\" src=\"https:\/\/hashtag.al\/wp-content\/uploads\/2020\/05\/constantin-e1589380799713.jpg\" alt=\"\" width=\"1267\" height=\"608\" srcset=\"https:\/\/www.hashtag.al\/wp-content\/uploads\/2020\/05\/constantin-e1589380799713.jpg 1267w, https:\/\/www.hashtag.al\/wp-content\/uploads\/2020\/05\/constantin-e1589380799713-300x144.jpg 300w, https:\/\/www.hashtag.al\/wp-content\/uploads\/2020\/05\/constantin-e1589380799713-768x369.jpg 768w, https:\/\/www.hashtag.al\/wp-content\/uploads\/2020\/05\/constantin-e1589380799713-1024x491.jpg 1024w\" sizes=\"auto, (max-width: 1267px) 100vw, 1267px\" \/><\/a><\/p>\n<p><span style=\"color: #000000;\">Drejtori i Aeroportit Nd\u00ebrkomb\u00ebtar t\u00eb Tiran\u00ebs, Constantin von Alvensleben, ka th\u00ebn\u00eb se pas incidentit me makin\u00eb ka marr\u00eb nj\u00eb mesazh ku shkruhej \u2018<em>A e kuptuat\u2019<\/em>. <\/span><\/p>\n<p><span style=\"color: #000000;\">Pak dit\u00eb m\u00eb par\u00eb mjeti me t\u00eb cilin udh\u00ebtonte \u00ebsht\u00eb goditur me gur\u00eb nga nj\u00eb person me kapu\u00e7 pran\u00eb rrethrrotullimit Shqiponja. Pas k\u00ebsaj von Alvensleben ka b\u00ebr\u00eb denoncim n\u00eb polici dhe kjo e fundit pasi ka sekuestruar kamerat ka nisur hetimet p\u00ebr ngjarjen.<\/span><\/p>\n<p><span style=\"color: #000000;\"><em>\u201cPo udh\u00ebtoja me makin\u00eb dhe papritur te Sheshi Shqiponja, nj\u00eb zhurm\u00eb e madhe u d\u00ebgjua dhe ishte nj\u00eb nj\u00ebri me gur\u00eb n\u00eb dor\u00eb q\u00eb gjuajti xhamin e makin\u00ebs dy her\u00eb, un\u00eb dola jasht\u00eb ai ishte me kapu\u00e7, shoferi e ndoqi por nuk e kapi dot. Ne b\u00ebm\u00eb denoncimin dhe jan\u00eb sekuestruar kamerat dhe m\u00eb pas un\u00eb pata nj\u00eb mesazh tjet\u00ebr q\u00eb m\u00eb thuhej se \u201ca e kuptuat\u201d, ka qen\u00eb nj\u00eb mesazh k\u00ebrc\u00ebnues, nj\u00eb keqdash\u00ebs, por q\u00eb nuk dua t\u00eb spekuloj.\u201d<\/em> &#8211; ka th\u00ebn\u00eb ai p\u00ebr Abc News.<\/span><\/p>\n<p><span style=\"color: #000000;\">M\u00eb tej ai ka thot\u00eb se ka dyshime lidhur me ngjarjen dhe shprehet se mesazhi i \u00ebsht\u00eb dukur i q\u00ebllimsh\u00ebm, por pret hetimin e policis\u00eb.<\/span><\/p>\n<p><span style=\"color: #000000;\"><em>\u201cKam nj\u00eb dyshim. Fakti q\u00eb makina u godit dy her\u00eb dhe marrja e mesazhit mu duk e q\u00ebllimshme doja t\u00eb dija kush \u00ebsht\u00eb pas k\u00ebsaj, por ja kam l\u00ebn\u00eb policis\u00eb t\u00eb b\u00ebj\u00eb pun\u00ebn e vet. Pavar\u00ebsisht se \u00ebsht\u00eb nj\u00eb incident jo i mir\u00eb, mua m\u00eb p\u00eblqen Shqip\u00ebria dhe ky vend. Un\u00eb mendoj se tashm\u00eb kemi nj\u00eb kriz\u00eb q\u00eb duhet t\u00eb kalohet dhe aty \u00ebsht\u00eb v\u00ebmendja. Mua m\u00eb p\u00eblqen puna dhe shqiptar\u00ebt.\u201d<\/em> &#8211; shton von Alvensleben.<\/span><\/p>\n","protected":false,"gt_translate_keys":[{"key":"rendered","format":"html"}]},"excerpt":{"rendered":"<p>Drejtori i Aeroportit Nd\u00ebrkomb\u00ebtar t\u00eb Tiran\u00ebs, Constantin von Alvensleben, ka th\u00ebn\u00eb se pas incidentit me makin\u00eb ka marr\u00eb nj\u00eb mesazh ku shkruhej \u2018A e kuptuat\u2019. Pak dit\u00eb m\u00eb par\u00eb mjeti me t\u00eb cilin udh\u00ebtonte \u00ebsht\u00eb goditur me gur\u00eb nga nj\u00eb person me kapu\u00e7 pran\u00eb rrethrrotullimit Shqiponja. Pas k\u00ebsaj von Alvensleben ka b\u00ebr\u00eb denoncim n\u00eb polici [&hellip;]<\/p>\n","protected":false,"gt_translate_keys":[{"key":"rendered","format":"html"}]},"author":51,"featured_media":373299,"comment_status":"open","ping_status":"open","sticky":false,"template":"","format":"standard","meta":{"footnotes":""},"categories":[65,13],"tags":[],"class_list":["post-373298","post","type-post","status-publish","format-standard","has-post-thumbnail","hentry","category-lajme","category-te-fundit"],"gt_translate_keys":[{"key":"link","format":"url"}],"_links":{"self":[{"href":"https:\/\/www.hashtag.al\/index.php\/wp-json\/wp\/v2\/posts\/373298","targetHints":{"allow":["GET"]}}],"collection":[{"href":"https:\/\/www.hashtag.al\/index.php\/wp-json\/wp\/v2\/posts"}],"about":[{"href":"https:\/\/www.hashtag.al\/index.php\/wp-json\/wp\/v2\/types\/post"}],"author":[{"embeddable":true,"href":"https:\/\/www.hashtag.al\/index.php\/wp-json\/wp\/v2\/users\/51"}],"replies":[{"embeddable":true,"href":"https:\/\/www.hashtag.al\/index.php\/wp-json\/wp\/v2\/comments?post=373298"}],"version-history":[{"count":0,"href":"https:\/\/www.hashtag.al\/index.php\/wp-json\/wp\/v2\/posts\/373298\/revisions"}],"wp:featuredmedia":[{"embeddable":true,"href":"https:\/\/www.hashtag.al\/index.php\/wp-json\/wp\/v2\/media\/373299"}],"wp:attachment":[{"href":"https:\/\/www.hashtag.al\/index.php\/wp-json\/wp\/v2\/media?parent=373298"}],"wp:term":[{"taxonomy":"category","embeddable":true,"href":"https:\/\/www.hashtag.al\/index.php\/wp-json\/wp\/v2\/categories?post=373298"},{"taxonomy":"post_tag","embeddable":true,"href":"https:\/\/www.hashtag.al\/index.php\/wp-json\/wp\/v2\/tags?post=373298"}],"curies":[{"name":"wp","href":"https:\/\/api.w.org\/{rel}","templated":true}]}}