{"id":373083,"date":"2020-05-12T19:12:30","date_gmt":"2020-05-12T17:12:30","guid":{"rendered":"https:\/\/hashtag.al\/?p=373083"},"modified":"2020-05-12T19:12:30","modified_gmt":"2020-05-12T17:12:30","slug":"ambasadorja-e-shba-se-yuri-kim-me-pelqen-te-komunikoj-drejtperdrejt-me-qytetaret-amerika-ka-marredhenie-me-popullin","status":"publish","type":"post","link":"https:\/\/www.hashtag.al\/index.php\/2020\/05\/12\/ambasadorja-e-shba-se-yuri-kim-me-pelqen-te-komunikoj-drejtperdrejt-me-qytetaret-amerika-ka-marredhenie-me-popullin\/","title":{"rendered":"Ambasadorja e SHBA-s\u00eb Yuri Kim: M\u00eb p\u00eblqen t\u00eb komunikoj drejtp\u00ebrdrejt me qytetar\u00ebt, Amerika ka marr\u00ebdh\u00ebnie me popullin","gt_translate_keys":[{"key":"rendered","format":"text"}]},"content":{"rendered":"<p><img loading=\"lazy\" decoding=\"async\" class=\"aligncenter size-full wp-image-373084\" src=\"https:\/\/hashtag.al\/wp-content\/uploads\/2020\/05\/yuri-kim.png\" alt=\"\" width=\"702\" height=\"372\" srcset=\"https:\/\/www.hashtag.al\/wp-content\/uploads\/2020\/05\/yuri-kim.png 702w, https:\/\/www.hashtag.al\/wp-content\/uploads\/2020\/05\/yuri-kim-300x160.png 300w, https:\/\/www.hashtag.al\/wp-content\/uploads\/2020\/05\/yuri-kim-620x330.png 620w\" sizes=\"auto, (max-width: 702px) 100vw, 702px\" \/><\/p>\n<p>Ambasadorja e SHBA-s\u00eb n\u00eb Tiran\u00eb, Yuri Kim n\u00eb nj\u00eb intervist\u00eb p\u00ebr Euro News Albania deklaroi se ka zgjedhur t\u00eb komunikoj\u00eb drejtp\u00ebrdrejt me qytetar\u00ebt n\u00ebp\u00ebrmjet rrjeteve sociale p\u00ebr t\u00eb ditur se \u00e7far\u00eb mendojn\u00eb ata.<\/p>\n<p>Sipas ambasadores s\u00eb SHBA-s\u00eb, komentet qytetar\u00ebve ajo i lexon edhe vet\u00eb, dhe ka par\u00eb se shqiptar\u00ebt e duan Amerik\u00ebn.<\/p>\n<p>\u201cPavar\u00ebsisht sa i dua raportet q\u00eb marr, sado e vler\u00ebsoj informacionin q\u00eb marr nga stafi im, doja t\u00eb d\u00ebgjoja drejtp\u00ebrdrejt nga njer\u00ebzit. E shoh median sociale jo vet\u00ebm si m\u00ebnyra q\u00eb un\u00eb t\u2019iu them njer\u00ebzve \u00e7far\u00eb mendoj por edhe q\u00eb njer\u00ebzit t\u00eb m\u00eb tregojn\u00eb mua. N\u00eb fakt i lexoj komentet \u2013 ndonj\u00ebher\u00eb \u00ebsht\u00eb disi toksike, por i lexoj gjithsesi,\u201d deklaroi ambasadorja.<\/p>\n<p>Ajo u shpreh mjaft pozitive p\u00ebr komunikimin q\u00eb ka me popullin e Shqip\u00ebris\u00eb dhe i cil\u00ebsoi ata si shum\u00eb dashamir\u00ebs ndaj SHBA dhe amerikan\u00ebve.<\/p>\n<p>\u201c<em>Shpresoj q\u00eb populli shqiptar ta dij\u00eb q\u00eb ndjenja \u00ebsht\u00eb e nd\u00ebrsjell\u00eb. Po ashtu e shohim Shqip\u00ebrin\u00eb si mike e v\u00ebrtet\u00eb dhe si mike shum\u00eb e ve\u00e7ant\u00eb\u201d<\/em> shtoi Kim.<\/p>\n<p>Gazetarja Tare e pyeti m\u00eb tej ambasadoren lidhur me marr\u00ebdh\u00ebnien e SHBA me aktor\u00ebt politik\u00eb n\u00eb vend dhe pretendimet se diplomacis\u00eb shpesh i duhet t\u00eb mb\u00ebshtes\u00eb stabilitetin.<\/p>\n<p>\u201c<em>Un\u00eb mendoj se ne punojm\u00eb m\u00eb \u00e7do qeveri q\u00eb \u00ebsht\u00eb n\u00eb vend, e zgjedhur n\u00eb m\u00ebnyr\u00eb ligjore, dhe \u00ebsht\u00eb n\u00eb vendin e saj n\u00eb m\u00ebnyr\u00eb legjitime. Kjo \u00ebsht\u00eb puna jon\u00eb, ne nuk diskriminojm\u00eb. Por pavar\u00ebsisht qeverive t\u00eb zgjedhura, marr\u00ebdh\u00ebnia jon\u00eb \u00ebsht\u00eb me popullin shqiptar, me Shqip\u00ebrin\u00eb si vend, jo me ndonj\u00eb parti t\u00eb ve\u00e7ant\u00eb. Un\u00eb p\u00ebrpiqem t\u00eb komunikoj dhe t\u00eb flas dhe t\u00eb prek sa m\u00eb shum\u00eb njer\u00ebz q\u00eb t\u00eb mundem. Ju pyet\u00ebt m\u00eb par\u00eb p\u00ebrse jam kaq aktive n\u00eb mediat sociale; \u00ebsht\u00eb pik\u00ebrisht p\u00ebr k\u00ebt\u00eb arsye, sepse marr\u00ebdh\u00ebnia \u00ebsht\u00eb shum\u00eb e gjer\u00eb dhe marr\u00ebdh\u00ebnia e shk\u00eblqyer q\u00eb kemi me qeverin\u00eb shqiptare \u00ebsht\u00eb prej elementeve t\u00eb saj, dhe un\u00eb e vler\u00ebsoj t\u00ebr\u00ebsin\u00eb e saj<\/em>\u201d-deklaroi Ambasadorja.<\/p>\n","protected":false,"gt_translate_keys":[{"key":"rendered","format":"html"}]},"excerpt":{"rendered":"<p>Ambasadorja e SHBA-s\u00eb n\u00eb Tiran\u00eb, Yuri Kim n\u00eb nj\u00eb intervist\u00eb p\u00ebr Euro News Albania deklaroi se ka zgjedhur t\u00eb komunikoj\u00eb drejtp\u00ebrdrejt me qytetar\u00ebt n\u00ebp\u00ebrmjet rrjeteve sociale p\u00ebr t\u00eb ditur se \u00e7far\u00eb mendojn\u00eb ata. Sipas ambasadores s\u00eb SHBA-s\u00eb, komentet qytetar\u00ebve ajo i lexon edhe vet\u00eb, dhe ka par\u00eb se shqiptar\u00ebt e duan Amerik\u00ebn. \u201cPavar\u00ebsisht sa i [&hellip;]<\/p>\n","protected":false,"gt_translate_keys":[{"key":"rendered","format":"html"}]},"author":32,"featured_media":373084,"comment_status":"open","ping_status":"open","sticky":false,"template":"","format":"standard","meta":{"footnotes":""},"categories":[65,13],"tags":[],"class_list":["post-373083","post","type-post","status-publish","format-standard","has-post-thumbnail","hentry","category-lajme","category-te-fundit"],"gt_translate_keys":[{"key":"link","format":"url"}],"_links":{"self":[{"href":"https:\/\/www.hashtag.al\/index.php\/wp-json\/wp\/v2\/posts\/373083","targetHints":{"allow":["GET"]}}],"collection":[{"href":"https:\/\/www.hashtag.al\/index.php\/wp-json\/wp\/v2\/posts"}],"about":[{"href":"https:\/\/www.hashtag.al\/index.php\/wp-json\/wp\/v2\/types\/post"}],"author":[{"embeddable":true,"href":"https:\/\/www.hashtag.al\/index.php\/wp-json\/wp\/v2\/users\/32"}],"replies":[{"embeddable":true,"href":"https:\/\/www.hashtag.al\/index.php\/wp-json\/wp\/v2\/comments?post=373083"}],"version-history":[{"count":0,"href":"https:\/\/www.hashtag.al\/index.php\/wp-json\/wp\/v2\/posts\/373083\/revisions"}],"wp:featuredmedia":[{"embeddable":true,"href":"https:\/\/www.hashtag.al\/index.php\/wp-json\/wp\/v2\/media\/373084"}],"wp:attachment":[{"href":"https:\/\/www.hashtag.al\/index.php\/wp-json\/wp\/v2\/media?parent=373083"}],"wp:term":[{"taxonomy":"category","embeddable":true,"href":"https:\/\/www.hashtag.al\/index.php\/wp-json\/wp\/v2\/categories?post=373083"},{"taxonomy":"post_tag","embeddable":true,"href":"https:\/\/www.hashtag.al\/index.php\/wp-json\/wp\/v2\/tags?post=373083"}],"curies":[{"name":"wp","href":"https:\/\/api.w.org\/{rel}","templated":true}]}}