{"id":373043,"date":"2020-05-12T16:07:16","date_gmt":"2020-05-12T14:07:16","guid":{"rendered":"https:\/\/hashtag.al\/?p=373043"},"modified":"2020-05-12T16:07:27","modified_gmt":"2020-05-12T14:07:27","slug":"rama-teatri-kombetar-do-prishet-jemi-mandatuar-me-kompetencat-e-pushtetit-nga-populli","status":"publish","type":"post","link":"https:\/\/www.hashtag.al\/index.php\/2020\/05\/12\/rama-teatri-kombetar-do-prishet-jemi-mandatuar-me-kompetencat-e-pushtetit-nga-populli\/","title":{"rendered":"Rama: Teatri Komb\u00ebtar do prishet, jemi mandatuar me kompetencat e pushtetit nga populli","gt_translate_keys":[{"key":"rendered","format":"text"}]},"content":{"rendered":"<p><a href=\"https:\/\/hashtag.al\/index.php\/2020\/05\/12\/rama-teatri-kombetar-do-prishet-jemi-mandatuar-me-kompetencat-e-pushtetit-nga-populli\/ramateatri\/\" rel=\"attachment wp-att-373044\"><img loading=\"lazy\" decoding=\"async\" class=\"aligncenter size-full wp-image-373044\" src=\"https:\/\/hashtag.al\/wp-content\/uploads\/2020\/05\/ramateatri.png\" alt=\"\" width=\"839\" height=\"469\" srcset=\"https:\/\/www.hashtag.al\/wp-content\/uploads\/2020\/05\/ramateatri.png 839w, https:\/\/www.hashtag.al\/wp-content\/uploads\/2020\/05\/ramateatri-300x168.png 300w, https:\/\/www.hashtag.al\/wp-content\/uploads\/2020\/05\/ramateatri-768x429.png 768w\" sizes=\"auto, (max-width: 839px) 100vw, 839px\" \/><\/a><\/p>\n<p><span style=\"color: #000000;\">Kreu i qeveris\u00eb ka deklaruar sot se qeveria nuk t\u00ebrhiqet p\u00ebr sa i p\u00ebrket prishjes s\u00eb Teatrit Komb\u00ebtar dhe nd\u00ebrtimit t\u00eb teatrit t\u00eb ri. <\/span><\/p>\n<p><span style=\"color: #000000;\">Ai e b\u00ebri deklarat\u00ebn n\u00eb nj\u00eb videokonferenc\u00eb me gazetar\u00ebt ku nd\u00ebr t\u00eb tjera tha se pakicat nuk mund t\u2019u imponohen shumicave.<\/span><\/p>\n<p><span style=\"color: #000000;\"><em>\u201cAi \u00ebsht\u00eb nj\u00eb proces p\u00ebr t\u00eb cilin un\u00eb jam shprehur, nuk e di sa vite u b\u00ebn\u00eb. Jam njeriu i fundit q\u00eb duhet t\u00eb pyesni p\u00ebr ndonj\u00eb hap mbrapa, jam i pari q\u00eb e kam th\u00ebn\u00eb q\u00eb n\u00eb 1998-99, n\u00eb ato vite q\u00eb ajo godin\u00eb duhet t\u00eb shembet dhe Shqip\u00ebria duhet t\u00eb ket\u00eb nj\u00eb teat\u00ebr t\u00eb denj\u00eb. T\u00eb gjitha argumentet jan\u00eb ezauruar. T\u00eb gjith\u00eb kan\u00eb t\u00eb drejt\u00eb t\u00eb ken\u00eb opinionet e tyre, por n\u00eb fund vendos shumica. Ne jemi shumica dhe e kemi marr\u00eb k\u00ebt\u00eb vendim dhe nuk shoh sesi pakica t\u00eb caktuara mund t\u00eb imponojn\u00eb n\u00eb cdo form\u00eb vendimmarrje, q\u00eb lidhen me kompetencat e pushtetit t\u00eb mandatuar nga populli.\u201d<\/em> &#8211; tha Rama.<\/span><\/p>\n<p><span style=\"color: #000000;\">Lidhur me \u00e7\u00ebshtjen e kanabisit, kryeministri tha se nuk ishte k\u00ebshilluar me delegaconin e BE-s\u00eb duke shtuar se lidhur me k\u00ebt\u00eb \u00e7\u00ebshtje k\u00ebshillimet po b\u00ebhen me ekspert\u00eb t\u00eb fush\u00ebs n\u00eb disa vende ku ka pasur nj\u00eb p\u00ebrvoj\u00eb t\u00eb till\u00eb.<\/span><\/p>\n<p><span style=\"color: #000000;\"><em>\u201cNuk jemi konsultuar me Delegacionin e BE p\u00ebr legalizimin e kanabisit. Konsultimet po i b\u00ebjm\u00eb me ekspert\u00eb t\u00eb fush\u00ebs n\u00eb disa vende, ku ka pasur eksperienca jo t\u00eb legalizimit t\u00eb hashashit, por t\u00eb futjes n\u00eb jet\u00ebn ekonomike dhe veprimtarin\u00eb sip\u00ebrmarr\u00ebse t\u00eb vendit t\u00eb p\u00ebrpunimit t\u00eb kanabisit mjek\u00ebsor.\u201d<\/em> &#8211; theksoi kryeministri.<\/span><\/p>\n","protected":false,"gt_translate_keys":[{"key":"rendered","format":"html"}]},"excerpt":{"rendered":"<p>Kreu i qeveris\u00eb ka deklaruar sot se qeveria nuk t\u00ebrhiqet p\u00ebr sa i p\u00ebrket prishjes s\u00eb Teatrit Komb\u00ebtar dhe nd\u00ebrtimit t\u00eb teatrit t\u00eb ri. Ai e b\u00ebri deklarat\u00ebn n\u00eb nj\u00eb videokonferenc\u00eb me gazetar\u00ebt ku nd\u00ebr t\u00eb tjera tha se pakicat nuk mund t\u2019u imponohen shumicave. \u201cAi \u00ebsht\u00eb nj\u00eb proces p\u00ebr t\u00eb cilin un\u00eb jam shprehur, [&hellip;]<\/p>\n","protected":false,"gt_translate_keys":[{"key":"rendered","format":"html"}]},"author":51,"featured_media":373044,"comment_status":"open","ping_status":"open","sticky":false,"template":"","format":"standard","meta":{"footnotes":""},"categories":[65,13],"tags":[],"class_list":["post-373043","post","type-post","status-publish","format-standard","has-post-thumbnail","hentry","category-lajme","category-te-fundit"],"gt_translate_keys":[{"key":"link","format":"url"}],"_links":{"self":[{"href":"https:\/\/www.hashtag.al\/index.php\/wp-json\/wp\/v2\/posts\/373043","targetHints":{"allow":["GET"]}}],"collection":[{"href":"https:\/\/www.hashtag.al\/index.php\/wp-json\/wp\/v2\/posts"}],"about":[{"href":"https:\/\/www.hashtag.al\/index.php\/wp-json\/wp\/v2\/types\/post"}],"author":[{"embeddable":true,"href":"https:\/\/www.hashtag.al\/index.php\/wp-json\/wp\/v2\/users\/51"}],"replies":[{"embeddable":true,"href":"https:\/\/www.hashtag.al\/index.php\/wp-json\/wp\/v2\/comments?post=373043"}],"version-history":[{"count":0,"href":"https:\/\/www.hashtag.al\/index.php\/wp-json\/wp\/v2\/posts\/373043\/revisions"}],"wp:featuredmedia":[{"embeddable":true,"href":"https:\/\/www.hashtag.al\/index.php\/wp-json\/wp\/v2\/media\/373044"}],"wp:attachment":[{"href":"https:\/\/www.hashtag.al\/index.php\/wp-json\/wp\/v2\/media?parent=373043"}],"wp:term":[{"taxonomy":"category","embeddable":true,"href":"https:\/\/www.hashtag.al\/index.php\/wp-json\/wp\/v2\/categories?post=373043"},{"taxonomy":"post_tag","embeddable":true,"href":"https:\/\/www.hashtag.al\/index.php\/wp-json\/wp\/v2\/tags?post=373043"}],"curies":[{"name":"wp","href":"https:\/\/api.w.org\/{rel}","templated":true}]}}