{"id":372870,"date":"2020-05-11T22:35:19","date_gmt":"2020-05-11T20:35:19","guid":{"rendered":"https:\/\/hashtag.al\/?p=372870"},"modified":"2020-05-11T22:35:19","modified_gmt":"2020-05-11T20:35:19","slug":"vjosa-osmani-institucionet-te-reagojne-per-spastrimin-e-heshtur-te-shqiptareve-ne-luginen-e-presheves","status":"publish","type":"post","link":"https:\/\/www.hashtag.al\/index.php\/2020\/05\/11\/vjosa-osmani-institucionet-te-reagojne-per-spastrimin-e-heshtur-te-shqiptareve-ne-luginen-e-presheves\/","title":{"rendered":"Vjosa Osmani: Institucionet t\u00eb reagojn\u00eb p\u00ebr spastrimin e heshtur t\u00eb shqiptar\u00ebve n\u00eb Lugin\u00ebn e Preshev\u00ebs","gt_translate_keys":[{"key":"rendered","format":"text"}]},"content":{"rendered":"<p><img loading=\"lazy\" decoding=\"async\" class=\"aligncenter size-full wp-image-343924\" src=\"https:\/\/hashtag.al\/wp-content\/uploads\/2019\/12\/vjosa-osmani.jpg\" alt=\"\" width=\"852\" height=\"460\" srcset=\"https:\/\/www.hashtag.al\/wp-content\/uploads\/2019\/12\/vjosa-osmani.jpg 852w, https:\/\/www.hashtag.al\/wp-content\/uploads\/2019\/12\/vjosa-osmani-300x162.jpg 300w, https:\/\/www.hashtag.al\/wp-content\/uploads\/2019\/12\/vjosa-osmani-768x415.jpg 768w\" sizes=\"auto, (max-width: 852px) 100vw, 852px\" \/><\/p>\n<p><span style=\"color: #000000;\">Kryeparlamentarja e Kosov\u00ebs, Vjosa Osmani, \u00a0ka th\u00ebn\u00eb se n\u00eb qytetet e Medvegj\u00ebs, Preshev\u00ebs dhe Bujanocit po ndodh spastrim i heshtur etnik i shqiptar\u00ebve nga shteti i Serbis\u00eb.<\/span><\/p>\n<p><span style=\"color: #000000;\">\u00a0\u2018\u2019<em>Rreth 60 kilometra n\u00eb veri-lindje t\u00eb Prishtin\u00ebs, shtrihet komuna e Medvegj\u00ebs. Kjo komun\u00eb, n\u00eb regjistrimin e vitit 2011 num\u00ebronte 7438 banor\u00eb. Tani, ndon\u00ebse pa statistika zyrtare, supozohet se n\u00eb Medvegj\u00eb jan\u00eb t\u00eb regjistruar af\u00ebrshisht vet\u00ebm 600 shqiptar\u00eb<\/em>\u2019\u2019-thot\u00eb Osmani.<\/span><\/p>\n<p><span style=\"color: #000000;\">\u2018\u2019<em>Ky reduktim sistematik i popullsis\u00eb shqiptare n\u00eb Medvegj\u00eb nuk \u00ebsht\u00eb i rast\u00ebsish\u00ebm. Privimi nga edukimi e pun\u00ebsimi, c\u00ebnimi i t\u00eb drejtave n\u00eb gjuh\u00eb e p\u00ebrfaq\u00ebsim si dhe shtypja e vazhdueshme e regjimit serb kundrejt shqiptar\u00ebve n\u00eb ato lokalitete ka ndikuar n\u00eb dyndje t\u00eb popull\u00ebsis\u00eb shqiptare, p\u00ebr t\u00eb k\u00ebrkuar kushte m\u00eb t\u00eb mira p\u00ebr familjet e tyre.<\/em>\u2019\u2019<\/span><\/p>\n<p><span style=\"color: #000000;\">Osmani tregon se si shteti i Serbis\u00eb po i largon shqitar\u00ebt nga sht\u00ebpit\u00eb e tyre dhe nuk po i lejon t\u00eb ankohen p\u00ebr k\u00ebt\u00eb.<\/span><\/p>\n<p><span style=\"color: #000000;\">\u2018\u2019<em>Megjithat\u00eb, p\u00ebrgjat\u00eb viteve t\u00eb fundit, Medvegja \u00ebsht\u00eb v\u00ebn\u00eb n\u00eb sh\u00ebnjest\u00ebr t\u00eb politik\u00ebs serbe, duke tentuar largimin p\u00ebrfundimtar t\u00eb \u00e7dokujt q\u00eb flet shqip n\u00eb ato an\u00eb. Gjat\u00eb vet\u00ebm kat\u00ebr viteve t\u00eb fundit autoritetet serbe kan\u00eb fshir\u00eb mbi 4 mij\u00eb shqiptar\u00eb nga regjistri civil n\u00eb komun\u00ebn e Medvegj\u00ebs. P\u00ebrmes \u2018pasivizimit t\u00eb adresave\u2019 t\u00eb vendbanimit, shteti serb b\u00ebn\u00eb largimin p\u00ebrfundimtar t\u00eb shqiptar\u00ebve nga regjistri civil i Serbis\u00eb, duke ua pamund\u00ebsuar marrjen e dokumenteve t\u00eb reja, t\u00eb drejt\u00ebn e qasjes n\u00eb sh\u00ebrbime mjek\u00ebsore ose asistenc\u00eb sociale e madje edhe largim nga lista e votuesve, q\u00eb pamund\u00ebson pjes\u00ebmarrjen n\u00eb zgjedhje<\/em>.\u2019\u2019-thot\u00eb ajo.<\/span><\/p>\n<p><span style=\"color: #000000;\">\u2018\u2019<em>Problemi tjet\u00ebr n\u00eb pasivizimin e adresave t\u00eb shqiptar\u00ebve n\u00eb Serbi \u00ebsht\u00eb edhe fakti se p\u00ebr nj\u00eb veprim t\u00eb till\u00eb shteti serb nuk l\u00ebshon fare nj\u00eb vendim me shkrim q\u00eb d\u00ebshmon se ju \u00ebsht\u00eb pasivizuar adresa. Kjo informat\u00eb kumtohet vet\u00ebm gojarisht. Ky veprim nuk \u00ebsht\u00eb i rast\u00ebsish\u00ebm: ai synon t\u2019i parandaloj\u00eb qytetar\u00ebt shqiptar\u00eb t\u00eb nd\u00ebrmarrin veprime ligjore kund\u00ebr Serbis\u00eb p\u00ebr shkelje t\u00eb t\u00eb drejtave t\u00eb tyre dhe diskriminim n\u00eb baza etnike. P\u00ebrve\u00e7 n\u00eb Medvegj\u00eb, pasivizimi i adresave \u00ebsht\u00eb evidentuar edhe n\u00eb dy komunat tjera me popullsi shqiptare, Bujanoc e Preshev\u00eb. Ky fakt \u00ebsht\u00eb i njohur, e madje i dokumentuar nga organizata t\u00eb ndryshme q\u00eb veprojn\u00eb n\u00eb Serbi dhe jasht\u00eb saj<\/em>\u2019\u2019 shton Osmani.<\/span><\/p>\n<p><span style=\"color: #000000;\">Osmani k\u00ebrkon reagim nga institucionet e Republik\u00ebs s\u00eb Kosov\u00ebs dhe jo vet\u00ebm, ajo tutje shton se si nj\u00eb shtet si Serbia, q\u00eb praktikon k\u00ebso politika, mund t\u00eb antar\u00ebsohet n\u00eb BE.<\/span><\/p>\n<p><span style=\"color: #000000;\">\u2018\u2019<em>P\u00ebrkund\u00ebr thirrjes s\u00eb shpesht\u00eb p\u00ebr ndihm\u00eb nga veprimtar\u00ebt dhe aktivist\u00ebt shqiptar nga Medvegja, k\u00ebrkesat e tyre mbeten t\u00eb paadresuara. Republika e Kosov\u00ebs nuk mund t\u00eb hesht\u00eb m\u00eb! Adresimi i \u00e7\u00ebshtjes s\u00eb lirive dhe t\u00eb drejtave t\u00eb njeriut t\u00eb shqiptar\u00ebve n\u00eb Lugin\u00ebn e Preshev\u00ebs duhet t\u00eb b\u00ebhet n\u00eb t\u00eb gjitha instancat, brenda dhe jasht\u00eb vendit. Ky nuk \u00ebsht\u00eb thjesht\u00eb nj\u00eb problem i izoluar: veprimet e shtetit serb karshi shqiptar\u00ebve t\u00eb Lugin\u00ebs ng\u00ebrthejn\u00eb n\u00eb vete shkelje fundamentale t\u00eb t\u00eb drejtave t\u00eb njeriut. Nj\u00eb shtet q\u00eb aktivisht angazhohet n\u00eb spastrim etnik, edhe pse me metoda t\u00eb \u2018sofistikuara\u2019 si\u00e7 \u00ebsht\u00eb pasivizimi i adresave, nuk e meriton an\u00ebtar\u00ebsimin n\u00eb BE.\u2019<\/em>\u2019<\/span><\/p>\n<p>&nbsp;<\/p>\n","protected":false,"gt_translate_keys":[{"key":"rendered","format":"html"}]},"excerpt":{"rendered":"<p>Kryeparlamentarja e Kosov\u00ebs, Vjosa Osmani, \u00a0ka th\u00ebn\u00eb se n\u00eb qytetet e Medvegj\u00ebs, Preshev\u00ebs dhe Bujanocit po ndodh spastrim i heshtur etnik i shqiptar\u00ebve nga shteti i Serbis\u00eb. \u00a0\u2018\u2019Rreth 60 kilometra n\u00eb veri-lindje t\u00eb Prishtin\u00ebs, shtrihet komuna e Medvegj\u00ebs. Kjo komun\u00eb, n\u00eb regjistrimin e vitit 2011 num\u00ebronte 7438 banor\u00eb. Tani, ndon\u00ebse pa statistika zyrtare, supozohet se [&hellip;]<\/p>\n","protected":false,"gt_translate_keys":[{"key":"rendered","format":"html"}]},"author":32,"featured_media":343924,"comment_status":"open","ping_status":"open","sticky":false,"template":"","format":"standard","meta":{"footnotes":""},"categories":[149,13],"tags":[],"class_list":["post-372870","post","type-post","status-publish","format-standard","has-post-thumbnail","hentry","category-kosoverajon","category-te-fundit"],"gt_translate_keys":[{"key":"link","format":"url"}],"_links":{"self":[{"href":"https:\/\/www.hashtag.al\/index.php\/wp-json\/wp\/v2\/posts\/372870","targetHints":{"allow":["GET"]}}],"collection":[{"href":"https:\/\/www.hashtag.al\/index.php\/wp-json\/wp\/v2\/posts"}],"about":[{"href":"https:\/\/www.hashtag.al\/index.php\/wp-json\/wp\/v2\/types\/post"}],"author":[{"embeddable":true,"href":"https:\/\/www.hashtag.al\/index.php\/wp-json\/wp\/v2\/users\/32"}],"replies":[{"embeddable":true,"href":"https:\/\/www.hashtag.al\/index.php\/wp-json\/wp\/v2\/comments?post=372870"}],"version-history":[{"count":0,"href":"https:\/\/www.hashtag.al\/index.php\/wp-json\/wp\/v2\/posts\/372870\/revisions"}],"wp:featuredmedia":[{"embeddable":true,"href":"https:\/\/www.hashtag.al\/index.php\/wp-json\/wp\/v2\/media\/343924"}],"wp:attachment":[{"href":"https:\/\/www.hashtag.al\/index.php\/wp-json\/wp\/v2\/media?parent=372870"}],"wp:term":[{"taxonomy":"category","embeddable":true,"href":"https:\/\/www.hashtag.al\/index.php\/wp-json\/wp\/v2\/categories?post=372870"},{"taxonomy":"post_tag","embeddable":true,"href":"https:\/\/www.hashtag.al\/index.php\/wp-json\/wp\/v2\/tags?post=372870"}],"curies":[{"name":"wp","href":"https:\/\/api.w.org\/{rel}","templated":true}]}}