{"id":372738,"date":"2020-05-11T12:24:09","date_gmt":"2020-05-11T10:24:09","guid":{"rendered":"https:\/\/hashtag.al\/?p=372738"},"modified":"2020-05-11T12:26:42","modified_gmt":"2020-05-11T10:26:42","slug":"presidenti-ilir-meta-sot-humba-nje-mik-te-vjeter","status":"publish","type":"post","link":"https:\/\/www.hashtag.al\/index.php\/2020\/05\/11\/presidenti-ilir-meta-sot-humba-nje-mik-te-vjeter\/","title":{"rendered":"Presidenti Ilir Meta: Sot humba nj\u00eb mik t\u00eb vjet\u00ebr","gt_translate_keys":[{"key":"rendered","format":"text"}]},"content":{"rendered":"<p><a href=\"https:\/\/hashtag.al\/wp-content\/uploads\/2020\/05\/meta-gudar.jpg\"><img loading=\"lazy\" decoding=\"async\" class=\"aligncenter size-full wp-image-372739\" src=\"https:\/\/hashtag.al\/wp-content\/uploads\/2020\/05\/meta-gudar.jpg\" alt=\"\" width=\"640\" height=\"427\" srcset=\"https:\/\/www.hashtag.al\/wp-content\/uploads\/2020\/05\/meta-gudar.jpg 640w, https:\/\/www.hashtag.al\/wp-content\/uploads\/2020\/05\/meta-gudar-300x200.jpg 300w\" sizes=\"auto, (max-width: 640px) 100vw, 640px\" \/><\/a><\/p>\n<p><span style=\"color: #000000;\">Presidenti i vendit Ilir Meta, ka reaguar p\u00ebr ndarjen nga jeta t\u00eb akademikut Gudar Beqiraj.<\/span><\/p>\n<p><span style=\"color: #000000;\">N\u00eb nj\u00eb mesazh n\u00eb rrjetet sociale, Meta shprehet se sot edhe ai humbi nj\u00eb mik t\u00eb mir\u00eb me t\u00eb cilin kishte bashk\u00ebpunuar p\u00ebr m\u00eb shum\u00eb se tre dekada.<\/span><\/p>\n<p><span style=\"color: #000000;\">Presidenti kujton se humbja nuk \u00ebsht\u00eb vet\u00ebm p\u00ebr Akademin\u00eb e Shkencave, por edhe por sportin e pesh\u00ebngritjes. Meta shkruan se Beqiraj kontribuoi p\u00ebr modernizimin e k\u00ebtij sporti dhe arritjet e jasht\u00ebzakonshme n\u00ebp\u00ebrmjet metodave t\u00eb reja dhe frym\u00ebs inkurajuese p\u00ebr t\u00eb rinjt\u00eb.<\/span><\/p>\n<p><em><span style=\"color: #000000;\">\u201cMe trishtim t\u00eb thell\u00eb m\u00ebsova lajmin e pabesuesh\u00ebm t\u00eb ndarjes nga jeta t\u00eb Akademikut, Profesorit dhe mikut tim Gudar Beqiraj.<\/span><\/em><\/p>\n<p><em><span style=\"color: #000000;\">Nj\u00eb lajm q\u00eb trishton t\u00eb gjith\u00eb bot\u00ebn akademike, koleg\u00ebt e tij t\u00eb Akademis\u00eb s\u00eb Shkencave t\u00eb Shqip\u00ebris\u00eb, t\u00eb shkencave t\u00eb natyr\u00ebs, t\u00eb informatik\u00ebs dhe t\u00eb t\u00eb gjith\u00eb universiteteve, me t\u00eb cil\u00ebt punoi dhe bashk\u00ebpunoi p\u00ebr nj\u00eb koh\u00eb t\u00eb gjat\u00eb me shum\u00eb profesionaliz\u00ebm dhe p\u00ebrkushtim t\u00eb ve\u00e7ant\u00eb.<\/span><\/em><\/p>\n<p><em><span style=\"color: #000000;\">Lajmi i sot\u00ebm trishton edhe bot\u00ebn e sportit, ve\u00e7an\u00ebrisht at\u00eb t\u00eb pesh\u00ebngritjes, me t\u00eb cilin ishte i lidhur q\u00eb n\u00eb rinin\u00eb e tij t\u00eb hershme dhe p\u00ebr t\u00eb cilin vazhdoi deri n\u00eb frym\u00ebn e fundit t\u00eb kontribuoj\u00eb pa u lodhur.<\/span><\/em><\/p>\n<p><em><span style=\"color: #000000;\">Ai kontribuoi p\u00ebr modernizimin e k\u00ebtij sporti dhe arritjet e jasht\u00ebzakonshme n\u00ebp\u00ebrmjet metodave t\u00eb reja dhe frym\u00ebs inkurajuese p\u00ebr t\u00eb rinjt\u00eb duke u b\u00ebr\u00eb nj\u00eb shembull dhe model n\u00eb promovimin e miq\u00ebsis\u00eb dhe solidaritetit olimpik, edhe n\u00eb nivel nd\u00ebrkomb\u00ebtar.<\/span><\/em><\/p>\n<p><em><span style=\"color: #000000;\">Edhe un\u00eb humba sot nj\u00eb mik t\u00eb vjet\u00ebr, me t\u00eb cilin, p\u00ebr m\u00eb shum\u00eb se tre dekada kam bashk\u00ebpunuar duke zbuluar tek ai nj\u00eb zem\u00ebr t\u00eb madhe, nj\u00eb karakter t\u00eb fort\u00eb, nj\u00eb men\u00e7uri largpam\u00ebse dhe nj\u00eb kuraj\u00eb p\u00ebr t\u00eb marr\u00eb vendimet e duhura, gjithmon\u00eb n\u00eb t\u00eb mir\u00eb dhe n\u00eb dobi t\u00eb shkenc\u00ebs, t\u00eb sportit dhe t\u00eb t\u00eb mir\u00ebs s\u00eb p\u00ebrgjithshme.<\/span><\/em><\/p>\n<p><span style=\"color: #000000;\"><em>Ngush\u00ebllimet e mija t\u00eb thella dhe t\u00eb sinqerta familjes, bashk\u00ebshortes Af\u00ebrdit\u00ebs, vajz\u00ebs dhe t\u00eb gjith\u00eb t\u00eb dashurve, t\u00eb af\u00ebrmve dhe miqve t\u00eb tij.&#8221;<\/em>&#8211; shkruan Meta.<\/span><\/p>\n<p><span style=\"color: #000000;\">Gudar Beqiraj u nda nga jeta sot, pik\u00ebrisht n\u00eb dit\u00ebn ku do t\u00eb festonte 72-vjetorin e lindjes.<\/span><\/p>\n<p>&nbsp;<\/p>\n","protected":false,"gt_translate_keys":[{"key":"rendered","format":"html"}]},"excerpt":{"rendered":"<p>Presidenti i vendit Ilir Meta, ka reaguar p\u00ebr ndarjen nga jeta t\u00eb akademikut Gudar Beqiraj. N\u00eb nj\u00eb mesazh n\u00eb rrjetet sociale, Meta shprehet se sot edhe ai humbi nj\u00eb mik t\u00eb mir\u00eb me t\u00eb cilin kishte bashk\u00ebpunuar p\u00ebr m\u00eb shum\u00eb se tre dekada. Presidenti kujton se humbja nuk \u00ebsht\u00eb vet\u00ebm p\u00ebr Akademin\u00eb e Shkencave, por [&hellip;]<\/p>\n","protected":false,"gt_translate_keys":[{"key":"rendered","format":"html"}]},"author":30,"featured_media":372739,"comment_status":"open","ping_status":"open","sticky":false,"template":"","format":"standard","meta":{"footnotes":""},"categories":[65,13],"tags":[],"class_list":["post-372738","post","type-post","status-publish","format-standard","has-post-thumbnail","hentry","category-lajme","category-te-fundit"],"gt_translate_keys":[{"key":"link","format":"url"}],"_links":{"self":[{"href":"https:\/\/www.hashtag.al\/index.php\/wp-json\/wp\/v2\/posts\/372738","targetHints":{"allow":["GET"]}}],"collection":[{"href":"https:\/\/www.hashtag.al\/index.php\/wp-json\/wp\/v2\/posts"}],"about":[{"href":"https:\/\/www.hashtag.al\/index.php\/wp-json\/wp\/v2\/types\/post"}],"author":[{"embeddable":true,"href":"https:\/\/www.hashtag.al\/index.php\/wp-json\/wp\/v2\/users\/30"}],"replies":[{"embeddable":true,"href":"https:\/\/www.hashtag.al\/index.php\/wp-json\/wp\/v2\/comments?post=372738"}],"version-history":[{"count":0,"href":"https:\/\/www.hashtag.al\/index.php\/wp-json\/wp\/v2\/posts\/372738\/revisions"}],"wp:featuredmedia":[{"embeddable":true,"href":"https:\/\/www.hashtag.al\/index.php\/wp-json\/wp\/v2\/media\/372739"}],"wp:attachment":[{"href":"https:\/\/www.hashtag.al\/index.php\/wp-json\/wp\/v2\/media?parent=372738"}],"wp:term":[{"taxonomy":"category","embeddable":true,"href":"https:\/\/www.hashtag.al\/index.php\/wp-json\/wp\/v2\/categories?post=372738"},{"taxonomy":"post_tag","embeddable":true,"href":"https:\/\/www.hashtag.al\/index.php\/wp-json\/wp\/v2\/tags?post=372738"}],"curies":[{"name":"wp","href":"https:\/\/api.w.org\/{rel}","templated":true}]}}