{"id":372720,"date":"2020-05-11T11:35:21","date_gmt":"2020-05-11T09:35:21","guid":{"rendered":"https:\/\/hashtag.al\/?p=372720"},"modified":"2020-05-11T11:37:53","modified_gmt":"2020-05-11T09:37:53","slug":"njehere-e-mohove-zjarrin-pastaj-e-quajte-incident-spahia-ka-disa-pyetje-per-manastirliun","status":"publish","type":"post","link":"https:\/\/www.hashtag.al\/index.php\/2020\/05\/11\/njehere-e-mohove-zjarrin-pastaj-e-quajte-incident-spahia-ka-disa-pyetje-per-manastirliun\/","title":{"rendered":"&#8220;Nj\u00ebher\u00eb e mohove zjarrin, pastaj e quajte incident&#8221;- Spahia ka disa pyetje p\u00ebr Manastirliun","gt_translate_keys":[{"key":"rendered","format":"text"}]},"content":{"rendered":"<p><a href=\"https:\/\/hashtag.al\/wp-content\/uploads\/2018\/11\/spahiamanastirliu2nentor.jpg\"><img loading=\"lazy\" decoding=\"async\" class=\"aligncenter size-full wp-image-246646\" src=\"https:\/\/hashtag.al\/wp-content\/uploads\/2018\/11\/spahiamanastirliu2nentor.jpg\" alt=\"\" width=\"1565\" height=\"740\" srcset=\"https:\/\/www.hashtag.al\/wp-content\/uploads\/2018\/11\/spahiamanastirliu2nentor.jpg 1565w, https:\/\/www.hashtag.al\/wp-content\/uploads\/2018\/11\/spahiamanastirliu2nentor-300x142.jpg 300w, https:\/\/www.hashtag.al\/wp-content\/uploads\/2018\/11\/spahiamanastirliu2nentor-768x363.jpg 768w, https:\/\/www.hashtag.al\/wp-content\/uploads\/2018\/11\/spahiamanastirliu2nentor-1024x484.jpg 1024w\" sizes=\"auto, (max-width: 1565px) 100vw, 1565px\" \/><\/a><\/p>\n<p><span style=\"color: #000000;\">Ish-deputeti i partis\u00eb Demokratike, Bardh Spahia ka ngritur disa pyetje p\u00ebr ministren e Sh\u00ebndet\u00ebsis\u00eb, Ogerta Manastirliu lidhur me zjarrin tek zyra e prokurimeve n\u00eb k\u00ebt\u00eb Ministri.<\/span><\/p>\n<p><span style=\"color: #000000;\">Spahia thot\u00eb se ministrja nj\u00ebher\u00eb e mohoi se kjo kishte ndodhur e m\u00eb pas e pranoi duke e quajtur nj\u00eb incident. Ai e pyet Manastirliun se n\u00ebse ky paska qen\u00eb nj\u00eb \u201cincident\u201d, p\u00ebrse ministrja e mohoi personalisht e zyrtarisht.<\/span><\/p>\n<p><span style=\"color: #000000;\">Sipas tij, zjarri n\u00eb ministri ka ndodhur fiks 9 dit\u00eb pas denoncimit t\u00eb par\u00eb t\u00eb PD p\u00ebr tenderat sekret\u00eb t\u00eb Ministris\u00eb s\u00eb Sh\u00ebndet\u00ebsis\u00eb, ndryshe nga sa pretendon Manastirliu e cila thot\u00eb 26 dit\u00eb m\u00eb par\u00eb.<\/span><\/p>\n<p><span style=\"color: #000000;\">Ish-deputeti demokrat i b\u00ebn p\u00ebrs\u00ebri thirrje prokuror\u00ebve t\u00eb SPAK-ut, q\u00eb t\u00eb hetojn\u00eb r\u00ebnien e k\u00ebtij zjarri.<\/span><\/p>\n<p><strong><span style=\"color: #000000;\">KOMENTI I DEPUTETIT SPAHIA<\/span><\/strong><\/p>\n<p><span style=\"color: #000000;\">OGERTA, ja q\u00eb tym n\u00eb Ministri paska pasur<\/span><\/p>\n<p><span style=\"color: #000000;\">Nj\u00eb dit\u00eb e mohon r\u00ebnien e zjarrit n\u00eb ministri, e t\u00eb nes\u00ebrmen e quan \u201cincident\u201c! As 24 or\u00eb nuk i mban g\u00ebnjeshtra, por teksa g\u00ebnjen, zonja ministre del edhe m\u00eb zbuluar me justifkimet q\u00eb vet\u00eb nxjerr. Ogerta ja q\u00eb tymi t\u00eb paska dal\u00eb\u2026<\/span><\/p>\n<p><span style=\"color: #000000;\">Kur e quan \u201cincident\u201c zjarrin e r\u00ebn\u00eb n\u00eb katin e kat\u00ebrt ku ka zyrat e dy drejtoreshave militante t\u00eb tenderave, ministrja Manastirliu duhet t\u00eb sqaroj\u00eb:\u00a0<\/span><\/p>\n<p><span style=\"color: #000000;\">\u2013 P\u00ebrse \u201cincidenti\u201c ndodhi t\u00eb pakt\u00ebn 5 or\u00eb e gjys\u00ebm pas orarit t\u00eb pun\u00ebs 08.00 -13.00 q\u00eb vet\u00eb ministrja me vendimin nr 237 \/2020 ka percaktuar n\u00eb kuad\u00ebr t\u00eb epidemis\u00eb s\u00eb Covid? Komunikimi zyrtar, q\u00eb Ogerta e pranoi, thot\u00eb se alarmi antizjarr ka r\u00ebn\u00eb rreth or\u00ebs 18.00..<\/span><\/p>\n<p><span style=\"color: #000000;\">\u2013 P\u00ebrse gjith\u00eb ai zell p\u00ebr t\u00eb djegur dokumente, p\u00ebrtej or\u00ebs 13.00?\u00a0<\/span><\/p>\n<p><span style=\"color: #000000;\">\u2013 Kaq shum\u00eb ishin sa nuk mjaftoi orari zyrtar, apo duhej q\u00eb nd\u00ebrtesa t\u00eb ishte pa punonj\u00ebs, q\u00eb t\u00eb mos m\u00ebsohej se po digjeshin dokumente?<\/span><\/p>\n<p><span style=\"color: #000000;\">\u2013 Cil\u00ebt ishin punonj\u00ebsit piroman\u00eb q\u00eb djegin letra dhe i shuajn\u00eb me uj\u00eb? Me urdh\u00ebr 166 dat\u00eb 12.03 2020 \u201cPer miratimin e masave organizative dhe administrative MSHMS Ogerta i kishte d\u00ebrguar punonj\u00ebsit n\u00eb sht\u00ebpi t\u00eb punonin online dhe t\u00eb gjitha drejtorit\u00eb vazhdonin t\u00eb punonin me grafik (1 ose 2 punonj\u00ebs prezent ) -Nga ky urdh\u00ebr sipas pik\u00ebs 8 \u201cOgerta e Tymit\u201d p\u00ebrjashtonte vet\u00ebm punonj\u00ebsit e p\u00ebrfshir\u00eb n\u00eb procedura nga autoriteti kontraktual. Ne ministri me urdh\u00ebrin t\u00ebnd zonja ministre kan\u00eb qen\u00eb vet\u00ebm punonj\u00ebsit e tenderave sekrete.\u00a0<\/span><\/p>\n<p><span style=\"color: #000000;\">-N\u00ebse ky paska qen\u00eb nj\u00eb \u201cincident\u201d, p\u00ebrse ministrja e mohoi personalisht e zyrtarisht? Pse u desh q\u00eb t\u00eb publikonim emailin q\u00eb ministrja ta pranonte?<\/span><\/p>\n<p><span style=\"color: #000000;\">N\u00eb kuad\u00ebr t\u00eb fshehjes s\u00eb t\u00eb v\u00ebrtet\u00ebs, ministrja q\u00eb i \u201cshet\u201d t\u00eb gjith\u00eb dhe nuk merr asnj\u00ebher\u00eb p\u00ebrgjegj\u00ebsi individuale, tha se \u201cIncidenti\u201d ka ndodhur 26 dit\u00eb m\u00eb par\u00eb! E v\u00ebrtet\u00eb, zjarri \u00ebsht\u00eb konstatuar fiks 9 dit\u00eb pas denoncimit t\u00eb par\u00eb t\u00eb PD p\u00ebr tenderat sekret\u00eb dhe nj\u00eb dit\u00eb pasi emisionet investigative anoncionin skandale dhe portalet publikuan nj\u00eb investigim mbi tenderin e paracaktuar t\u00eb pajisjeve mjek\u00ebsore, maskave dhe m\u00eb von\u00eb tenderin e kiteve nga OES Distribution ( Firma Jote e preferuar zonja ministre q\u00eb p\u00ebr koincidenc\u00eb t\u00eb fatit ka fituar fiks 166 tendera gjat\u00eb periudh\u00ebs t\u00ebnde nga drejtimi i QSUT deri n\u00eb daljen e tymit).<\/span><\/p>\n<p><span style=\"color: #000000;\">K\u00ebto nuk jan\u00eb rast\u00ebsi Ogerta, as gafa te trasha; (SI LIDHJA E PORTIT TE VLORES ME ATE TE ANCONES QE E THE ME LEHTESINE E NJE NJERIU TE PALEXUAR JAVE ME PARE NE MEDIA). ME ARROGANCE vazhdon t\u00eb prodhosh g\u00ebnjeshtra p\u00ebr t\u00eb mbuluar abuzimet q\u00eb jan\u00eb sa flagrante, aq edhe mjerane! Ja q\u00eb tym paska pas Ogerta. Dhe tymi q\u00eb ka dale nga firma jote k\u00ebt\u00eb her\u00eb ka qen\u00eb i zi\u2026<\/span><\/p>\n<ol>\n<li><span style=\"color: #000000;\">P\u00ebrs\u00ebrisim thirrjen p\u00ebr prokuror\u00ebt e SPAK q\u00eb t\u00eb hetohet r\u00ebnia e k\u00ebtij zjarri t\u00eb provuar me dokument t\u00eb Ministris\u00eb s\u00eb Sh\u00ebndet\u00ebsis\u00eb, e t\u00eb administrohet deklarata e ministres Manastirliu q\u00eb e mohon dicka q\u00eb \u00ebsht\u00eb e shkruar e zez\u00eb mbi t\u00eb bardh\u00eb!<\/span><\/li>\n<\/ol>\n","protected":false,"gt_translate_keys":[{"key":"rendered","format":"html"}]},"excerpt":{"rendered":"<p>Ish-deputeti i partis\u00eb Demokratike, Bardh Spahia ka ngritur disa pyetje p\u00ebr ministren e Sh\u00ebndet\u00ebsis\u00eb, Ogerta Manastirliu lidhur me zjarrin tek zyra e prokurimeve n\u00eb k\u00ebt\u00eb Ministri. Spahia thot\u00eb se ministrja nj\u00ebher\u00eb e mohoi se kjo kishte ndodhur e m\u00eb pas e pranoi duke e quajtur nj\u00eb incident. Ai e pyet Manastirliun se n\u00ebse ky paska [&hellip;]<\/p>\n","protected":false,"gt_translate_keys":[{"key":"rendered","format":"html"}]},"author":30,"featured_media":246646,"comment_status":"open","ping_status":"open","sticky":false,"template":"","format":"standard","meta":{"footnotes":""},"categories":[65,13],"tags":[],"class_list":["post-372720","post","type-post","status-publish","format-standard","has-post-thumbnail","hentry","category-lajme","category-te-fundit"],"gt_translate_keys":[{"key":"link","format":"url"}],"_links":{"self":[{"href":"https:\/\/www.hashtag.al\/index.php\/wp-json\/wp\/v2\/posts\/372720","targetHints":{"allow":["GET"]}}],"collection":[{"href":"https:\/\/www.hashtag.al\/index.php\/wp-json\/wp\/v2\/posts"}],"about":[{"href":"https:\/\/www.hashtag.al\/index.php\/wp-json\/wp\/v2\/types\/post"}],"author":[{"embeddable":true,"href":"https:\/\/www.hashtag.al\/index.php\/wp-json\/wp\/v2\/users\/30"}],"replies":[{"embeddable":true,"href":"https:\/\/www.hashtag.al\/index.php\/wp-json\/wp\/v2\/comments?post=372720"}],"version-history":[{"count":0,"href":"https:\/\/www.hashtag.al\/index.php\/wp-json\/wp\/v2\/posts\/372720\/revisions"}],"wp:featuredmedia":[{"embeddable":true,"href":"https:\/\/www.hashtag.al\/index.php\/wp-json\/wp\/v2\/media\/246646"}],"wp:attachment":[{"href":"https:\/\/www.hashtag.al\/index.php\/wp-json\/wp\/v2\/media?parent=372720"}],"wp:term":[{"taxonomy":"category","embeddable":true,"href":"https:\/\/www.hashtag.al\/index.php\/wp-json\/wp\/v2\/categories?post=372720"},{"taxonomy":"post_tag","embeddable":true,"href":"https:\/\/www.hashtag.al\/index.php\/wp-json\/wp\/v2\/tags?post=372720"}],"curies":[{"name":"wp","href":"https:\/\/api.w.org\/{rel}","templated":true}]}}