{"id":372533,"date":"2020-05-10T12:32:53","date_gmt":"2020-05-10T10:32:53","guid":{"rendered":"https:\/\/hashtag.al\/?p=372533"},"modified":"2020-05-10T12:32:53","modified_gmt":"2020-05-10T10:32:53","slug":"ministria-e-shendetesise-reagon-ndaj-akuzave-te-pd-se-shpifje-me-qellim-manipulimin-e-opinionit-emaili-ishte-terheqje-vemendjeje","status":"publish","type":"post","link":"https:\/\/www.hashtag.al\/index.php\/2020\/05\/10\/ministria-e-shendetesise-reagon-ndaj-akuzave-te-pd-se-shpifje-me-qellim-manipulimin-e-opinionit-emaili-ishte-terheqje-vemendjeje\/","title":{"rendered":"Ministria e Sh\u00ebndet\u00ebsis\u00eb reagon ndaj akuzave t\u00eb PD-s\u00eb: Shpifje me q\u00ebllim manipulimin e opinionit, emaili ishte \u201ct\u00ebrheqje v\u00ebmendjeje\u201d","gt_translate_keys":[{"key":"rendered","format":"text"}]},"content":{"rendered":"<p><img loading=\"lazy\" decoding=\"async\" class=\"aligncenter size-full wp-image-372524\" src=\"https:\/\/hashtag.al\/wp-content\/uploads\/2020\/05\/1589101003_shendetesia.jpg\" alt=\"\" width=\"780\" height=\"439\" srcset=\"https:\/\/www.hashtag.al\/wp-content\/uploads\/2020\/05\/1589101003_shendetesia.jpg 780w, https:\/\/www.hashtag.al\/wp-content\/uploads\/2020\/05\/1589101003_shendetesia-300x169.jpg 300w, https:\/\/www.hashtag.al\/wp-content\/uploads\/2020\/05\/1589101003_shendetesia-768x432.jpg 768w\" sizes=\"auto, (max-width: 780px) 100vw, 780px\" \/><\/p>\n<p><span style=\"color: #000000;\">Ministria e Sh\u00ebndet\u00ebsis\u00eb ka reaguar lidhur me akuzat e Partis\u00eb Demokratike se n\u00eb Zyr\u00ebn e Prokurimeve ka r\u00ebn\u00eb zjarr por q\u00eb q\u00ebllimi ka qen\u00eb djegia e letrave t\u00eb tenderave t\u00eb kryer nga ky institucion.<\/span><\/p>\n<p><span style=\"color: #000000;\">Ministria gjithashtu ka th\u00ebn\u00eb se emaili i publikuar nga Spahia n\u00eb deklarat\u00ebn publike \u00ebsht\u00eb \u201ct\u00ebrheqje v\u00ebmendje\u201d e para 26 dit\u00ebve nga p\u00ebrgjegj\u00ebsje p\u00ebr sigurin\u00eb e ministris\u00eb p\u00ebr shkak t\u00eb nj\u00eb incidenti nga nj\u00eb punonj\u00ebse e cila ka marr\u00eb mas\u00eb administrative.<\/span><\/p>\n<p><span style=\"color: #000000;\">Me k\u00ebt\u00eb deklarat\u00eb, Ministria e Sh\u00ebndet\u00ebsis\u00eb k\u00ebrkon t\u00eb hedhe posht\u00eb akuzat e ngritura nga opozita mbi tenderat sekret\u00eb.<\/span><\/p>\n<p><span style=\"color: #000000;\">\u201c<em>N\u00eb p\u00ebrgjigje t\u00eb akuzave t\u00eb Partis\u00eb Demokratike, Ministria e Sh\u00ebndet\u00ebsis\u00eb dhe Mbrojtjes Sociale sqaron se nuk ka r\u00ebn\u00eb zjarr n\u00eb institucion. \u201cZbulimi\u201d i b\u00ebr\u00eb sot nga PD i referohet nj\u00eb emaili &#8220;t\u00ebrheqje v\u00ebmendje&#8221; t\u00eb para 26 dit\u00ebve, nga p\u00ebrgjegj\u00ebsja p\u00ebr sigurin\u00eb n\u00eb ministri, e cila i \u00ebsht\u00eb drejtuar stafit pas nj\u00eb incidenti t\u00eb shkaktuar nga nj\u00eb punonj\u00ebse, ndaj t\u00eb cil\u00ebs m\u00eb pas \u00ebsht\u00eb marr\u00eb mas\u00eb administrative.<br \/>\n<\/em><\/span><\/p>\n<p><span style=\"color: #000000;\"><em>Ministria e Sh\u00ebndet\u00ebsis\u00eb dhe Mbrojtjes Sociale hedh posht\u00eb aludimet dhe\u00a0shpifjet e PD, q\u00eb k\u00ebrkon t\u00eb manipuloj\u00eb opinionin me histori djegie letrash n\u00eb korridore, kur e di i madh e i vog\u00ebl se \u00e7do dokument zyrtar ruhet n\u00eb Protokollin e Ministris\u00eb dhe t\u00eb \u00e7do institucioni. Duke b\u00ebr\u00eb publik k\u00ebt\u00eb email, i cili d\u00ebrgohet r\u00ebndom n\u00ebp\u00ebr institucione p\u00ebr t\u2019u t\u00ebrhequr v\u00ebmendjen punonj\u00ebsve, PD ka demonstruar edhe nj\u00eb her\u00eb se protokollet e siguris\u00eb dhe masat disiplinore n\u00eb MSHMS, funksionojn\u00eb m\u00eb s\u00eb miri.<\/em><\/span><\/p>\n<p><span style=\"color: #000000;\"><em>Sikund\u00ebr e kemi deklaruar q\u00eb n\u00eb krye t\u00eb her\u00ebs, Ministria e Sh\u00ebndet\u00ebsis\u00eb \u00ebsht\u00eb e hapur p\u00ebr \u00e7do hetim nga organet e drejt\u00ebsis\u00eb. Nj\u00ebkoh\u00ebsisht, i b\u00ebjm\u00eb n\u00eb m\u00ebnyr\u00eb t\u00eb p\u00ebrs\u00ebritur thirrje PD q\u00eb t\u00eb ndal\u00eb fushat\u00ebn e shpifjeve dhe t\u00eb pres\u00eb me durim fjal\u00ebn e drejt\u00ebsis\u00eb<\/em>!\u201d-thuhet n\u00eb deklarat\u00ebn e Ministris\u00eb.<\/span><\/p>\n","protected":false,"gt_translate_keys":[{"key":"rendered","format":"html"}]},"excerpt":{"rendered":"<p>Ministria e Sh\u00ebndet\u00ebsis\u00eb ka reaguar lidhur me akuzat e Partis\u00eb Demokratike se n\u00eb Zyr\u00ebn e Prokurimeve ka r\u00ebn\u00eb zjarr por q\u00eb q\u00ebllimi ka qen\u00eb djegia e letrave t\u00eb tenderave t\u00eb kryer nga ky institucion. Ministria gjithashtu ka th\u00ebn\u00eb se emaili i publikuar nga Spahia n\u00eb deklarat\u00ebn publike \u00ebsht\u00eb \u201ct\u00ebrheqje v\u00ebmendje\u201d e para 26 dit\u00ebve nga [&hellip;]<\/p>\n","protected":false,"gt_translate_keys":[{"key":"rendered","format":"html"}]},"author":32,"featured_media":370485,"comment_status":"open","ping_status":"open","sticky":false,"template":"","format":"standard","meta":{"footnotes":""},"categories":[65,13],"tags":[],"class_list":["post-372533","post","type-post","status-publish","format-standard","has-post-thumbnail","hentry","category-lajme","category-te-fundit"],"gt_translate_keys":[{"key":"link","format":"url"}],"_links":{"self":[{"href":"https:\/\/www.hashtag.al\/index.php\/wp-json\/wp\/v2\/posts\/372533","targetHints":{"allow":["GET"]}}],"collection":[{"href":"https:\/\/www.hashtag.al\/index.php\/wp-json\/wp\/v2\/posts"}],"about":[{"href":"https:\/\/www.hashtag.al\/index.php\/wp-json\/wp\/v2\/types\/post"}],"author":[{"embeddable":true,"href":"https:\/\/www.hashtag.al\/index.php\/wp-json\/wp\/v2\/users\/32"}],"replies":[{"embeddable":true,"href":"https:\/\/www.hashtag.al\/index.php\/wp-json\/wp\/v2\/comments?post=372533"}],"version-history":[{"count":0,"href":"https:\/\/www.hashtag.al\/index.php\/wp-json\/wp\/v2\/posts\/372533\/revisions"}],"wp:featuredmedia":[{"embeddable":true,"href":"https:\/\/www.hashtag.al\/index.php\/wp-json\/wp\/v2\/media\/370485"}],"wp:attachment":[{"href":"https:\/\/www.hashtag.al\/index.php\/wp-json\/wp\/v2\/media?parent=372533"}],"wp:term":[{"taxonomy":"category","embeddable":true,"href":"https:\/\/www.hashtag.al\/index.php\/wp-json\/wp\/v2\/categories?post=372533"},{"taxonomy":"post_tag","embeddable":true,"href":"https:\/\/www.hashtag.al\/index.php\/wp-json\/wp\/v2\/tags?post=372533"}],"curies":[{"name":"wp","href":"https:\/\/api.w.org\/{rel}","templated":true}]}}