{"id":372306,"date":"2020-05-09T11:47:17","date_gmt":"2020-05-09T09:47:17","guid":{"rendered":"https:\/\/hashtag.al\/?p=372306"},"modified":"2020-05-09T11:47:17","modified_gmt":"2020-05-09T09:47:17","slug":"salianji-pas-procedimit-te-tij-nga-policia-agresion-propagande-pa-asnje-vlere-ligjore","status":"publish","type":"post","link":"https:\/\/www.hashtag.al\/index.php\/2020\/05\/09\/salianji-pas-procedimit-te-tij-nga-policia-agresion-propagande-pa-asnje-vlere-ligjore\/","title":{"rendered":"Salianji pas procedimit t\u00eb tij nga policia: Agresion propagande, pa asnj\u00eb vler\u00eb ligjore","gt_translate_keys":[{"key":"rendered","format":"text"}]},"content":{"rendered":"<p><a href=\"https:\/\/hashtag.al\/wp-content\/uploads\/2020\/05\/5eb671121a40f96419307_3030528996969556_6133470477034717184_n.jpg\"><img loading=\"lazy\" decoding=\"async\" class=\"aligncenter size-full wp-image-372303\" src=\"https:\/\/hashtag.al\/wp-content\/uploads\/2020\/05\/5eb671121a40f96419307_3030528996969556_6133470477034717184_n.jpg\" alt=\"\" width=\"960\" height=\"640\" srcset=\"https:\/\/www.hashtag.al\/wp-content\/uploads\/2020\/05\/5eb671121a40f96419307_3030528996969556_6133470477034717184_n.jpg 960w, https:\/\/www.hashtag.al\/wp-content\/uploads\/2020\/05\/5eb671121a40f96419307_3030528996969556_6133470477034717184_n-300x200.jpg 300w, https:\/\/www.hashtag.al\/wp-content\/uploads\/2020\/05\/5eb671121a40f96419307_3030528996969556_6133470477034717184_n-768x512.jpg 768w\" sizes=\"auto, (max-width: 960px) 100vw, 960px\" \/><\/a><\/p>\n<p><span style=\"color: #000000;\">Ish-deputeti demokrat Ervin Salianji ka folur pas procedimit penal nga policia, lidhur me takimin q\u00eb pati nj\u00eb dit\u00eb m\u00eb par\u00eb me fermer\u00ebt n\u00eb Divjak\u00eb.<\/span><\/p>\n<p><span style=\"color: #000000;\">Salianji tha n\u00eb nj\u00eb lidhje me \u201cSkype\u201d me televizionin \u201cNews24\u201d se procedimi i tij nuk ka asnj\u00eb vler\u00eb ligjore.<\/span><\/p>\n<p><span style=\"color: #000000;\"><em>\u00a0\u201cProcedimi, agresion propagande, me asnj\u00eb vler\u00eb ligjore. Biseda u zhvillua n\u00eb nj\u00eb \u2018zon\u00eb t\u00eb gjelb\u00ebr\u2019. Do t\u00eb vijoj q\u00eb t\u00eb takoj qytetar\u00ebt, nuk t\u00ebrhiqem\u201d<\/em>, tha Salianji.<\/span><\/p>\n<p><span style=\"color: #000000;\">Ish-deputeti u takua mesdit\u00ebn e djeshme me fermer\u00ebt, t\u00eb cil\u00ebt akuzuan qeverin\u00eb se i ka braktisur. E sot policia njoftoi se ka proceduar penalisht gjasht\u00eb persona lidhur me protest\u00ebn, tre prej t\u00eb cil\u00ebve jan\u00eb pjes\u00eb e strukturave t\u00eb PD-s\u00eb s\u00eb Divjak\u00ebs.<\/span><\/p>\n<p><span style=\"color: #000000;\">Policia thot\u00eb se ata organizuan grumbullime t\u00eb paligjshme n\u00eb kund\u00ebrshtim me masat e vendosura nga qeveria p\u00ebr frenimin e pandemis\u00eb s\u00eb COVID-19.<\/span><\/p>\n<p><span style=\"color: #000000;\">Nj\u00ebri \u00ebsht\u00eb Ervin Salianji, tjetri \u00ebsht\u00eb nj\u00eb k\u00ebshilltar i PD-s\u00eb Marjus Seitaj, si dhe kryetari i deg\u00ebs s\u00eb k\u00ebsaj force politike n\u00eb Divjak\u00eb, Julian Gjini.<\/span><\/p>\n","protected":false,"gt_translate_keys":[{"key":"rendered","format":"html"}]},"excerpt":{"rendered":"<p>Ish-deputeti demokrat Ervin Salianji ka folur pas procedimit penal nga policia, lidhur me takimin q\u00eb pati nj\u00eb dit\u00eb m\u00eb par\u00eb me fermer\u00ebt n\u00eb Divjak\u00eb. Salianji tha n\u00eb nj\u00eb lidhje me \u201cSkype\u201d me televizionin \u201cNews24\u201d se procedimi i tij nuk ka asnj\u00eb vler\u00eb ligjore. \u00a0\u201cProcedimi, agresion propagande, me asnj\u00eb vler\u00eb ligjore. Biseda u zhvillua n\u00eb nj\u00eb [&hellip;]<\/p>\n","protected":false,"gt_translate_keys":[{"key":"rendered","format":"html"}]},"author":30,"featured_media":296636,"comment_status":"open","ping_status":"open","sticky":false,"template":"","format":"standard","meta":{"footnotes":""},"categories":[65,13],"tags":[],"class_list":["post-372306","post","type-post","status-publish","format-standard","has-post-thumbnail","hentry","category-lajme","category-te-fundit"],"gt_translate_keys":[{"key":"link","format":"url"}],"_links":{"self":[{"href":"https:\/\/www.hashtag.al\/index.php\/wp-json\/wp\/v2\/posts\/372306","targetHints":{"allow":["GET"]}}],"collection":[{"href":"https:\/\/www.hashtag.al\/index.php\/wp-json\/wp\/v2\/posts"}],"about":[{"href":"https:\/\/www.hashtag.al\/index.php\/wp-json\/wp\/v2\/types\/post"}],"author":[{"embeddable":true,"href":"https:\/\/www.hashtag.al\/index.php\/wp-json\/wp\/v2\/users\/30"}],"replies":[{"embeddable":true,"href":"https:\/\/www.hashtag.al\/index.php\/wp-json\/wp\/v2\/comments?post=372306"}],"version-history":[{"count":0,"href":"https:\/\/www.hashtag.al\/index.php\/wp-json\/wp\/v2\/posts\/372306\/revisions"}],"wp:featuredmedia":[{"embeddable":true,"href":"https:\/\/www.hashtag.al\/index.php\/wp-json\/wp\/v2\/media\/296636"}],"wp:attachment":[{"href":"https:\/\/www.hashtag.al\/index.php\/wp-json\/wp\/v2\/media?parent=372306"}],"wp:term":[{"taxonomy":"category","embeddable":true,"href":"https:\/\/www.hashtag.al\/index.php\/wp-json\/wp\/v2\/categories?post=372306"},{"taxonomy":"post_tag","embeddable":true,"href":"https:\/\/www.hashtag.al\/index.php\/wp-json\/wp\/v2\/tags?post=372306"}],"curies":[{"name":"wp","href":"https:\/\/api.w.org\/{rel}","templated":true}]}}