{"id":372206,"date":"2020-05-08T18:42:13","date_gmt":"2020-05-08T16:42:13","guid":{"rendered":"https:\/\/hashtag.al\/?p=372206"},"modified":"2020-05-08T18:42:30","modified_gmt":"2020-05-08T16:42:30","slug":"shoqerine-civile-e-gjen-ne-borderote-e-shtetit-lubonja-komenton-edhe-marredhenien-meta-rama","status":"publish","type":"post","link":"https:\/\/www.hashtag.al\/index.php\/2020\/05\/08\/shoqerine-civile-e-gjen-ne-borderote-e-shtetit-lubonja-komenton-edhe-marredhenien-meta-rama\/","title":{"rendered":"&#8220;Shoq\u00ebrin\u00eb civile e gjen n\u00eb borderot\u00eb e shtetit&#8221; &#8211; Lubonja komenton edhe marr\u00ebdh\u00ebnien Meta-Rama","gt_translate_keys":[{"key":"rendered","format":"text"}]},"content":{"rendered":"<p><a href=\"https:\/\/hashtag.al\/index.php\/2020\/05\/08\/shoqerine-civile-e-gjen-ne-borderote-e-shtetit-lubonja-komenton-edhe-marredhenien-meta-rama\/fatos-lubonja-jpg2\/\" rel=\"attachment wp-att-372207\"><img loading=\"lazy\" decoding=\"async\" class=\"aligncenter wp-image-372207 size-full\" src=\"https:\/\/hashtag.al\/wp-content\/uploads\/2020\/05\/fatos-lubonja.jpg2_-e1588956114455.png\" alt=\"\" width=\"768\" height=\"454\" srcset=\"https:\/\/www.hashtag.al\/wp-content\/uploads\/2020\/05\/fatos-lubonja.jpg2_-e1588956114455.png 768w, https:\/\/www.hashtag.al\/wp-content\/uploads\/2020\/05\/fatos-lubonja.jpg2_-e1588956114455-300x177.png 300w\" sizes=\"auto, (max-width: 768px) 100vw, 768px\" \/><\/a><\/p>\n<p><span style=\"color: #000000;\">Pandemia e ka forcuar pushtetin e Ram\u00ebs n\u00eb raport me opozit\u00ebn por e ka dob\u00ebsuar ekonomikisht, tha analisti Fatos Lubonja pasditen e sotme.<\/span><\/p>\n<p><span style=\"color: #000000;\"> I ftuar n\u00eb News24, ai komentoi ngjarjet e fundit politike n\u00eb vend duke theksuar se qeveria e Ram\u00ebs ka b\u00ebr\u00eb shum\u00eb pak p\u00ebr qytetar\u00ebt e bizneset duke mbetur e fokusuar te oligark\u00ebt.<\/span><\/p>\n<p><span style=\"color: #000000;\"><em>\u201cN\u00eb disa aspekte pandemia e ka forcuar pushtetin e Ram\u00ebs. N\u00eb raport me opozit\u00ebn dhe rezultatet e pandemis\u00eb n\u00eb vetvete pushteti i tij \u00ebsht\u00eb forcuar. Ajo q\u00eb mendoj se e dob\u00ebson dhe vazhdon ta dob\u00ebsoj\u00eb \u00ebsht\u00eb \u00e7\u00ebshtja ekonomike. Qeveria ka b\u00ebr\u00eb shum\u00eb shum\u00eb pak. Ka vazhduar t\u00eb jet\u00eb nj\u00eb qeveri e fokusuar te interesat e oligark\u00ebve. Protestat q\u00eb zhvillohen kan\u00eb t\u00eb b\u00ebjn\u00eb me autoritarizmin n\u00eb rritje, \u00ebsht\u00eb shfryt\u00ebzuar pandemia p\u00ebr t\u00eb rritur autoritarizmin. Ne kemi m\u00eb pak ndjesh\u00ebmri demokratike se Serbia apo Mali i Zi, m\u00eb pak disidenc\u00eb, edhe popullin e kemi m\u00eb t\u00eb varf\u00ebr, m\u00eb t\u00eb n\u00ebnshtruar.\u201d<\/em> &#8211; tha Lubonja.<\/span><\/p>\n<p><span style=\"color: #000000;\">Ai tha se e gjith\u00eb shoq\u00ebria civile \u00ebsht\u00eb n\u00eb borderot\u00eb e shtetit duke u paguar aty. Lubonja komentoi edhe zgjedhjet n\u00eb universitete duke th\u00ebn\u00eb se qeveria po k\u00ebrkon kapjen kapilare t\u00eb gjith\u00e7kaje duke shtuar se nuk mund t\u00eb b\u00ebhen zgjedhje n\u00eb universitete n\u00eb nj\u00eb koh\u00eb q\u00eb Shqip\u00ebria ka karantimin m\u00eb t\u00eb eg\u00ebr n\u00eb Europ\u00eb.<\/span><\/p>\n<p><span style=\"color: #000000;\">Lidhur me drejt\u00ebsin\u00eb Lubonja tha se reforma ka pasur si q\u00ebllim luft\u00ebn politike duke shtuar se sistemi \u00ebsht\u00eb rrumpall\u00eb. <\/span><\/p>\n<p><span style=\"color: #000000;\">Ai shtoi gjithashtu se presidenti Meta po b\u00ebhet gati p\u00ebr pazarin e radh\u00ebs me Ram\u00ebn e n\u00ebse kjo ndodh, i humburi do jet\u00eb kreu i shtetit.<\/span><\/p>\n<p><span style=\"color: #000000;\"><em>\u201cAprovimi i ndryshimeve t\u00eb Kodit Penal ishte jokushtetues. Kjo \u00ebsht\u00eb nj\u00eb metod\u00eb shtr\u00ebnguese e Ram\u00ebs, q\u00eb do t\u00eb ket\u00eb pasoja edhe n\u00eb t\u00eb ardhmen. Un\u00eb pash\u00eb dhe nj\u00eb reagim t\u00eb fundit t\u00eb Met\u00ebs p\u00ebr \u00e7\u00ebshtjen Dvorani, q\u00eb t\u00eb linte t\u00eb dyshoje shum\u00eb, sigurisht nuk dihet \u00e7far\u00eb pazaresh kan\u00eb, por q\u00eb dihet se nuk jan\u00eb p\u00ebr interesa t\u00eb Kushtetut\u00ebs, por p\u00ebr pazare q\u00eb ka b\u00ebr\u00eb klasa jon\u00eb politike historikisht, p\u00ebr t\u2019i sh\u00ebrbyer bizneseve t\u00eb tyre, biznesit t\u00eb pushtetit.\u201d<\/em> &#8211; tha ai.<\/span><\/p>\n","protected":false,"gt_translate_keys":[{"key":"rendered","format":"html"}]},"excerpt":{"rendered":"<p>Pandemia e ka forcuar pushtetin e Ram\u00ebs n\u00eb raport me opozit\u00ebn por e ka dob\u00ebsuar ekonomikisht, tha analisti Fatos Lubonja pasditen e sotme. I ftuar n\u00eb News24, ai komentoi ngjarjet e fundit politike n\u00eb vend duke theksuar se qeveria e Ram\u00ebs ka b\u00ebr\u00eb shum\u00eb pak p\u00ebr qytetar\u00ebt e bizneset duke mbetur e fokusuar te oligark\u00ebt. [&hellip;]<\/p>\n","protected":false,"gt_translate_keys":[{"key":"rendered","format":"html"}]},"author":51,"featured_media":372207,"comment_status":"open","ping_status":"open","sticky":false,"template":"","format":"standard","meta":{"footnotes":""},"categories":[65,13],"tags":[],"class_list":["post-372206","post","type-post","status-publish","format-standard","has-post-thumbnail","hentry","category-lajme","category-te-fundit"],"gt_translate_keys":[{"key":"link","format":"url"}],"_links":{"self":[{"href":"https:\/\/www.hashtag.al\/index.php\/wp-json\/wp\/v2\/posts\/372206","targetHints":{"allow":["GET"]}}],"collection":[{"href":"https:\/\/www.hashtag.al\/index.php\/wp-json\/wp\/v2\/posts"}],"about":[{"href":"https:\/\/www.hashtag.al\/index.php\/wp-json\/wp\/v2\/types\/post"}],"author":[{"embeddable":true,"href":"https:\/\/www.hashtag.al\/index.php\/wp-json\/wp\/v2\/users\/51"}],"replies":[{"embeddable":true,"href":"https:\/\/www.hashtag.al\/index.php\/wp-json\/wp\/v2\/comments?post=372206"}],"version-history":[{"count":0,"href":"https:\/\/www.hashtag.al\/index.php\/wp-json\/wp\/v2\/posts\/372206\/revisions"}],"wp:featuredmedia":[{"embeddable":true,"href":"https:\/\/www.hashtag.al\/index.php\/wp-json\/wp\/v2\/media\/372207"}],"wp:attachment":[{"href":"https:\/\/www.hashtag.al\/index.php\/wp-json\/wp\/v2\/media?parent=372206"}],"wp:term":[{"taxonomy":"category","embeddable":true,"href":"https:\/\/www.hashtag.al\/index.php\/wp-json\/wp\/v2\/categories?post=372206"},{"taxonomy":"post_tag","embeddable":true,"href":"https:\/\/www.hashtag.al\/index.php\/wp-json\/wp\/v2\/tags?post=372206"}],"curies":[{"name":"wp","href":"https:\/\/api.w.org\/{rel}","templated":true}]}}