{"id":372132,"date":"2020-05-08T14:11:36","date_gmt":"2020-05-08T12:11:36","guid":{"rendered":"https:\/\/hashtag.al\/?p=372132"},"modified":"2020-05-08T14:15:36","modified_gmt":"2020-05-08T12:15:36","slug":"salianji-takohet-me-fermeret-ne-lushnje-bujqesia-pa-asnje-ndihme","status":"publish","type":"post","link":"https:\/\/www.hashtag.al\/index.php\/2020\/05\/08\/salianji-takohet-me-fermeret-ne-lushnje-bujqesia-pa-asnje-ndihme\/","title":{"rendered":"Salianji takohet me fermer\u00ebt n\u00eb Lushnj\u00eb: Bujq\u00ebsia pa asnj\u00eb ndihm\u00eb","gt_translate_keys":[{"key":"rendered","format":"text"}]},"content":{"rendered":"<p><a href=\"https:\/\/hashtag.al\/wp-content\/uploads\/2020\/05\/Salianji.jpg\"><img loading=\"lazy\" decoding=\"async\" class=\"aligncenter size-full wp-image-372135\" src=\"https:\/\/hashtag.al\/wp-content\/uploads\/2020\/05\/Salianji.jpg\" alt=\"\" width=\"1280\" height=\"853\" srcset=\"https:\/\/www.hashtag.al\/wp-content\/uploads\/2020\/05\/Salianji.jpg 1280w, https:\/\/www.hashtag.al\/wp-content\/uploads\/2020\/05\/Salianji-300x200.jpg 300w, https:\/\/www.hashtag.al\/wp-content\/uploads\/2020\/05\/Salianji-768x512.jpg 768w, https:\/\/www.hashtag.al\/wp-content\/uploads\/2020\/05\/Salianji-1024x682.jpg 1024w\" sizes=\"auto, (max-width: 1280px) 100vw, 1280px\" \/><\/a><\/p>\n<p><span style=\"color: #000000;\">P\u00ebrfaq\u00ebsuesi i Partis\u00eb Demokratike, Ervin Salianji, u takua mesdit\u00ebn e sotme me fermer\u00ebt n\u00eb Lushnj\u00eb, t\u00eb cil\u00ebt akuzojn\u00eb qeverin\u00eb se i ka braktisur.<\/span><\/p>\n<p><span style=\"color: #000000;\">Salianji thot\u00eb se Bujq\u00ebsia \u00ebsht\u00eb sektori q\u00eb nuk ka marr\u00eb asnj\u00eb qindark\u00eb ndihm\u00eb nga qeveria, megjith\u00ebse, n\u00eb regjistrat e shtetit llogariten si t\u00eb pun\u00ebsuar rreth 461 mij\u00eb persona.<\/span><\/p>\n<p><span style=\"color: #000000;\"><em>\u00a0\u201cQeveria nuk flet p\u00ebr sektorin bujq\u00ebsor. Bujq\u00ebsia \u00ebsht\u00eb n\u00eb gjendje t\u00eb mjerueshme n\u00eb t\u00eb gjith\u00eb vendin.\u00a0 Ne k\u00ebrkojm\u00eb q\u00eb t\u00eb kthehet v\u00ebmendja tek fermer\u00ebt dhe sektori bujq\u00ebsor, q\u00eb \u00ebsht\u00eb nj\u00eb nga pjes\u00ebt m\u00eb t\u00eb r\u00ebnd\u00ebsishme t\u00eb ekonomis\u00eb s\u00eb vendit\u201d<\/em>&#8211; tha Ervin Salianji gjat\u00eb bashk\u00ebbisedimit me fermer\u00ebt, t\u00eb cil\u00ebt than\u00eb se t\u00eb gjith\u00eb ishin me kredi dhe ishin zhytur akoma m\u00eb keq n\u00eb borxhe k\u00ebto dy muaj.<\/span><\/p>\n<p><span style=\"color: #000000;\"><em>\u201cNafta \u00ebsht\u00eb shum\u00eb e shtrenjt\u00eb dhe e paguajm\u00eb nj\u00ebsoj si karburantin e makin\u00ebs s\u00eb Edi Ram\u00ebs\u201d-<\/em> u shpreh nj\u00eb fermer.<\/span><\/p>\n<p><span style=\"color: #000000;\">\u00a0Nj\u00eb tjet\u00ebr tha se <em>\u201cqeveria nuk ka na ka fare n\u00eb list\u00eb. Nuk na ka as p\u00ebr gj\u00eb, rrojm\u00eb apo nuk rrojm\u00eb.\u201d<\/em><\/span><\/p>\n<p><span style=\"color: #000000;\">Salianji u tha fermer\u00ebve se kjo situat\u00eb e r\u00ebnduar vjen p\u00ebr shkak t\u00eb dor\u00ebzimit t\u00eb ekonomis\u00eb tek pak klient\u00eb t\u00eb Edi Ram\u00ebs.\u00a0<\/span><\/p>\n<p><span style=\"color: #000000;\"><em>\u201cEkonomin\u00eb e kontrollojn\u00eb 2-3 oligark\u00eb. U jep naft\u00ebn, edhe portet, nd\u00ebrtimin, shp\u00ebrndarjen, magazinimin. Shqip\u00ebria punon p\u00ebr 10 vet\u00eb, nd\u00ebrkoh\u00eb q\u00eb 3 milion\u00eb t\u00eb tjer\u00eb vuajn\u00eb<\/em>\u201d-tha Salianji, i cili e krahasoi qeverin\u00eb Rama me nj\u00eb katastrof\u00eb. <em>\u201cN\u00eb \u00e7do sektor thon\u00eb q\u00eb Rama \u00ebsht\u00eb b\u00ebr\u00eb m\u00eb keq se virusi. Ata tremben m\u00eb shum\u00eb nga katastrofa Rama, sesa nga virusi i koron\u00ebs.\u201d-<\/em> u shpreh Salianji.<\/span><\/p>\n<p><a href=\"https:\/\/hashtag.al\/wp-content\/uploads\/2020\/05\/4270ba64-4060-4b63-a596-f828f54acbe9.jpg\"><img loading=\"lazy\" decoding=\"async\" class=\"aligncenter size-full wp-image-372134\" src=\"https:\/\/hashtag.al\/wp-content\/uploads\/2020\/05\/4270ba64-4060-4b63-a596-f828f54acbe9.jpg\" alt=\"\" width=\"1280\" height=\"853\" srcset=\"https:\/\/www.hashtag.al\/wp-content\/uploads\/2020\/05\/4270ba64-4060-4b63-a596-f828f54acbe9.jpg 1280w, https:\/\/www.hashtag.al\/wp-content\/uploads\/2020\/05\/4270ba64-4060-4b63-a596-f828f54acbe9-300x200.jpg 300w, https:\/\/www.hashtag.al\/wp-content\/uploads\/2020\/05\/4270ba64-4060-4b63-a596-f828f54acbe9-768x512.jpg 768w, https:\/\/www.hashtag.al\/wp-content\/uploads\/2020\/05\/4270ba64-4060-4b63-a596-f828f54acbe9-1024x682.jpg 1024w\" sizes=\"auto, (max-width: 1280px) 100vw, 1280px\" \/><\/a> <a href=\"https:\/\/hashtag.al\/wp-content\/uploads\/2020\/05\/61a09d19-6c9c-40e2-a7f2-188f8dc5746d.jpg\"><img loading=\"lazy\" decoding=\"async\" class=\"aligncenter size-full wp-image-372133\" src=\"https:\/\/hashtag.al\/wp-content\/uploads\/2020\/05\/61a09d19-6c9c-40e2-a7f2-188f8dc5746d.jpg\" alt=\"\" width=\"1280\" height=\"853\" srcset=\"https:\/\/www.hashtag.al\/wp-content\/uploads\/2020\/05\/61a09d19-6c9c-40e2-a7f2-188f8dc5746d.jpg 1280w, https:\/\/www.hashtag.al\/wp-content\/uploads\/2020\/05\/61a09d19-6c9c-40e2-a7f2-188f8dc5746d-300x200.jpg 300w, https:\/\/www.hashtag.al\/wp-content\/uploads\/2020\/05\/61a09d19-6c9c-40e2-a7f2-188f8dc5746d-768x512.jpg 768w, https:\/\/www.hashtag.al\/wp-content\/uploads\/2020\/05\/61a09d19-6c9c-40e2-a7f2-188f8dc5746d-1024x682.jpg 1024w\" sizes=\"auto, (max-width: 1280px) 100vw, 1280px\" \/><\/a><\/p>\n","protected":false,"gt_translate_keys":[{"key":"rendered","format":"html"}]},"excerpt":{"rendered":"<p>P\u00ebrfaq\u00ebsuesi i Partis\u00eb Demokratike, Ervin Salianji, u takua mesdit\u00ebn e sotme me fermer\u00ebt n\u00eb Lushnj\u00eb, t\u00eb cil\u00ebt akuzojn\u00eb qeverin\u00eb se i ka braktisur. Salianji thot\u00eb se Bujq\u00ebsia \u00ebsht\u00eb sektori q\u00eb nuk ka marr\u00eb asnj\u00eb qindark\u00eb ndihm\u00eb nga qeveria, megjith\u00ebse, n\u00eb regjistrat e shtetit llogariten si t\u00eb pun\u00ebsuar rreth 461 mij\u00eb persona. \u00a0\u201cQeveria nuk flet p\u00ebr [&hellip;]<\/p>\n","protected":false,"gt_translate_keys":[{"key":"rendered","format":"html"}]},"author":30,"featured_media":372135,"comment_status":"open","ping_status":"open","sticky":false,"template":"","format":"standard","meta":{"footnotes":""},"categories":[65,13],"tags":[],"class_list":["post-372132","post","type-post","status-publish","format-standard","has-post-thumbnail","hentry","category-lajme","category-te-fundit"],"gt_translate_keys":[{"key":"link","format":"url"}],"_links":{"self":[{"href":"https:\/\/www.hashtag.al\/index.php\/wp-json\/wp\/v2\/posts\/372132","targetHints":{"allow":["GET"]}}],"collection":[{"href":"https:\/\/www.hashtag.al\/index.php\/wp-json\/wp\/v2\/posts"}],"about":[{"href":"https:\/\/www.hashtag.al\/index.php\/wp-json\/wp\/v2\/types\/post"}],"author":[{"embeddable":true,"href":"https:\/\/www.hashtag.al\/index.php\/wp-json\/wp\/v2\/users\/30"}],"replies":[{"embeddable":true,"href":"https:\/\/www.hashtag.al\/index.php\/wp-json\/wp\/v2\/comments?post=372132"}],"version-history":[{"count":0,"href":"https:\/\/www.hashtag.al\/index.php\/wp-json\/wp\/v2\/posts\/372132\/revisions"}],"wp:featuredmedia":[{"embeddable":true,"href":"https:\/\/www.hashtag.al\/index.php\/wp-json\/wp\/v2\/media\/372135"}],"wp:attachment":[{"href":"https:\/\/www.hashtag.al\/index.php\/wp-json\/wp\/v2\/media?parent=372132"}],"wp:term":[{"taxonomy":"category","embeddable":true,"href":"https:\/\/www.hashtag.al\/index.php\/wp-json\/wp\/v2\/categories?post=372132"},{"taxonomy":"post_tag","embeddable":true,"href":"https:\/\/www.hashtag.al\/index.php\/wp-json\/wp\/v2\/tags?post=372132"}],"curies":[{"name":"wp","href":"https:\/\/api.w.org\/{rel}","templated":true}]}}