{"id":372043,"date":"2020-05-08T09:11:06","date_gmt":"2020-05-08T07:11:06","guid":{"rendered":"https:\/\/hashtag.al\/?p=372043"},"modified":"2020-05-08T10:41:25","modified_gmt":"2020-05-08T08:41:25","slug":"policia-protesta-e-djeshme-e-paligjshme-proceduam-penalisht-7-persona","status":"publish","type":"post","link":"https:\/\/www.hashtag.al\/index.php\/2020\/05\/08\/policia-protesta-e-djeshme-e-paligjshme-proceduam-penalisht-7-persona\/","title":{"rendered":"Policia: Protesta e djeshme e paligjshme, proceduam penalisht 7 persona","gt_translate_keys":[{"key":"rendered","format":"text"}]},"content":{"rendered":"<p><span style=\"color: #000000;\"><a style=\"color: #000000;\" href=\"https:\/\/hashtag.al\/wp-content\/uploads\/2020\/05\/protesta.jpg\"><img loading=\"lazy\" decoding=\"async\" class=\"aligncenter size-full wp-image-372044\" src=\"https:\/\/hashtag.al\/wp-content\/uploads\/2020\/05\/protesta.jpg\" alt=\"\" width=\"1280\" height=\"720\" srcset=\"https:\/\/www.hashtag.al\/wp-content\/uploads\/2020\/05\/protesta.jpg 1280w, https:\/\/www.hashtag.al\/wp-content\/uploads\/2020\/05\/protesta-300x169.jpg 300w, https:\/\/www.hashtag.al\/wp-content\/uploads\/2020\/05\/protesta-768x432.jpg 768w, https:\/\/www.hashtag.al\/wp-content\/uploads\/2020\/05\/protesta-1024x576.jpg 1024w\" sizes=\"auto, (max-width: 1280px) 100vw, 1280px\" \/><\/a><\/span><\/p>\n<p><span style=\"color: #000000;\">7\u00a0persona jan\u00eb proceduar penalisht pas protest\u00ebs s\u00eb organizuar dje n\u00eb mesdit\u00eb n\u00eb Sheshin Sk\u00ebnderbej, kund\u00ebr masave kufizuese t\u00eb vendosura nga qeveria p\u00ebr t\u00eb frenuar p\u00ebrhapjen e koronavirusit.<\/span><\/p>\n<p><span style=\"color: #000000;\">Mes tyre jan\u00eb edhe 3 organizator\u00ebt e tubimit: \u00a0Zace Islami, Klajdi Bello dhe\u00a0Sazan Guri.<\/span><\/p>\n<p><span style=\"color: #000000;\">Policia e konsideron protest\u00ebn t\u00eb paligjshme, pa lejen e organeve kompetente dhe aq m\u00eb tep\u00ebr n\u00eb koh\u00ebn e pandemis\u00eb.<\/span><\/p>\n<p><span style=\"color: #000000;\">Qytetar\u00eb dhe aktivist\u00eb u mblodh\u00ebn dje rreth or\u00ebs 11:30, p\u00ebr t\u00eb k\u00ebrkuar leht\u00ebsimin e masave t\u00eb qeveris\u00eb lidhur me Covid-19 e rifillimin e normalitetit n\u00eb vend. Ata thonin se masat e marra nga qeveria lidhur me Covid-19 jan\u00eb justifikim p\u00ebr t\u00eb justifikuar instalimin e diktatur\u00ebs n\u00eb vend.<\/span><\/p>\n<p><span style=\"color: #000000;\"><strong>DETAJET E POLICIS\u00cb<\/strong><\/span><\/p>\n<p><span style=\"color: #000000;\">Organizuan protest\u00eb t\u00eb paligjshme, procedohen penalisht 7 persona, nd\u00ebrmjet tyre edhe 3 organizator\u00ebt e tubimit.<\/span><\/p>\n<p><span style=\"color: #000000;\">Specialist\u00ebt p\u00ebr Hetimin e Krimit n\u00eb Komisariatin e Policis\u00eb Nr. 3, n\u00eb p\u00ebrfundim t\u00eb veprimeve t\u00eb kryera n\u00eb lidhje me protest\u00ebn e paligjshme t\u00eb zhvilluar n\u00eb sheshin \u201cSk\u00ebnderbej\u201d, proceduan penalisht n\u00eb gjendje t\u00eb lir\u00eb 7 shtetas.<\/span><\/p>\n<p><span style=\"color: #000000;\">Procedimi ndaj tyre nisi pasi n\u00eb dat\u00eb 7 maj 2020, rreth or\u00ebs 11:30, te sheshi \u201cSk\u00ebnderbej\u201d kan\u00eb protestuar n\u00eb m\u00ebnyr\u00eb t\u00eb paligjshme, pa lejen e organeve kompetetente, duke prishur rendin dhe qet\u00ebsin\u00eb publike, aq m\u00eb tep\u00ebr n\u00eb situtat\u00eb t\u00eb jasht\u00ebzakonshme n\u00eb koh\u00eb pandemie, ku ndalohen me ligj grumbullimet apo tubimet.<\/span><\/p>\n<p><span style=\"color: #000000;\">Shtetasit Z.I., K.B. dhe S.G., n\u00eb rolin e organizator\u00ebve t\u00eb protest\u00ebs, m\u00eb her\u00ebt kan\u00eb b\u00ebr\u00eb thirrje n\u00eb rrjete sociale p\u00ebr protesta e tubime.<\/span><\/p>\n<p><span style=\"color: #000000;\">N\u00eb vijim t\u00eb veprimeve jan\u00eb siguruar pamjet filmike dhe fotografike, si dhe \u00ebsht\u00eb b\u00ebr\u00eb k\u00ebqyrja e rrjeteve sociale, pasi nga k\u00ebta shtetas (organizator\u00ebt) b\u00ebhen thirrje p\u00ebr protesta dhe tubime.<\/span><\/p>\n<p><span style=\"color: #000000;\">Nga ana e sh\u00ebrbimeve t\u00eb Policis\u00eb jan\u00eb vendosur masa administrative\/gjoba, pasi asnj\u00ebri prej tyre nuk ka patur autorizim p\u00ebr t\u00eb dal\u00eb, bazuar n\u00eb nenin 3 t\u00eb Aktit Normativ Nr. 3, dat\u00eb 15.03.2020.<\/span><\/p>\n<p><span style=\"color: #000000;\">Po punohet p\u00ebr masat plot\u00ebsuese sipas Aktit Normativ, si dhe p\u00ebr shoq\u00ebrimin e personave t\u00eb tjer\u00eb q\u00eb kan\u00eb marr\u00eb pjes\u00eb n\u00eb protest\u00eb, pasi jan\u00eb fotografuar dhe identifikuar nga ana e Policis\u00eb.<\/span><\/p>\n<p><span style=\"color: #000000;\">Materialet i kaluan Prokuroris\u00eb n\u00eb ngarkim t\u00eb organizator\u00ebve, p\u00ebr veprat penale \u201cPrishja e rendit dhe qet\u00ebsis\u00eb publike\u201d dhe \u201cOrganizimi dhe pjes\u00ebmarrja n\u00eb tubime t\u00eb paligjshme\u201d.<\/span><\/p>\n<p><span style=\"color: #000000;\">Policia e Shtetit apelon p\u00ebr respektim n\u00eb maksimum t\u00eb masave kufizuese, me q\u00ebllim parandalimin e p\u00ebrhapjes s\u00eb COVID-19.<\/span><\/p>\n","protected":false,"gt_translate_keys":[{"key":"rendered","format":"html"}]},"excerpt":{"rendered":"<p>7\u00a0persona jan\u00eb proceduar penalisht pas protest\u00ebs s\u00eb organizuar dje n\u00eb mesdit\u00eb n\u00eb Sheshin Sk\u00ebnderbej, kund\u00ebr masave kufizuese t\u00eb vendosura nga qeveria p\u00ebr t\u00eb frenuar p\u00ebrhapjen e koronavirusit. Mes tyre jan\u00eb edhe 3 organizator\u00ebt e tubimit: \u00a0Zace Islami, Klajdi Bello dhe\u00a0Sazan Guri. Policia e konsideron protest\u00ebn t\u00eb paligjshme, pa lejen e organeve kompetente dhe aq m\u00eb [&hellip;]<\/p>\n","protected":false,"gt_translate_keys":[{"key":"rendered","format":"html"}]},"author":30,"featured_media":372044,"comment_status":"open","ping_status":"open","sticky":false,"template":"","format":"standard","meta":{"footnotes":""},"categories":[65,13],"tags":[],"class_list":["post-372043","post","type-post","status-publish","format-standard","has-post-thumbnail","hentry","category-lajme","category-te-fundit"],"gt_translate_keys":[{"key":"link","format":"url"}],"_links":{"self":[{"href":"https:\/\/www.hashtag.al\/index.php\/wp-json\/wp\/v2\/posts\/372043","targetHints":{"allow":["GET"]}}],"collection":[{"href":"https:\/\/www.hashtag.al\/index.php\/wp-json\/wp\/v2\/posts"}],"about":[{"href":"https:\/\/www.hashtag.al\/index.php\/wp-json\/wp\/v2\/types\/post"}],"author":[{"embeddable":true,"href":"https:\/\/www.hashtag.al\/index.php\/wp-json\/wp\/v2\/users\/30"}],"replies":[{"embeddable":true,"href":"https:\/\/www.hashtag.al\/index.php\/wp-json\/wp\/v2\/comments?post=372043"}],"version-history":[{"count":0,"href":"https:\/\/www.hashtag.al\/index.php\/wp-json\/wp\/v2\/posts\/372043\/revisions"}],"wp:featuredmedia":[{"embeddable":true,"href":"https:\/\/www.hashtag.al\/index.php\/wp-json\/wp\/v2\/media\/372044"}],"wp:attachment":[{"href":"https:\/\/www.hashtag.al\/index.php\/wp-json\/wp\/v2\/media?parent=372043"}],"wp:term":[{"taxonomy":"category","embeddable":true,"href":"https:\/\/www.hashtag.al\/index.php\/wp-json\/wp\/v2\/categories?post=372043"},{"taxonomy":"post_tag","embeddable":true,"href":"https:\/\/www.hashtag.al\/index.php\/wp-json\/wp\/v2\/tags?post=372043"}],"curies":[{"name":"wp","href":"https:\/\/api.w.org\/{rel}","templated":true}]}}