{"id":371741,"date":"2020-05-06T21:13:51","date_gmt":"2020-05-06T19:13:51","guid":{"rendered":"https:\/\/hashtag.al\/?p=371741"},"modified":"2020-05-06T21:13:51","modified_gmt":"2020-05-06T19:13:51","slug":"leyen-reagon-pas-takimit-online-ne-samitin-e-zagrebit-me-vendet-e-ballkanit-perendimor-zbatoni-reformat-garantoni-lirine-e-shtypit","status":"publish","type":"post","link":"https:\/\/www.hashtag.al\/index.php\/2020\/05\/06\/leyen-reagon-pas-takimit-online-ne-samitin-e-zagrebit-me-vendet-e-ballkanit-perendimor-zbatoni-reformat-garantoni-lirine-e-shtypit\/","title":{"rendered":"Leyen reagon pas takimit online n\u00eb Samitin e Zagrebit me vendet e Ballkanit Per\u00ebndimor: Zbatoni reformat, garantoni lirin\u00eb e shtypit","gt_translate_keys":[{"key":"rendered","format":"text"}]},"content":{"rendered":"<p><img loading=\"lazy\" decoding=\"async\" class=\"aligncenter size-full wp-image-338765\" src=\"https:\/\/hashtag.al\/wp-content\/uploads\/2019\/12\/ursulavonderleyen-e1575476199382.jpg\" alt=\"\" width=\"1017\" height=\"595\" srcset=\"https:\/\/www.hashtag.al\/wp-content\/uploads\/2019\/12\/ursulavonderleyen-e1575476199382.jpg 1017w, https:\/\/www.hashtag.al\/wp-content\/uploads\/2019\/12\/ursulavonderleyen-e1575476199382-300x176.jpg 300w, https:\/\/www.hashtag.al\/wp-content\/uploads\/2019\/12\/ursulavonderleyen-e1575476199382-768x449.jpg 768w\" sizes=\"auto, (max-width: 1017px) 100vw, 1017px\" \/><\/p>\n<p><span style=\"color: #000000;\">Presidentja e Komisionit Evropian Ursula von der Leyen ka reaguar pas p\u00ebrfundimit t\u00eb takimit online me lider\u00ebt e Ballkanit Per\u00ebndimor n\u00eb Samitin e Zagrebit.<\/span><\/p>\n<p><span style=\"color: #000000;\">Presidentja e KE-s\u00eb tha se bashk\u00ebpunimi do nxjerr\u00eb vendet nga kriza e shkaktuar nga koronavirusi.<\/span><\/p>\n<p><span style=\"color: #000000;\">M\u00eb tej ajo b\u00ebri thirrje q\u00eb qeverit\u00eb t\u00eb vazhdojn\u00eb n\u00eb zbatimin e reformave dhe t\u00eb garantojn\u00eb lirin\u00eb e mediave.<\/span><\/p>\n<p><span style=\"color: #000000;\">&#8220;<em>Samiti i sot\u00ebm i Zagrebit BE-Ballkani Per\u00ebndimor ka treguar se ne jemi gjithmon\u00eb m\u00eb t\u00eb fort\u00eb s\u00eb bashku. Ne do t\u00eb ngrihemi m\u00eb shpejt dhe ekonomit\u00eb dhe shoq\u00ebrit\u00eb tona do t\u00eb sh\u00ebrohen m\u00eb shpejt nga koronavirusi me solidaritet dhe bashk\u00ebpunim.<br \/>\nNuk ka dyshim, Ballkani Per\u00ebndimor i p\u00ebrket BE-s\u00eb. Un\u00eb u b\u00ebj thirrje qeverive t\u00eb tyre q\u00eb t\u00eb vazhdojn\u00eb t\u00eb zbatojn\u00eb reformat, ve\u00e7an\u00ebrisht p\u00ebr sundimin e ligjit, luft\u00ebn kund\u00ebr korrupsionit dhe garantimin e liris\u00eb s\u00eb mediave<\/em>\u201d,- shkruan Leyen n\u00eb T\u00ebitter.<\/span><\/p>\n","protected":false,"gt_translate_keys":[{"key":"rendered","format":"html"}]},"excerpt":{"rendered":"<p>Presidentja e Komisionit Evropian Ursula von der Leyen ka reaguar pas p\u00ebrfundimit t\u00eb takimit online me lider\u00ebt e Ballkanit Per\u00ebndimor n\u00eb Samitin e Zagrebit. Presidentja e KE-s\u00eb tha se bashk\u00ebpunimi do nxjerr\u00eb vendet nga kriza e shkaktuar nga koronavirusi. M\u00eb tej ajo b\u00ebri thirrje q\u00eb qeverit\u00eb t\u00eb vazhdojn\u00eb n\u00eb zbatimin e reformave dhe t\u00eb garantojn\u00eb [&hellip;]<\/p>\n","protected":false,"gt_translate_keys":[{"key":"rendered","format":"html"}]},"author":32,"featured_media":338765,"comment_status":"open","ping_status":"open","sticky":false,"template":"","format":"standard","meta":{"footnotes":""},"categories":[6,13],"tags":[],"class_list":["post-371741","post","type-post","status-publish","format-standard","has-post-thumbnail","hentry","category-nderkombetare","category-te-fundit"],"gt_translate_keys":[{"key":"link","format":"url"}],"_links":{"self":[{"href":"https:\/\/www.hashtag.al\/index.php\/wp-json\/wp\/v2\/posts\/371741","targetHints":{"allow":["GET"]}}],"collection":[{"href":"https:\/\/www.hashtag.al\/index.php\/wp-json\/wp\/v2\/posts"}],"about":[{"href":"https:\/\/www.hashtag.al\/index.php\/wp-json\/wp\/v2\/types\/post"}],"author":[{"embeddable":true,"href":"https:\/\/www.hashtag.al\/index.php\/wp-json\/wp\/v2\/users\/32"}],"replies":[{"embeddable":true,"href":"https:\/\/www.hashtag.al\/index.php\/wp-json\/wp\/v2\/comments?post=371741"}],"version-history":[{"count":0,"href":"https:\/\/www.hashtag.al\/index.php\/wp-json\/wp\/v2\/posts\/371741\/revisions"}],"wp:featuredmedia":[{"embeddable":true,"href":"https:\/\/www.hashtag.al\/index.php\/wp-json\/wp\/v2\/media\/338765"}],"wp:attachment":[{"href":"https:\/\/www.hashtag.al\/index.php\/wp-json\/wp\/v2\/media?parent=371741"}],"wp:term":[{"taxonomy":"category","embeddable":true,"href":"https:\/\/www.hashtag.al\/index.php\/wp-json\/wp\/v2\/categories?post=371741"},{"taxonomy":"post_tag","embeddable":true,"href":"https:\/\/www.hashtag.al\/index.php\/wp-json\/wp\/v2\/tags?post=371741"}],"curies":[{"name":"wp","href":"https:\/\/api.w.org\/{rel}","templated":true}]}}