{"id":371606,"date":"2020-05-06T12:28:10","date_gmt":"2020-05-06T10:28:10","guid":{"rendered":"https:\/\/hashtag.al\/?p=371606"},"modified":"2020-05-06T12:28:10","modified_gmt":"2020-05-06T10:28:10","slug":"komunitetet-fetare-kerkojne-hapjen-e-vendeve-te-adhurimit-rama-pas-18-majit-do-kete-dicka-konkrete","status":"publish","type":"post","link":"https:\/\/www.hashtag.al\/index.php\/2020\/05\/06\/komunitetet-fetare-kerkojne-hapjen-e-vendeve-te-adhurimit-rama-pas-18-majit-do-kete-dicka-konkrete\/","title":{"rendered":"Komunitetet fetare k\u00ebrkojn\u00eb hapjen e vendeve t\u00eb adhurimit, Rama: Pas 18 majit do ket\u00eb di\u00e7ka konkrete","gt_translate_keys":[{"key":"rendered","format":"text"}]},"content":{"rendered":"<p><img loading=\"lazy\" decoding=\"async\" class=\"aligncenter size-full wp-image-371609\" src=\"https:\/\/hashtag.al\/wp-content\/uploads\/2020\/05\/komunitetetfetare.jpg\" alt=\"\" width=\"850\" height=\"436\" srcset=\"https:\/\/www.hashtag.al\/wp-content\/uploads\/2020\/05\/komunitetetfetare.jpg 850w, https:\/\/www.hashtag.al\/wp-content\/uploads\/2020\/05\/komunitetetfetare-300x154.jpg 300w, https:\/\/www.hashtag.al\/wp-content\/uploads\/2020\/05\/komunitetetfetare-768x394.jpg 768w\" sizes=\"auto, (max-width: 850px) 100vw, 850px\" \/><\/p>\n<p><span style=\"color: #000000;\">N\u00eb nj\u00eb bashk\u00ebbisedim me video-konferenc\u00eb, drejtuesit e komuniteteve fetare n\u00eb Shqip\u00ebri i kan\u00eb k\u00ebrkuar kryeministrit Rama rihapjen e xhamive, kishave e teqeeve n\u00eb kuad\u00ebr t\u00eb masave leht\u00ebsuese q\u00eb po nd\u00ebrmerr qeveria n\u00eb vend. <\/span><\/p>\n<p><span style=\"color: #000000;\">Ata theksuan se i kan\u00eb marr\u00eb t\u00eb gjitha masat q\u00eb n\u00eb fillimin e pandemis\u00eb p\u00ebr respektimin e vendimit t\u00eb qeveris\u00eb por me zbutjen e saj dhe leht\u00ebsimin e bizneseve k\u00ebrkojn\u00eb q\u00eb kjo gj\u00eb t\u00eb ndodh\u00eb edhe me xhamit\u00eb, kishat e teqet\u00eb. <\/span><\/p>\n<p><span style=\"color: #000000;\">Kreu i qeveris\u00eb u p\u00ebrgjigj se hapja e gjith\u00e7kaje do b\u00ebhet n\u00eb m\u00ebnyr\u00eb graduale nd\u00ebrsa i njoftoi q\u00eb t\u00eb b\u00ebhen gati p\u00ebr t\u2019u vendosur n\u00eb kontakt me personat q\u00eb hartojn\u00eb masat leht\u00ebsuese p\u00ebr t\u00eb punuar mbi kalendarin e leht\u00ebsimeve deri n\u00eb normalizimin e situat\u00ebs. <\/span><\/p>\n<p><span style=\"color: #000000;\">Kryeministri tha se pas 18 majit mund t\u00eb bisedohet lidhur me institucionet fetare.<\/span><\/p>\n<p><span style=\"color: #000000;\"><em>\u201cKjo \u00ebsht\u00eb nj\u00eb gj\u00eb q\u00eb duhet b\u00ebr\u00eb n\u00eb m\u00ebnyr\u00eb graduale. Kjo k\u00ebrkon nj\u00eb bashk\u00ebbisedim me ju se praktikat jan\u00eb t\u00eb ndryshme nga komuniteti n\u00eb komunitet. Ndryshe nga aktivitetet e tjera t\u00eb biznesit n\u00eb rastin e komuniteteve fetare duhet b\u00ebr\u00eb bashkarishit. Nga sot apo nes\u00ebr ju duhet t\u00eb jeni disponib\u00ebl p\u00ebr tu vendosur n\u00eb kontakt me personat q\u00eb hartojn\u00eb masat leht\u00ebsuese, p\u00ebr t\u00eb pasur nj\u00eb konsultim konkret, se si mund t\u00eb hartohet nj\u00eb kalendar gradual deri n\u00eb normalizimin e plot\u00eb. N\u00ebse do hartojm\u00eb nj\u00eb kalendar t\u00eb arsyesh\u00ebm, besoj q\u00eb m\u00eb 18 maj kur do t\u00eb jet\u00eb konfiguruar gjith\u00eb projekti i faz\u00ebs s\u00eb dyt\u00eb t\u00eb mund t\u00eb japim edhe disa indikacione konkrete p\u00ebr institucionet fetare.\u201d<\/em> &#8211; tha nd\u00ebr t\u00eb tjera Rama.<\/span><\/p>\n","protected":false,"gt_translate_keys":[{"key":"rendered","format":"html"}]},"excerpt":{"rendered":"<p>N\u00eb nj\u00eb bashk\u00ebbisedim me video-konferenc\u00eb, drejtuesit e komuniteteve fetare n\u00eb Shqip\u00ebri i kan\u00eb k\u00ebrkuar kryeministrit Rama rihapjen e xhamive, kishave e teqeeve n\u00eb kuad\u00ebr t\u00eb masave leht\u00ebsuese q\u00eb po nd\u00ebrmerr qeveria n\u00eb vend. Ata theksuan se i kan\u00eb marr\u00eb t\u00eb gjitha masat q\u00eb n\u00eb fillimin e pandemis\u00eb p\u00ebr respektimin e vendimit t\u00eb qeveris\u00eb por me [&hellip;]<\/p>\n","protected":false,"gt_translate_keys":[{"key":"rendered","format":"html"}]},"author":51,"featured_media":371609,"comment_status":"open","ping_status":"open","sticky":false,"template":"","format":"standard","meta":{"footnotes":""},"categories":[65,13],"tags":[],"class_list":["post-371606","post","type-post","status-publish","format-standard","has-post-thumbnail","hentry","category-lajme","category-te-fundit"],"gt_translate_keys":[{"key":"link","format":"url"}],"_links":{"self":[{"href":"https:\/\/www.hashtag.al\/index.php\/wp-json\/wp\/v2\/posts\/371606","targetHints":{"allow":["GET"]}}],"collection":[{"href":"https:\/\/www.hashtag.al\/index.php\/wp-json\/wp\/v2\/posts"}],"about":[{"href":"https:\/\/www.hashtag.al\/index.php\/wp-json\/wp\/v2\/types\/post"}],"author":[{"embeddable":true,"href":"https:\/\/www.hashtag.al\/index.php\/wp-json\/wp\/v2\/users\/51"}],"replies":[{"embeddable":true,"href":"https:\/\/www.hashtag.al\/index.php\/wp-json\/wp\/v2\/comments?post=371606"}],"version-history":[{"count":0,"href":"https:\/\/www.hashtag.al\/index.php\/wp-json\/wp\/v2\/posts\/371606\/revisions"}],"wp:featuredmedia":[{"embeddable":true,"href":"https:\/\/www.hashtag.al\/index.php\/wp-json\/wp\/v2\/media\/371609"}],"wp:attachment":[{"href":"https:\/\/www.hashtag.al\/index.php\/wp-json\/wp\/v2\/media?parent=371606"}],"wp:term":[{"taxonomy":"category","embeddable":true,"href":"https:\/\/www.hashtag.al\/index.php\/wp-json\/wp\/v2\/categories?post=371606"},{"taxonomy":"post_tag","embeddable":true,"href":"https:\/\/www.hashtag.al\/index.php\/wp-json\/wp\/v2\/tags?post=371606"}],"curies":[{"name":"wp","href":"https:\/\/api.w.org\/{rel}","templated":true}]}}