{"id":371603,"date":"2020-05-06T12:23:43","date_gmt":"2020-05-06T10:23:43","guid":{"rendered":"https:\/\/hashtag.al\/?p=371603"},"modified":"2020-05-06T12:31:09","modified_gmt":"2020-05-06T10:31:09","slug":"aleanca-per-mbrojtjen-e-teatrit-kallezon-veliajn-dhe-maznikun-ne-spak","status":"publish","type":"post","link":"https:\/\/www.hashtag.al\/index.php\/2020\/05\/06\/aleanca-per-mbrojtjen-e-teatrit-kallezon-veliajn-dhe-maznikun-ne-spak\/","title":{"rendered":"Aleanca p\u00ebr Mbrojtjen e Teatrit kall\u00ebzon Veliajn dhe Maznikun n\u00eb SPAK","gt_translate_keys":[{"key":"rendered","format":"text"}]},"content":{"rendered":"<p><span style=\"color: #000000;\"><a style=\"color: #000000;\" href=\"https:\/\/hashtag.al\/wp-content\/uploads\/2020\/05\/Veliaj-Mazniku-Ditjoni-1.jpg\"><img loading=\"lazy\" decoding=\"async\" class=\"aligncenter size-full wp-image-371604\" src=\"https:\/\/hashtag.al\/wp-content\/uploads\/2020\/05\/Veliaj-Mazniku-Ditjoni-1.jpg\" alt=\"\" width=\"674\" height=\"503\" srcset=\"https:\/\/www.hashtag.al\/wp-content\/uploads\/2020\/05\/Veliaj-Mazniku-Ditjoni-1.jpg 674w, https:\/\/www.hashtag.al\/wp-content\/uploads\/2020\/05\/Veliaj-Mazniku-Ditjoni-1-300x224.jpg 300w\" sizes=\"auto, (max-width: 674px) 100vw, 674px\" \/><\/a><\/span><\/p>\n<p><span style=\"color: #000000;\">Dit\u00ebn e sotme, p\u00ebrfaq\u00ebsues t\u00eb Aleanc\u00ebs p\u00ebr Mbrojtjen e Teatrit Komb\u00ebtar kan\u00eb depozituar zyrtarisht nj\u00eb kall\u00ebzim penal ndaj kryebashkiakut t\u00eb Tiran\u00ebs, Erion Veliaj dhe n\u00ebnkryetarit, Arbjan Mazniku.<\/span><\/p>\n<p><span style=\"color: #000000;\">Ata akuzohen p\u00ebr shp\u00ebrdorim detyre dhe p\u00ebr korrupsion lidhur me \u00e7\u00ebshtjen e godin\u00ebs s\u00eb Teatrit Komb\u00ebtar.<\/span><\/p>\n<p><span style=\"color: #000000;\"><em>\u00a0\u201cK\u00ebrkohet fillimi i ndjekjes penale ndaj shtetasit, Erion Veliaj n\u00eb funksionin e kryetarit t\u00eb Bashkis\u00eb s\u00eb Tiran\u00ebs p\u00ebr vepr\u00ebn penale \u2018Shp\u00ebrdorim i detyr\u00ebs\u2019 dhe korrupsion pasiv i personave q\u00eb kryejn\u00eb funksione publike, kryer n\u00eb bashk\u00ebpunim\u2019<\/em><\/span><\/p>\n<p><span style=\"color: #000000;\"><em>Fillimin e ndjekjes penale ndaj shtetasit Arbjan Mazniku me funksion n\u00ebnkryetar i Bashkis\u00eb s\u00eb Tiran\u00eb p\u00ebr vepr\u00ebn penale \u2018Shp\u00ebrdorim i detyr\u00ebs\u2019 dhe \u2018korrupsion pasiv i personave q\u00eb ushtrojn\u00eb funksione publike\u2019, kryer n\u00eb bashk\u00ebpunim\u201d.<\/em> &#8211; thuhet n\u00eb shkres\u00ebn e dor\u00ebzuar n\u00eb SPAK.<\/span><\/p>\n<div style=\"width: 640px;\" class=\"wp-video\"><video class=\"wp-video-shortcode\" id=\"video-371603-1\" width=\"640\" height=\"360\" preload=\"metadata\" controls=\"controls\"><source type=\"video\/mp4\" src=\"https:\/\/hashtag.al\/wp-content\/uploads\/2020\/05\/videoplayback.mp4?_=1\" \/><a href=\"https:\/\/hashtag.al\/wp-content\/uploads\/2020\/05\/videoplayback.mp4\">https:\/\/hashtag.al\/wp-content\/uploads\/2020\/05\/videoplayback.mp4<\/a><\/video><\/div>\n<p><span style=\"color: #000000;\">Aktivist\u00ebt i k\u00ebrkojn\u00eb SPAK-ut t\u00eb hetoj\u00eb ndryshimet q\u00eb u b\u00ebn\u00eb muajt e fundit rreth projektit t\u00eb nd\u00ebrtimit t\u00eb teatrit t\u00eb ri.<\/span><\/p>\n<p><span style=\"color: #000000;\">Aleanca p\u00ebr Mbrojtjen e Teatrit beson se ka nj\u00eb marr\u00ebveshje mes bashkis\u00eb dhe pal\u00ebs private n\u00eb kund\u00ebrshtim nga ligji p\u00ebr t\u2019u t\u00ebrhequr nga ligji special dhe VKM-ja, p\u00ebr t\u2019i sjell\u00eb buxhetit t\u00eb shtetit nj\u00eb precedent t\u00eb rreziksh\u00ebm.<\/span><\/p>\n<p><span style=\"color: #000000;\">Kujtojm\u00eb se bashkia para pak muajsh u t\u00ebrhoq nga projekti q\u00eb kishte me kompanin\u00eb \u201cFusha SHPK\u201d, duke deklaruar se do ta nd\u00ebrtonte teatrin e ri me investime publike.<\/span><\/p>\n<p><span style=\"color: #000000;\">Por artist\u00ebt e aktivist\u00ebt pretendojn\u00eb se ligji special i hartuar p\u00ebr t\u00eb p\u00ebrkrahur k\u00ebt\u00eb projekt, parashikonte t\u00ebrheqje nga projekti vet\u00ebm p\u00ebr privatin. N\u00ebse kjo do t\u00eb ndodhte, sipas ligjit do duhej t\u00eb mbahej 2 p\u00ebrqind\u00ebshi i garancis\u00eb s\u00eb kostos s\u00eb projektit dhe t\u00eb rihapej konkurrimi.<\/span><\/p>\n<p><span style=\"color: #000000;\">Aktivist\u00ebt dyshojn\u00eb se n\u00ebse rezulton se Bashkia \u00ebsht\u00eb t\u00ebrhequr nj\u00eban\u00ebsisht nga projekti dhe privati do ta hedh\u00eb n\u00eb gjyq nd\u00ebrkomb\u00ebtar, bashkia do t&#8217;i \u00a0shkaktoj\u00eb shtetit nj\u00eb d\u00ebm prej afro 300 milion\u00eb eurosh.<\/span><\/p>\n","protected":false,"gt_translate_keys":[{"key":"rendered","format":"html"}]},"excerpt":{"rendered":"<p>Dit\u00ebn e sotme, p\u00ebrfaq\u00ebsues t\u00eb Aleanc\u00ebs p\u00ebr Mbrojtjen e Teatrit Komb\u00ebtar kan\u00eb depozituar zyrtarisht nj\u00eb kall\u00ebzim penal ndaj kryebashkiakut t\u00eb Tiran\u00ebs, Erion Veliaj dhe n\u00ebnkryetarit, Arbjan Mazniku. Ata akuzohen p\u00ebr shp\u00ebrdorim detyre dhe p\u00ebr korrupsion lidhur me \u00e7\u00ebshtjen e godin\u00ebs s\u00eb Teatrit Komb\u00ebtar. \u00a0\u201cK\u00ebrkohet fillimi i ndjekjes penale ndaj shtetasit, Erion Veliaj n\u00eb funksionin e [&hellip;]<\/p>\n","protected":false,"gt_translate_keys":[{"key":"rendered","format":"html"}]},"author":30,"featured_media":371604,"comment_status":"open","ping_status":"open","sticky":false,"template":"","format":"standard","meta":{"footnotes":""},"categories":[65,13],"tags":[],"class_list":["post-371603","post","type-post","status-publish","format-standard","has-post-thumbnail","hentry","category-lajme","category-te-fundit"],"gt_translate_keys":[{"key":"link","format":"url"}],"_links":{"self":[{"href":"https:\/\/www.hashtag.al\/index.php\/wp-json\/wp\/v2\/posts\/371603","targetHints":{"allow":["GET"]}}],"collection":[{"href":"https:\/\/www.hashtag.al\/index.php\/wp-json\/wp\/v2\/posts"}],"about":[{"href":"https:\/\/www.hashtag.al\/index.php\/wp-json\/wp\/v2\/types\/post"}],"author":[{"embeddable":true,"href":"https:\/\/www.hashtag.al\/index.php\/wp-json\/wp\/v2\/users\/30"}],"replies":[{"embeddable":true,"href":"https:\/\/www.hashtag.al\/index.php\/wp-json\/wp\/v2\/comments?post=371603"}],"version-history":[{"count":0,"href":"https:\/\/www.hashtag.al\/index.php\/wp-json\/wp\/v2\/posts\/371603\/revisions"}],"wp:featuredmedia":[{"embeddable":true,"href":"https:\/\/www.hashtag.al\/index.php\/wp-json\/wp\/v2\/media\/371604"}],"wp:attachment":[{"href":"https:\/\/www.hashtag.al\/index.php\/wp-json\/wp\/v2\/media?parent=371603"}],"wp:term":[{"taxonomy":"category","embeddable":true,"href":"https:\/\/www.hashtag.al\/index.php\/wp-json\/wp\/v2\/categories?post=371603"},{"taxonomy":"post_tag","embeddable":true,"href":"https:\/\/www.hashtag.al\/index.php\/wp-json\/wp\/v2\/tags?post=371603"}],"curies":[{"name":"wp","href":"https:\/\/api.w.org\/{rel}","templated":true}]}}