{"id":371299,"date":"2020-05-04T23:53:09","date_gmt":"2020-05-04T21:53:09","guid":{"rendered":"https:\/\/hashtag.al\/?p=371299"},"modified":"2020-05-04T23:53:09","modified_gmt":"2020-05-04T21:53:09","slug":"sa-u-blene-maskat-ne-tenderin-e-ministrise-manastirliu-i-shmanget-pyetjeve-duke-i-quajtur-shpifje-akuzat","status":"publish","type":"post","link":"https:\/\/www.hashtag.al\/index.php\/2020\/05\/04\/sa-u-blene-maskat-ne-tenderin-e-ministrise-manastirliu-i-shmanget-pyetjeve-duke-i-quajtur-shpifje-akuzat\/","title":{"rendered":"Sa u blen\u00eb maskat n\u00eb tenderin e ministris\u00eb? Manastirliu i shmanget pyetjeve duke i quajtur shpifje akuzat","gt_translate_keys":[{"key":"rendered","format":"text"}]},"content":{"rendered":"<p><img loading=\"lazy\" decoding=\"async\" class=\"aligncenter size-full wp-image-370485\" src=\"https:\/\/hashtag.al\/wp-content\/uploads\/2020\/04\/manastirliu.gif\" alt=\"\" width=\"692\" height=\"450\" \/><\/p>\n<p><span style=\"color: #000000;\">Qeveria \u00ebsht\u00eb akuzuar drejtp\u00ebrdrejt nga opozita lidhur me zhvillimin e tenderave sekret\u00eb dhe me \u00e7mime t\u00eb larta n\u00eb blerjen e pajisjeve mjek\u00ebsore.<\/span><\/p>\n<p><span style=\"color: #000000;\">N\u00eb nj\u00eb lidhje direkt me emisionin \u201cOpinion\u201d t\u00eb dat\u00ebs 23 prill ish-kryeministri Sali Berisha n\u00eb m\u00ebnyr\u00eb t\u00eb t\u00ebrthort\u00eb pyeti ministren lidhur me kostot e maskave duke e akuzuar se ministria i ka bler\u00eb me dyfishin e \u00e7mimit.<\/span><\/p>\n<p><span style=\"color: #000000;\">\u201c<em>Ato maska q\u00eb n\u00eb farmaci blihen me 3 mij\u00eb apo 4 mij\u00eb lek\u00eb, n\u00eb Milano i gjen me 70 cent, i bleve me 8 mij\u00eb lek\u00eb me shumic\u00eb, me k\u00eb i ndave parat\u00eb i ndave me Edi Ram\u00ebn?&#8221;-<\/em>\u00a0tha Berisha.<\/span><\/p>\n<p><iframe loading=\"lazy\" src=\"https:\/\/www.youtube.com\/embed\/jA8awWADLGE\" width=\"640\" height=\"360\" frameborder=\"0\" allowfullscreen=\"allowfullscreen\"><\/iframe><\/p>\n<p><span style=\"color: #000000;\">Nd\u00ebrsa dit\u00ebn e sotme Ministrja e Sh\u00ebndet\u00ebsis\u00eb Ogerta Manastirliu nuk dha nj\u00eb p\u00ebrgjigje lidhur me k\u00ebto akuza madje ajo iu shmangu pyetjet duke i quajtur shpifje.<\/span><\/p>\n<p><span style=\"color: #000000;\">\u201c<em>Sa turp m\u00eb vjen kur e d\u00ebgjoj. M\u00eb vjen aq turp q\u00eb ky njeri ka drejtuar vendin p\u00ebr aq shum\u00eb vite. \u00cbsht\u00eb nj\u00eb akuz\u00eb e sh\u00ebmtuar. Nuk ka tendera sekret\u00eb dhe k\u00ebt\u00eb e ka sqaruar edhe Kryeministri. Tenderat jan\u00eb bazuar n\u00eb VKM dhe jan\u00eb procedura ligjore, jan\u00eb n\u00eb fletoren zyrtare dhe po t\u00eb ishin sekret nuk do t\u00eb botoheshin n\u00eb fletoren zyrtare. Ja kemi hedhur posht\u00eb akuzat, jan\u00eb shifra imagjinare dhe kontratat q\u00eb ata p\u00ebrmendin<\/em>\u201d-tha ministrja n\u00eb emisionin &#8220;Opinion&#8221; n\u00eb TV Klan.<\/span><\/p>\n<p><span style=\"color: #000000;\">Edhe pse moderatori i emisionit Blendi Fevziu e pyeti disa her\u00eb, lidhur me koston e nj\u00eb mask\u00eb n\u00eb tenderin e ministris\u00eb q\u00eb ajo drejton, Manastirliu shmangu p\u00ebrgjigjen direkte.<\/span><\/p>\n<p><span style=\"color: #000000;\"><strong>Fevziu:<\/strong> Sa kushton nj\u00eb mask\u00eb n\u00eb tenderin tuaj ?<\/span><\/p>\n<p><span style=\"color: #000000;\"><strong>Manastirliu:<\/strong> E kam th\u00ebn\u00eb q\u00eb \u00ebsht\u00eb t\u00ebr\u00ebsisht shpifje dhe tashm\u00eb kjo \u00e7\u00ebshtje i p\u00ebrket organeve t\u00eb Prokuroris\u00eb.<\/span><\/p>\n<p><span style=\"color: #000000;\"><strong>Fevziu<\/strong>: Sa kushton?<\/span><\/p>\n<p><span style=\"color: #000000;\"><strong>Manastirliu:<\/strong> \u00cbsht\u00eb shpifje, \u00ebsht\u00eb shpifje dhe k\u00ebt\u00eb do ta tregojn\u00eb organet e drejt\u00ebsis\u00eb. Dhe k\u00ebta q\u00eb flasin n\u00eb m\u00ebnyr\u00eb t\u00eb pap\u00ebrgjegjshme dhe akuzojn\u00eb, t\u00eb mbajn\u00eb p\u00ebrgjegj\u00ebsi p\u00ebr ato q\u00eb thon\u00eb. Sa koh\u00eb q\u00eb \u00ebsht\u00eb g\u00ebnjesht\u00ebr dhe shpifje, e kam th\u00ebn\u00eb q\u00eb nj\u00eb or\u00eb e m\u00eb par\u00eb t\u00eb vijn\u00eb organet e drejt\u00ebsis\u00eb.<\/span><\/p>\n<p><iframe loading=\"lazy\" src=\"https:\/\/www.youtube.com\/embed\/x8i__HXw4_I\" width=\"640\" height=\"360\" frameborder=\"0\" allowfullscreen=\"allowfullscreen\"><\/iframe><\/p>\n","protected":false,"gt_translate_keys":[{"key":"rendered","format":"html"}]},"excerpt":{"rendered":"<p>Qeveria \u00ebsht\u00eb akuzuar drejtp\u00ebrdrejt nga opozita lidhur me zhvillimin e tenderave sekret\u00eb dhe me \u00e7mime t\u00eb larta n\u00eb blerjen e pajisjeve mjek\u00ebsore. N\u00eb nj\u00eb lidhje direkt me emisionin \u201cOpinion\u201d t\u00eb dat\u00ebs 23 prill ish-kryeministri Sali Berisha n\u00eb m\u00ebnyr\u00eb t\u00eb t\u00ebrthort\u00eb pyeti ministren lidhur me kostot e maskave duke e akuzuar se ministria i ka bler\u00eb [&hellip;]<\/p>\n","protected":false,"gt_translate_keys":[{"key":"rendered","format":"html"}]},"author":32,"featured_media":370485,"comment_status":"open","ping_status":"open","sticky":false,"template":"","format":"standard","meta":{"footnotes":""},"categories":[65,13],"tags":[],"class_list":["post-371299","post","type-post","status-publish","format-standard","has-post-thumbnail","hentry","category-lajme","category-te-fundit"],"gt_translate_keys":[{"key":"link","format":"url"}],"_links":{"self":[{"href":"https:\/\/www.hashtag.al\/index.php\/wp-json\/wp\/v2\/posts\/371299","targetHints":{"allow":["GET"]}}],"collection":[{"href":"https:\/\/www.hashtag.al\/index.php\/wp-json\/wp\/v2\/posts"}],"about":[{"href":"https:\/\/www.hashtag.al\/index.php\/wp-json\/wp\/v2\/types\/post"}],"author":[{"embeddable":true,"href":"https:\/\/www.hashtag.al\/index.php\/wp-json\/wp\/v2\/users\/32"}],"replies":[{"embeddable":true,"href":"https:\/\/www.hashtag.al\/index.php\/wp-json\/wp\/v2\/comments?post=371299"}],"version-history":[{"count":0,"href":"https:\/\/www.hashtag.al\/index.php\/wp-json\/wp\/v2\/posts\/371299\/revisions"}],"wp:featuredmedia":[{"embeddable":true,"href":"https:\/\/www.hashtag.al\/index.php\/wp-json\/wp\/v2\/media\/370485"}],"wp:attachment":[{"href":"https:\/\/www.hashtag.al\/index.php\/wp-json\/wp\/v2\/media?parent=371299"}],"wp:term":[{"taxonomy":"category","embeddable":true,"href":"https:\/\/www.hashtag.al\/index.php\/wp-json\/wp\/v2\/categories?post=371299"},{"taxonomy":"post_tag","embeddable":true,"href":"https:\/\/www.hashtag.al\/index.php\/wp-json\/wp\/v2\/tags?post=371299"}],"curies":[{"name":"wp","href":"https:\/\/api.w.org\/{rel}","templated":true}]}}