{"id":371141,"date":"2020-05-04T11:05:00","date_gmt":"2020-05-04T09:05:00","guid":{"rendered":"https:\/\/hashtag.al\/?p=371141"},"modified":"2020-05-04T11:27:42","modified_gmt":"2020-05-04T09:27:42","slug":"8-raste-te-reja-shkon-ne-803-numri-i-te-infektuarve-ne-vend","status":"publish","type":"post","link":"https:\/\/www.hashtag.al\/index.php\/2020\/05\/04\/8-raste-te-reja-shkon-ne-803-numri-i-te-infektuarve-ne-vend\/","title":{"rendered":"8 raste t\u00eb reja, shkon n\u00eb 803 numri i t\u00eb infektuarve n\u00eb vend","gt_translate_keys":[{"key":"rendered","format":"text"}]},"content":{"rendered":"<p><span style=\"color: #000000;\"><a style=\"color: #000000;\" href=\"https:\/\/hashtag.al\/wp-content\/uploads\/2020\/04\/Harta-feature.jpg\"><img loading=\"lazy\" decoding=\"async\" class=\"aligncenter size-full wp-image-367480\" src=\"https:\/\/hashtag.al\/wp-content\/uploads\/2020\/04\/Harta-feature.jpg\" alt=\"\" width=\"768\" height=\"572\" srcset=\"https:\/\/www.hashtag.al\/wp-content\/uploads\/2020\/04\/Harta-feature.jpg 768w, https:\/\/www.hashtag.al\/wp-content\/uploads\/2020\/04\/Harta-feature-300x223.jpg 300w\" sizes=\"auto, (max-width: 768px) 100vw, 768px\" \/><\/a><\/span><\/p>\n<p><span style=\"color: #000000;\">N\u00eb 24 or\u00ebt e fundit, jan\u00eb konfirmuar me koronavirus 8 persona n\u00eb vendin ton\u00eb. Si\u00e7 b\u00ebri me dije Ministria e Sh\u00ebndet\u00ebsis\u00eb, 5 nga k\u00ebto raste jan\u00eb n\u00eb Tiran\u00eb, 2 n\u00eb Elbasan dhe 1 n\u00eb Durr\u00ebs.<\/span><\/p>\n<p><span style=\"color: #000000;\">Kjo e ka \u00e7uar n\u00eb 803 numrin e p\u00ebrgjithsh\u00ebm t\u00eb t\u00eb infektuarve n\u00eb vendin ton\u00eb, por nga k\u00ebta vet\u00ebm 229 jan\u00eb ende aktiv\u00eb p\u00ebr koronavirusin.<\/span><\/p>\n<p><span style=\"color: #000000;\"><a style=\"color: #000000;\" href=\"https:\/\/hashtag.al\/wp-content\/uploads\/2020\/05\/HARTA-1.jpg\"><img loading=\"lazy\" decoding=\"async\" class=\"aligncenter size-full wp-image-371151\" src=\"https:\/\/hashtag.al\/wp-content\/uploads\/2020\/05\/HARTA-1.jpg\" alt=\"\" width=\"580\" height=\"483\" srcset=\"https:\/\/www.hashtag.al\/wp-content\/uploads\/2020\/05\/HARTA-1.jpg 580w, https:\/\/www.hashtag.al\/wp-content\/uploads\/2020\/05\/HARTA-1-300x250.jpg 300w\" sizes=\"auto, (max-width: 580px) 100vw, 580px\" \/><\/a><\/span><\/p>\n<p><span style=\"color: #000000;\">Si\u00e7 shihet edhe n\u00eb hart\u00ebn e ilustruar m\u00eb posht\u00eb, zonat me m\u00eb shum\u00eb raste aktive deri m\u00eb tani jan\u00eb Tirana dhe Kruja.<\/span><\/p>\n<p><span style=\"color: #000000;\">Deri m\u00eb tani betej\u00ebn me k\u00ebt\u00eb virus e kan\u00eb humbur 31 pacient\u00eb.<\/span><\/p>\n<p><span style=\"color: #000000;\"><strong>T\u00cb DH\u00cbNAT<\/strong><\/span><\/p>\n<p><span style=\"color: #000000;\">COVID-19, Ministria e Sh\u00ebndet\u00ebsis\u00eb: 8 raste t\u00eb reja n\u00eb 24 or\u00ebt e fundit, java me nivelin m\u00eb t\u00eb ul\u00ebt t\u00eb rasteve pozitive q\u00eb nga fillimi i epidemis\u00eb<\/span><\/p>\n<p><span style=\"color: #000000;\">Situata epidemiologjike n\u00eb vend aktualisht paraqitet e q\u00ebndrueshme dhe me nj\u00eb nivel t\u00eb ulet t\u00eb pozitivitetit krahasuar me numrin total te testimeve.<\/span><\/p>\n<p><span style=\"color: #000000;\">Gjat\u00eb jav\u00ebs s\u00eb epidemis\u00eb, p\u00ebrqindja e pozitivitetit arriti n\u00eb 4.3 %, vlera m\u00eb e ul\u00ebt nga fillimi i epidemis\u00eb, q\u00eb tregon funkionimin e masave t\u00eb marra, identifikimin dhe gjurmimin epidemiologjik t\u00eb rasteve t\u00eb dyshuara dhe kontakteve t\u00eb tyre n\u00eb koh\u00eb.<\/span><\/p>\n<p><span style=\"color: #000000;\">Nga 140 testimet e kryera gjat\u00eb 24 or\u00ebve t\u00eb fundit p\u00ebr persona t\u00eb dyshuar me COVID-19, jan\u00eb vet\u00ebm 8 raste pozitive, p\u00ebrkat\u00ebsisht n\u00eb Tiran\u00eb 5 raste, n\u00eb Elbasan 2 raste dhe n\u00eb Durr\u00ebs 1 rast. P\u00ebr t\u00eb gjitha rastet vazhdon hetimi epidemiologjik n\u00eb terren.<\/span><\/p>\n<p><span style=\"color: #000000;\">Q\u00eb nga fillimi i epidemis\u00eb deri m\u00eb sot jan\u00eb konfirmuar pozitiv\u00eb me COVID-19 n\u00eb t\u00eb gjith\u00eb vendin 803 qytetar\u00eb dhe aktualisht 68 % e tyre jan\u00eb sh\u00ebruar. N\u00eb t\u00eb gjith\u00eb vendin aktualisht jan\u00eb 229 persona aktiv\u00eb me COVID19.<\/span><\/p>\n<p><span style=\"color: #000000;\">Pjesa m\u00eb e madhe e t\u00eb prekurve po ndiqen nga mjeku i familjes ose jan\u00eb asimptomatik\u00eb, nd\u00ebrsa momentalisht n\u00eb dy spitalet COVID, n\u00eb spitalin infektiv dhe spitalin \u201cShefqet Ndroqi\u201d gjendja paraqitet e q\u00ebndrueshme. Aktualisht jan\u00eb t\u00eb shtruar 34 pacient\u00eb dhe vet\u00ebm 7 prej tyre jan\u00eb n\u00eb terapi intensive.<\/span><\/p>\n<p><span style=\"color: #000000;\">Si\u00e7 jeni ne dijeni, nga sot, ka nisur nj\u00eb leht\u00ebsim i m\u00ebtejshem i masave shtr\u00ebnguese, me shtimin e zonave t\u00eb gjelb\u00ebrta, lejimin e sh\u00ebrbimit taksi nd\u00ebrqytetas me dy pasagjer\u00eb t\u00eb s\u00eb nj\u00ebjt\u00ebs familje si dhe leht\u00ebsimi p\u00ebr t\u00eb riatdhesuarit q\u00eb jan\u00eb me banim n\u00eb zonat e kuqe, t\u00eb cilet do t\u00eb vet\u00ebkarantinohen n\u00eb banes\u00eb.<\/span><\/p>\n<p><span style=\"color: #000000;\">Duke nisur nga ky leht\u00ebsim i masave \u00ebsht\u00eb shum\u00eb e r\u00ebnd\u00ebsishme t\u00eb rritet kujdesi vetjak, t\u00eb respektohen rregullat e reja, ndaj, Ministria e Sh\u00ebndet\u00ebsis\u00eb dhe Mbrojtjes Sociale i b\u00ebn thirrje t\u00eb gjith\u00eb qytetar\u00ebve q\u00eb t\u00eb vazhdojn\u00eb t\u00eb respektojn\u00eb distancimin fizik dhe t\u00eb mbajn\u00eb higjien\u00ebn personale, po ashtu bizneset e hapura t\u00eb respektojn\u00eb me rigorozitet protokollet e siguris\u00eb.<\/span><\/p>\n<p><span style=\"color: #000000;\">Ftojm\u00eb qytetar\u00ebt t\u00eb mos neglizhojn\u00eb shenjat e COVID19 dhe t\u00eb telefonojn\u00eb menj\u00ebher\u00eb urgjenc\u00ebn komb\u00ebtare 127 n\u00eb rast se kan\u00eb dyshime se jan\u00eb t\u00eb prekur nga ky virus.<\/span><\/p>\n<p><span style=\"color: #000000;\">P\u00ebr t\u00eb kontaktuar mjekun e familjes, p\u00ebr pyetje n\u00eb lidhje me COVID19, p\u00ebr k\u00ebshillim psikologjik n\u00eb rast t\u00eb shfaqjes s\u00eb shenjave t\u00eb ankthit apo shqet\u00ebsime t\u00eb tjera, ju lutemi, telefononi n\u00eb linj\u00ebn e gjelb\u00ebr 0800 40-40.<\/span><br \/>\n<span style=\"color: #000000;\"><strong>Shp\u00ebrndarja gjeografike e rasteve aktive \u00ebsht\u00eb si vijon:<\/strong><\/span><br \/>\n<span style=\"color: #000000;\">Tiran\u00eb 93<\/span><br \/>\n<span style=\"color: #000000;\">Kruj\u00eb 87<\/span><br \/>\n<span style=\"color: #000000;\">Shkod\u00ebr 17<\/span><br \/>\n<span style=\"color: #000000;\">Kurbin 14<\/span><br \/>\n<span style=\"color: #000000;\">Kuk\u00ebs 5<\/span><br \/>\n<span style=\"color: #000000;\">Elbasan 4<\/span><br \/>\n<span style=\"color: #000000;\">Mirdit\u00eb 2<\/span><br \/>\n<span style=\"color: #000000;\">Berat 2<\/span><br \/>\n<span style=\"color: #000000;\">Durr\u00ebs 1<\/span><br \/>\n<span style=\"color: #000000;\">Kor\u00e7\u00eb 1<\/span><br \/>\n<span style=\"color: #000000;\">Lezh\u00eb 1<\/span><br \/>\n<span style=\"color: #000000;\">Lushnje 1<\/span><br \/>\n<span style=\"color: #000000;\">Mat 1<\/span><\/p>\n","protected":false,"gt_translate_keys":[{"key":"rendered","format":"html"}]},"excerpt":{"rendered":"<p>N\u00eb 24 or\u00ebt e fundit, jan\u00eb konfirmuar me koronavirus 8 persona n\u00eb vendin ton\u00eb. Si\u00e7 b\u00ebri me dije Ministria e Sh\u00ebndet\u00ebsis\u00eb, 5 nga k\u00ebto raste jan\u00eb n\u00eb Tiran\u00eb, 2 n\u00eb Elbasan dhe 1 n\u00eb Durr\u00ebs. Kjo e ka \u00e7uar n\u00eb 803 numrin e p\u00ebrgjithsh\u00ebm t\u00eb t\u00eb infektuarve n\u00eb vendin ton\u00eb, por nga k\u00ebta vet\u00ebm 229 [&hellip;]<\/p>\n","protected":false,"gt_translate_keys":[{"key":"rendered","format":"html"}]},"author":30,"featured_media":367491,"comment_status":"open","ping_status":"open","sticky":false,"template":"","format":"standard","meta":{"footnotes":""},"categories":[65,13],"tags":[],"class_list":["post-371141","post","type-post","status-publish","format-standard","has-post-thumbnail","hentry","category-lajme","category-te-fundit"],"gt_translate_keys":[{"key":"link","format":"url"}],"_links":{"self":[{"href":"https:\/\/www.hashtag.al\/index.php\/wp-json\/wp\/v2\/posts\/371141","targetHints":{"allow":["GET"]}}],"collection":[{"href":"https:\/\/www.hashtag.al\/index.php\/wp-json\/wp\/v2\/posts"}],"about":[{"href":"https:\/\/www.hashtag.al\/index.php\/wp-json\/wp\/v2\/types\/post"}],"author":[{"embeddable":true,"href":"https:\/\/www.hashtag.al\/index.php\/wp-json\/wp\/v2\/users\/30"}],"replies":[{"embeddable":true,"href":"https:\/\/www.hashtag.al\/index.php\/wp-json\/wp\/v2\/comments?post=371141"}],"version-history":[{"count":0,"href":"https:\/\/www.hashtag.al\/index.php\/wp-json\/wp\/v2\/posts\/371141\/revisions"}],"wp:featuredmedia":[{"embeddable":true,"href":"https:\/\/www.hashtag.al\/index.php\/wp-json\/wp\/v2\/media\/367491"}],"wp:attachment":[{"href":"https:\/\/www.hashtag.al\/index.php\/wp-json\/wp\/v2\/media?parent=371141"}],"wp:term":[{"taxonomy":"category","embeddable":true,"href":"https:\/\/www.hashtag.al\/index.php\/wp-json\/wp\/v2\/categories?post=371141"},{"taxonomy":"post_tag","embeddable":true,"href":"https:\/\/www.hashtag.al\/index.php\/wp-json\/wp\/v2\/tags?post=371141"}],"curies":[{"name":"wp","href":"https:\/\/api.w.org\/{rel}","templated":true}]}}