{"id":371097,"date":"2020-05-04T07:52:15","date_gmt":"2020-05-04T05:52:15","guid":{"rendered":"https:\/\/hashtag.al\/?p=371097"},"modified":"2020-05-04T07:53:01","modified_gmt":"2020-05-04T05:53:01","slug":"sa-gazetare-ka-shqiperia-zyrtarisht-me-pak-se-shumica-e-vendeve-te-be-se-si-po-i-ndikon-covid-19","status":"publish","type":"post","link":"https:\/\/www.hashtag.al\/index.php\/2020\/05\/04\/sa-gazetare-ka-shqiperia-zyrtarisht-me-pak-se-shumica-e-vendeve-te-be-se-si-po-i-ndikon-covid-19\/","title":{"rendered":"Sa gazetar\u00eb ka Shqip\u00ebria? Zyrtarisht m\u00eb pak se shumica e vendeve t\u00eb BE-s\u00eb, si po i ndikon Covid-19","gt_translate_keys":[{"key":"rendered","format":"text"}]},"content":{"rendered":"<p><a href=\"https:\/\/hashtag.al\/wp-content\/uploads\/2020\/05\/gazetaret.jpg\"><img loading=\"lazy\" decoding=\"async\" class=\"aligncenter size-full wp-image-371100\" src=\"https:\/\/hashtag.al\/wp-content\/uploads\/2020\/05\/gazetaret.jpg\" alt=\"\" width=\"900\" height=\"507\" srcset=\"https:\/\/www.hashtag.al\/wp-content\/uploads\/2020\/05\/gazetaret.jpg 900w, https:\/\/www.hashtag.al\/wp-content\/uploads\/2020\/05\/gazetaret-300x169.jpg 300w, https:\/\/www.hashtag.al\/wp-content\/uploads\/2020\/05\/gazetaret-768x433.jpg 768w\" sizes=\"auto, (max-width: 900px) 100vw, 900px\" \/><\/a><\/p>\n<p><span style=\"color: #000000;\">3 Maji \u00ebsht\u00eb Dita e Liris\u00eb s\u00eb Shtypit. <\/span><span style=\"color: #000000;\">Sipas Eurostat, n\u00eb vitin 2019, kishte pothuajse 0.4 milion gazetar\u00eb n\u00eb 21 Shtetet An\u00ebtare t\u00eb BE-s\u00eb me t\u00eb dh\u00ebna t\u00eb disponueshme, q\u00eb p\u00ebrfaq\u00ebsojn\u00eb 0.2% t\u00eb pun\u00ebsimit t\u00eb p\u00ebrgjithsh\u00ebm t\u00eb BE-s\u00eb. Nd\u00ebrsa lexuesit presin azhurnime t\u00eb shpejta mbi pandemin\u00eb e koronavirusit, gazetar\u00ebt jan\u00eb v\u00ebn\u00eb p\u00ebrball\u00eb nj\u00eb sfide t\u00eb dyfisht\u00eb: informimin e publikut nd\u00ebrsa preken edhe n\u00eb pun\u00ebn e tyre nga kufizimet e koronavirusit.<\/span><\/p>\n<p><span style=\"color: #000000;\">P\u00ebr sa u p\u00ebrket veprimtarive ekonomike t\u00eb lidhura me gazetarin\u00eb, 1,1 milion ishin t\u00eb pun\u00ebsuar n\u00eb 27 Shtetet An\u00ebtare t\u00eb BE-s\u00eb n\u00eb botimin e aktiviteteve t\u00eb tilla si botimi i librave, gazetave dhe revistave. Kjo \u00ebsht\u00eb e barabart\u00eb me 0.5% t\u00eb pun\u00ebsimit t\u00eb p\u00ebrgjithsh\u00ebm n\u00eb BE.<\/span><\/p>\n<p><span style=\"color: #000000;\">Gjermania kryeson p\u00ebr numrin e lart\u00eb t\u00eb gazetar\u00ebve, me 1.3% t\u00eb pun\u00ebsimit total, e ndjekur nga Norvegjia me 0.8% dhe Finlanda me 0.7%. M\u00eb pak gazetar\u00eb kan\u00eb Belgjika, Bullgaria, Hungaria, Portugalia, me 0.2% dhe n\u00eb fund Rumania dhe Sllovakia, 0.1%.<\/span><\/p>\n<p><span style=\"color: #000000;\">Po Shqip\u00ebria sa gazetar\u00eb ka?<\/span><\/p>\n<p><span style=\"color: #000000;\">Sipas t\u00eb dh\u00ebnave t\u00eb INSTAT, n\u00eb aktivitetin \u201cPublikime dhe prodhime programesh\u201d kishte gjithsej 1,818 t\u00eb pun\u00ebsuar n\u00eb vitin 2018, ose 0.3% e totalit t\u00eb pun\u00ebsimit n\u00eb privat, duke qen\u00eb nd\u00ebr vendet me m\u00eb pak gazetar\u00eb n\u00eb raport me vendet e BE-s\u00eb.<\/span><\/p>\n<p><span style=\"color: #000000;\">Numri i t\u00eb pun\u00ebsuarve n\u00eb aktivitetin e \u201cPublikime dhe Prodhime programesh\u201d \u00ebsht\u00eb dyfishuar n\u00eb krahasim me 2010-n, sipas INSTAT, por ra n\u00eb krahasim me 2017-n.<\/span><\/p>\n<p><span style=\"color: #000000;\">Aleksand\u00ebr \u00c7ipa, Kreu i Unionit t\u00eb Gazetar\u00ebve Shqiptar\u00eb, tha p\u00ebr Monitor se ai llogarit q\u00eb bashk\u00eb me ata q\u00eb jan\u00eb rekrutuar n\u00eb gjith\u00eb spektrin e mediave online, shkojn\u00eb rreth 2,700 gazetar\u00eb. \u201cPor un\u00eb druhem t\u2019i quaj gazetar\u00eb. Sipas analiz\u00ebs sime, rreth 1,750 kan\u00eb mbi 3 vjet marr\u00ebdh\u00ebnie pune pa shk\u00ebputje n\u00eb media\u201d.<\/span><\/p>\n<p><span style=\"color: #000000;\">Sipas INSTAT, paga mesatare n\u00eb 2018-n e aktivitetit t\u00eb publikimeve dhe prodhimit t\u00eb programeve ishte 42 mij\u00eb lek\u00eb, q\u00eb \u00ebsht\u00eb rreth 20% m\u00eb e ul\u00ebt se paga mesatare n\u00eb ekonomi.<\/span><\/p>\n<p><span style=\"color: #000000;\">Por, \u00c7ipa thot\u00eb se informaliteti \u00ebsht\u00eb shum\u00eb i lart\u00eb. \u201cRreth 35% nuk e deklarojn\u00eb pag\u00ebn reale. N\u00eb mediat tradicionale \u00ebsht\u00eb p\u00ebrmir\u00ebsuar kjo p\u00ebrqindje\u201d. Probleme ka edhe me nivelet e larta t\u00eb drejtimit.<\/span><\/p>\n<p><span style=\"color: #000000;\">Kriza e shkaktuar nga COVID-19 ka prekur dhe median. \u201cKa cenime tin\u00ebzare t\u00eb padeklaruara t\u00eb pagave. Dhe sipas parashikimeve p\u00ebr tre muajt e ardhsh\u00ebm (maj, qershor, korrik) pritet t\u00eb ket\u00eb v\u00ebshtir\u00ebsi t\u00eb theksuara likuiditetesh n\u00eb paga dhe n\u00eb pagesa t\u00eb tjera\u201d, thot\u00eb \u00c7ipa.<\/span><\/p>\n<p><span style=\"color: #000000;\">Ai shton se i quan k\u00ebto cenime tin\u00ebzare, pasi u jan\u00eb komunikuar punonj\u00ebsve, por nuk jan\u00eb pasqyruar si l\u00ebvizje dhe kjo \u00ebsht\u00eb e mundur, pasi b\u00ebhet fjal\u00eb p\u00ebr at\u00eb pjes\u00eb q\u00eb jepet kesh.<\/span><\/p>\n<p><strong><span style=\"color: #000000;\"><span style=\"color: #ff0000;\">VINI RE:<\/span> Ky artikull \u00ebsht\u00eb pron\u00eb intelektuale e <span style=\"color: #0000ff;\"><a style=\"color: #0000ff;\" href=\"https:\/\/www.monitor.al\/sa-gazetare-ka-shqiperia-zyrtarisht-me-pak-se-shumica-e-vendeve-te-be-se-si-po-i-ndikon-covid-19\/\">Monitor.al<\/a><\/span><\/span><\/strong><\/p>\n<p><a href=\"https:\/\/hashtag.al\/wp-content\/uploads\/2020\/05\/gazetare.png\"><img loading=\"lazy\" decoding=\"async\" class=\"aligncenter size-full wp-image-371099\" src=\"https:\/\/hashtag.al\/wp-content\/uploads\/2020\/05\/gazetare.png\" alt=\"\" width=\"768\" height=\"369\" srcset=\"https:\/\/www.hashtag.al\/wp-content\/uploads\/2020\/05\/gazetare.png 768w, https:\/\/www.hashtag.al\/wp-content\/uploads\/2020\/05\/gazetare-300x144.png 300w\" sizes=\"auto, (max-width: 768px) 100vw, 768px\" \/><\/a> <a href=\"https:\/\/hashtag.al\/wp-content\/uploads\/2020\/05\/europa.png\"><img loading=\"lazy\" decoding=\"async\" class=\"aligncenter size-full wp-image-371098\" src=\"https:\/\/hashtag.al\/wp-content\/uploads\/2020\/05\/europa.png\" alt=\"\" width=\"708\" height=\"574\" srcset=\"https:\/\/www.hashtag.al\/wp-content\/uploads\/2020\/05\/europa.png 708w, https:\/\/www.hashtag.al\/wp-content\/uploads\/2020\/05\/europa-300x243.png 300w\" sizes=\"auto, (max-width: 708px) 100vw, 708px\" \/><\/a><\/p>\n","protected":false,"gt_translate_keys":[{"key":"rendered","format":"html"}]},"excerpt":{"rendered":"<p>3 Maji \u00ebsht\u00eb Dita e Liris\u00eb s\u00eb Shtypit. Sipas Eurostat, n\u00eb vitin 2019, kishte pothuajse 0.4 milion gazetar\u00eb n\u00eb 21 Shtetet An\u00ebtare t\u00eb BE-s\u00eb me t\u00eb dh\u00ebna t\u00eb disponueshme, q\u00eb p\u00ebrfaq\u00ebsojn\u00eb 0.2% t\u00eb pun\u00ebsimit t\u00eb p\u00ebrgjithsh\u00ebm t\u00eb BE-s\u00eb. Nd\u00ebrsa lexuesit presin azhurnime t\u00eb shpejta mbi pandemin\u00eb e koronavirusit, gazetar\u00ebt jan\u00eb v\u00ebn\u00eb p\u00ebrball\u00eb nj\u00eb sfide t\u00eb [&hellip;]<\/p>\n","protected":false,"gt_translate_keys":[{"key":"rendered","format":"html"}]},"author":30,"featured_media":371100,"comment_status":"open","ping_status":"open","sticky":false,"template":"","format":"standard","meta":{"footnotes":""},"categories":[65,13],"tags":[],"class_list":["post-371097","post","type-post","status-publish","format-standard","has-post-thumbnail","hentry","category-lajme","category-te-fundit"],"gt_translate_keys":[{"key":"link","format":"url"}],"_links":{"self":[{"href":"https:\/\/www.hashtag.al\/index.php\/wp-json\/wp\/v2\/posts\/371097","targetHints":{"allow":["GET"]}}],"collection":[{"href":"https:\/\/www.hashtag.al\/index.php\/wp-json\/wp\/v2\/posts"}],"about":[{"href":"https:\/\/www.hashtag.al\/index.php\/wp-json\/wp\/v2\/types\/post"}],"author":[{"embeddable":true,"href":"https:\/\/www.hashtag.al\/index.php\/wp-json\/wp\/v2\/users\/30"}],"replies":[{"embeddable":true,"href":"https:\/\/www.hashtag.al\/index.php\/wp-json\/wp\/v2\/comments?post=371097"}],"version-history":[{"count":0,"href":"https:\/\/www.hashtag.al\/index.php\/wp-json\/wp\/v2\/posts\/371097\/revisions"}],"wp:featuredmedia":[{"embeddable":true,"href":"https:\/\/www.hashtag.al\/index.php\/wp-json\/wp\/v2\/media\/371100"}],"wp:attachment":[{"href":"https:\/\/www.hashtag.al\/index.php\/wp-json\/wp\/v2\/media?parent=371097"}],"wp:term":[{"taxonomy":"category","embeddable":true,"href":"https:\/\/www.hashtag.al\/index.php\/wp-json\/wp\/v2\/categories?post=371097"},{"taxonomy":"post_tag","embeddable":true,"href":"https:\/\/www.hashtag.al\/index.php\/wp-json\/wp\/v2\/tags?post=371097"}],"curies":[{"name":"wp","href":"https:\/\/api.w.org\/{rel}","templated":true}]}}