{"id":371041,"date":"2020-05-03T17:03:03","date_gmt":"2020-05-03T15:03:03","guid":{"rendered":"https:\/\/hashtag.al\/?p=371041"},"modified":"2020-05-03T17:03:03","modified_gmt":"2020-05-03T15:03:03","slug":"pasagjeret-ne-avionin-e-riatdhesimit-ne-kembe-reagon-ministria-ishin-ne-momentin-e-akomodimit","status":"publish","type":"post","link":"https:\/\/www.hashtag.al\/index.php\/2020\/05\/03\/pasagjeret-ne-avionin-e-riatdhesimit-ne-kembe-reagon-ministria-ishin-ne-momentin-e-akomodimit\/","title":{"rendered":"Pasagjer\u00ebt n\u00eb avionin e riatdhesimit n\u00eb k\u00ebmb\u00eb, reagon Ministria: Ishin n\u00eb momentin e akomodimit","gt_translate_keys":[{"key":"rendered","format":"text"}]},"content":{"rendered":"<p><img loading=\"lazy\" decoding=\"async\" class=\"aligncenter size-full wp-image-371009\" src=\"https:\/\/hashtag.al\/wp-content\/uploads\/2020\/05\/shqiptaret-ne-avion.jpg\" alt=\"\" width=\"800\" height=\"450\" srcset=\"https:\/\/www.hashtag.al\/wp-content\/uploads\/2020\/05\/shqiptaret-ne-avion.jpg 800w, https:\/\/www.hashtag.al\/wp-content\/uploads\/2020\/05\/shqiptaret-ne-avion-300x169.jpg 300w, https:\/\/www.hashtag.al\/wp-content\/uploads\/2020\/05\/shqiptaret-ne-avion-768x432.jpg 768w\" sizes=\"auto, (max-width: 800px) 100vw, 800px\" \/><\/p>\n<p><span style=\"color: #000000;\">Ministria e Infrastruktur\u00ebs dhe Energjis\u00eb ka reaguar lidhur me foton e shp\u00ebrndar\u00eb dit\u00ebn e sotme ku shiheshin qytetar\u00eb shqiptar\u00eb n\u00eb k\u00ebmb\u00eb n\u00eb avionin p\u00ebr riatdhesim.<\/span><\/p>\n<p><span style=\"color: #000000;\">Ministria e ka quajtur shp\u00ebrndarjen e fotos tendecioze p\u00ebr disinformim t\u00eb q\u00ebllimsh\u00ebm, pasi pasagjer\u00ebt kan\u00eb qen\u00eb n\u00eb momentin e akomodimit kur \u00ebsht\u00eb shkrepur. \u00a0<\/span><\/p>\n<p><span style=\"color: #000000;\">M\u00eb tej n\u00eb deklarat\u00eb kjo ministri sqaron se udh\u00ebtimi n\u00eb avion b\u00ebhet n\u00eb kushtet e distancimin social duke respektuar masat e siguris\u00eb sh\u00ebndet\u00ebsore.<\/span><\/p>\n<p><span style=\"color: #000000;\"><strong>Deklarata e plot\u00eb: <\/strong><\/span><\/p>\n<p><span style=\"color: #000000;\">N\u00eb k\u00ebt\u00eb moment kaq delikat, kur vendi dhe bota ndodhen n\u00ebn gjendjen e jasht\u00ebzakonshme p\u00ebr shkak t\u00eb pandemis\u00eb COVID 19, kur informacionet p\u00ebr publikun duhet t\u00eb jen\u00eb m\u00eb realiste se kurr\u00eb, v\u00ebm\u00eb re n\u00eb vazhdim\u00ebsi tendenc\u00ebn p\u00ebr disinformim t\u00eb q\u00ebllimsh\u00ebm, lidhur me transportin e qytetar\u00ebve, n\u00eb kuad\u00ebr t\u00eb procesit t\u00eb riatdhesimit.<\/span><\/p>\n<p><span style=\"color: #000000;\">Ministria e Infrastruktur\u00ebs dhe Energjis\u00eb deklaron me p\u00ebrgjegj\u00ebsi se t\u00eb gjitha fluturimet e kryera nga Air Albania, p\u00ebr llogari t\u00eb procesit t\u00eb riatdhesimit, kryhen n\u00eb p\u00ebrputhje t\u00eb plot\u00eb me rregulloret nd\u00ebrkomb\u00ebtare t\u00eb aviacionit.<\/span><\/p>\n<p><span style=\"color: #000000;\">Shprehim keqardhjen ton\u00eb p\u00ebr fotot e shp\u00ebrndara n\u00eb disa gazeta dhe portale, t\u00eb shkrepura n\u00eb momentin e akomodimit t\u00eb pasagjer\u00ebve n\u00eb bord (pra kur avioni ndodhet n\u00eb tok\u00eb) duke pretenduar se pasagjer\u00ebt kan\u00eb udh\u00ebtuar n\u00eb k\u00ebmb\u00eb.<\/span><\/p>\n<p><span style=\"color: #000000;\">\u00c7do fluturim ka n\u00eb bord aq pasagjer\u00eb sa ka edhe vende t\u00eb disponueshme me rrip sigurie dhe n\u00eb disa raste avion\u00ebt fluturojn\u00eb dhe me m\u00eb pak pasagjer\u00eb se kapaciteti maksimal, n\u00eb var\u00ebsi t\u00eb k\u00ebrkes\u00ebs.<\/span><\/p>\n<p><span style=\"color: #000000;\">Ky fakt \u00ebsht\u00eb leht\u00ebsisht i verifikuesh\u00ebm nga numri i pasagjer\u00ebve q\u00eb kalojn\u00eb pik\u00ebn kufitare t\u00eb Rinasit dhe vendeve t\u00eb disponueshme sipas tipit t\u00eb avionit, ndaj mund t\u00eb kthehet n\u00eb dit\u00ebt n\u00eb vazhdim n\u00eb nj\u00eb argument t\u00eb fort\u00eb ligjor, p\u00ebr t\u2019u p\u00ebrballur para drejt\u00ebsis\u00eb me ata individ\u00eb apo portale, t\u00eb cil\u00ebt abuzojn\u00eb q\u00ebllimisht prej dit\u00ebsh me k\u00ebt\u00eb proces jetik, n\u00eb kuad\u00ebr t\u00eb masave t\u00eb marra nga Qeveria Shqiptare p\u00ebr parandalimin e p\u00ebrhapjes s\u00eb COVID-19.<\/span><\/p>\n<p><span style=\"color: #000000;\">P\u00ebr t\u00eb gjith\u00eb ata, q\u00eb shprehin shqet\u00ebsim p\u00ebr distancimin social n\u00eb avion, ju informojm\u00eb dhe nj\u00ebher\u00eb se gjat\u00eb transportit me avion, apo me autobus, p\u00ebr n\u00eb strukturat karantinuese, jan\u00eb p\u00ebrdorur kapacitetet maksimale t\u00eb mjeteve transportuese, pasi t\u00eb gjith\u00eb qytetar\u00ebt e riatdhesuar karantinohen p\u00ebr 14 dit\u00eb.<\/span><br \/>\n<span style=\"color: #000000;\">\u00cbsht\u00eb e patolerueshme, fushata disinformuese p\u00ebr procesin e riatdhesimit dhe abuzimi me foto e video, q\u00eb nuk i p\u00ebrkasin momentit t\u00eb fluturimit.<\/span><\/p>\n<p><span style=\"color: #000000;\">B\u00ebjm\u00eb thirrje p\u00ebr seriozitet dhe p\u00ebrgjegjshm\u00ebri, pasi dizinformimi nuk ndihmon ask\u00ebnd n\u00eb k\u00ebt\u00eb situat\u00eb pandemie, p\u00ebrve\u00e7 krijimit t\u00eb panikut e konfuzionit, me dashje.<\/span><\/p>\n","protected":false,"gt_translate_keys":[{"key":"rendered","format":"html"}]},"excerpt":{"rendered":"<p>Ministria e Infrastruktur\u00ebs dhe Energjis\u00eb ka reaguar lidhur me foton e shp\u00ebrndar\u00eb dit\u00ebn e sotme ku shiheshin qytetar\u00eb shqiptar\u00eb n\u00eb k\u00ebmb\u00eb n\u00eb avionin p\u00ebr riatdhesim. Ministria e ka quajtur shp\u00ebrndarjen e fotos tendecioze p\u00ebr disinformim t\u00eb q\u00ebllimsh\u00ebm, pasi pasagjer\u00ebt kan\u00eb qen\u00eb n\u00eb momentin e akomodimit kur \u00ebsht\u00eb shkrepur. \u00a0 M\u00eb tej n\u00eb deklarat\u00eb kjo ministri [&hellip;]<\/p>\n","protected":false,"gt_translate_keys":[{"key":"rendered","format":"html"}]},"author":32,"featured_media":371009,"comment_status":"open","ping_status":"open","sticky":false,"template":"","format":"standard","meta":{"footnotes":""},"categories":[65,13],"tags":[],"class_list":["post-371041","post","type-post","status-publish","format-standard","has-post-thumbnail","hentry","category-lajme","category-te-fundit"],"gt_translate_keys":[{"key":"link","format":"url"}],"_links":{"self":[{"href":"https:\/\/www.hashtag.al\/index.php\/wp-json\/wp\/v2\/posts\/371041","targetHints":{"allow":["GET"]}}],"collection":[{"href":"https:\/\/www.hashtag.al\/index.php\/wp-json\/wp\/v2\/posts"}],"about":[{"href":"https:\/\/www.hashtag.al\/index.php\/wp-json\/wp\/v2\/types\/post"}],"author":[{"embeddable":true,"href":"https:\/\/www.hashtag.al\/index.php\/wp-json\/wp\/v2\/users\/32"}],"replies":[{"embeddable":true,"href":"https:\/\/www.hashtag.al\/index.php\/wp-json\/wp\/v2\/comments?post=371041"}],"version-history":[{"count":0,"href":"https:\/\/www.hashtag.al\/index.php\/wp-json\/wp\/v2\/posts\/371041\/revisions"}],"wp:featuredmedia":[{"embeddable":true,"href":"https:\/\/www.hashtag.al\/index.php\/wp-json\/wp\/v2\/media\/371009"}],"wp:attachment":[{"href":"https:\/\/www.hashtag.al\/index.php\/wp-json\/wp\/v2\/media?parent=371041"}],"wp:term":[{"taxonomy":"category","embeddable":true,"href":"https:\/\/www.hashtag.al\/index.php\/wp-json\/wp\/v2\/categories?post=371041"},{"taxonomy":"post_tag","embeddable":true,"href":"https:\/\/www.hashtag.al\/index.php\/wp-json\/wp\/v2\/tags?post=371041"}],"curies":[{"name":"wp","href":"https:\/\/api.w.org\/{rel}","templated":true}]}}