{"id":370929,"date":"2020-05-03T09:14:53","date_gmt":"2020-05-03T07:14:53","guid":{"rendered":"https:\/\/hashtag.al\/?p=370929"},"modified":"2020-05-03T09:17:09","modified_gmt":"2020-05-03T07:17:09","slug":"shkembim-zjarri-midis-dy-koreve-per-here-te-pare-pas-5-vitesh","status":"publish","type":"post","link":"https:\/\/www.hashtag.al\/index.php\/2020\/05\/03\/shkembim-zjarri-midis-dy-koreve-per-here-te-pare-pas-5-vitesh\/","title":{"rendered":"Shk\u00ebmbim zjarri midis dy Koreve p\u00ebr her\u00eb t\u00eb par\u00eb pas 5 vitesh","gt_translate_keys":[{"key":"rendered","format":"text"}]},"content":{"rendered":"<p><span style=\"color: #000000;\"><a style=\"color: #000000;\" href=\"https:\/\/hashtag.al\/wp-content\/uploads\/2020\/05\/Kore-e-Jugut.jpg\"><img loading=\"lazy\" decoding=\"async\" class=\"aligncenter size-full wp-image-370930\" src=\"https:\/\/hashtag.al\/wp-content\/uploads\/2020\/05\/Kore-e-Jugut.jpg\" alt=\"\" width=\"980\" height=\"551\" srcset=\"https:\/\/www.hashtag.al\/wp-content\/uploads\/2020\/05\/Kore-e-Jugut.jpg 980w, https:\/\/www.hashtag.al\/wp-content\/uploads\/2020\/05\/Kore-e-Jugut-300x169.jpg 300w, https:\/\/www.hashtag.al\/wp-content\/uploads\/2020\/05\/Kore-e-Jugut-768x432.jpg 768w\" sizes=\"auto, (max-width: 980px) 100vw, 980px\" \/><\/a><\/span><\/p>\n<p><span style=\"color: #000000;\">Koreja e Veriut dhe ajo e Jugut kan\u00eb shk\u00ebmbyer arm\u00eb zjarri m\u00ebngjesin e sot\u00ebm n\u00eb Zon\u00ebn e Demilitarizuar q\u00eb ndan t\u00eb dy shtetet.<\/span><\/p>\n<p><span style=\"color: #000000;\">Sipas <a style=\"color: #000000;\" href=\"https:\/\/en.yna.co.kr\/view\/AEN20200503002300325\">mediave<\/a> t\u00eb Kores\u00eb s\u00eb Jugut, Veriu sulmoi nj\u00eb post\u00ebroje kufitare n\u00eb qytetin e Cheor\u00ebon, \u00e7ka ka detyruar ushtrin\u00eb e Seulit t\u00eb kund\u00ebrp\u00ebrgjigjet.<\/span><\/p>\n<p><span style=\"color: #000000;\">Si p\u00ebrgjigje, Koreja e Jugut thot\u00eb se gjuajti <em>\u201cdy raunde me arm\u00eb zjarri dhe nj\u00eb njoftim paralajm\u00ebrues sipas manualit ton\u00eb\u201d<\/em>. Nuk ka raportime p\u00ebr viktima.<\/span><\/p>\n<p><span style=\"color: #000000;\">Seul dhe Pyongyang thuhet se jan\u00eb n\u00eb kontakt p\u00ebr t\u00eb zgjidhur incidentin.<\/span><\/p>\n<p><span style=\"color: #000000;\">Ky \u00ebsht\u00eb shk\u00ebmbimi i par\u00eb m\u00eb arm\u00eb zjarri q\u00eb ndodh midis Veriut dhe Jugut n\u00eb 5 vite. E po ashtu vjen vet\u00ebm nj\u00eb dit\u00eb pasi udh\u00ebheq\u00ebsi i Kores\u00eb s\u00eb Veriut, Kim Jong-un, u rishfaq n\u00eb opinionin publik pas disa jav\u00ebsh thashetheme dhe spekulimesh p\u00ebr sh\u00ebndetin e tij.<\/span><\/p>\n<p><span style=\"color: #000000;\">Si\u00e7 shkruan <span style=\"color: #0000ff;\"><a style=\"color: #0000ff;\" href=\"https:\/\/www.bbc.com\/news\/world-asia-52518844\">BBC<\/a><\/span>, zona e demilitarizuar u krijua pas Luft\u00ebs Koreane n\u00eb vitin 1953 n\u00eb m\u00ebnyr\u00eb q\u00eb t\u00eb krijonte nj\u00eb zon\u00eb t\u00eb zbutur midis dy vendeve.<\/span><\/p>\n<p><span style=\"color: #000000;\">P\u00ebr dy vitet e fundit, qeveria e Seulit \u00ebsht\u00eb p\u00ebrpjekur t\u00eb kthej\u00eb kufirin e fortifikuar n\u00eb nj\u00eb zon\u00eb paqeje.<\/span><\/p>\n<p><span style=\"color: #000000;\">Leht\u00ebsimi i tensioneve ushtarake n\u00eb kufi ishte nj\u00eb nga marr\u00ebveshjet e arritura midis liderit t\u00eb Kores\u00eb s\u00eb Veriut, Kim Jong-un, dhe Presidentit t\u00eb Kores\u00eb s\u00eb Jugut, Moon Jae-in, n\u00eb nj\u00eb samit n\u00eb Pyongyang n\u00eb shtator\u00a0 t\u00eb 2018-\u00ebs.<\/span><\/p>\n","protected":false,"gt_translate_keys":[{"key":"rendered","format":"html"}]},"excerpt":{"rendered":"<p>Koreja e Veriut dhe ajo e Jugut kan\u00eb shk\u00ebmbyer arm\u00eb zjarri m\u00ebngjesin e sot\u00ebm n\u00eb Zon\u00ebn e Demilitarizuar q\u00eb ndan t\u00eb dy shtetet. Sipas mediave t\u00eb Kores\u00eb s\u00eb Jugut, Veriu sulmoi nj\u00eb post\u00ebroje kufitare n\u00eb qytetin e Cheor\u00ebon, \u00e7ka ka detyruar ushtrin\u00eb e Seulit t\u00eb kund\u00ebrp\u00ebrgjigjet. Si p\u00ebrgjigje, Koreja e Jugut thot\u00eb se gjuajti \u201cdy [&hellip;]<\/p>\n","protected":false,"gt_translate_keys":[{"key":"rendered","format":"html"}]},"author":30,"featured_media":370930,"comment_status":"open","ping_status":"open","sticky":false,"template":"","format":"standard","meta":{"footnotes":""},"categories":[6,13],"tags":[],"class_list":["post-370929","post","type-post","status-publish","format-standard","has-post-thumbnail","hentry","category-nderkombetare","category-te-fundit"],"gt_translate_keys":[{"key":"link","format":"url"}],"_links":{"self":[{"href":"https:\/\/www.hashtag.al\/index.php\/wp-json\/wp\/v2\/posts\/370929","targetHints":{"allow":["GET"]}}],"collection":[{"href":"https:\/\/www.hashtag.al\/index.php\/wp-json\/wp\/v2\/posts"}],"about":[{"href":"https:\/\/www.hashtag.al\/index.php\/wp-json\/wp\/v2\/types\/post"}],"author":[{"embeddable":true,"href":"https:\/\/www.hashtag.al\/index.php\/wp-json\/wp\/v2\/users\/30"}],"replies":[{"embeddable":true,"href":"https:\/\/www.hashtag.al\/index.php\/wp-json\/wp\/v2\/comments?post=370929"}],"version-history":[{"count":0,"href":"https:\/\/www.hashtag.al\/index.php\/wp-json\/wp\/v2\/posts\/370929\/revisions"}],"wp:featuredmedia":[{"embeddable":true,"href":"https:\/\/www.hashtag.al\/index.php\/wp-json\/wp\/v2\/media\/370930"}],"wp:attachment":[{"href":"https:\/\/www.hashtag.al\/index.php\/wp-json\/wp\/v2\/media?parent=370929"}],"wp:term":[{"taxonomy":"category","embeddable":true,"href":"https:\/\/www.hashtag.al\/index.php\/wp-json\/wp\/v2\/categories?post=370929"},{"taxonomy":"post_tag","embeddable":true,"href":"https:\/\/www.hashtag.al\/index.php\/wp-json\/wp\/v2\/tags?post=370929"}],"curies":[{"name":"wp","href":"https:\/\/api.w.org\/{rel}","templated":true}]}}