{"id":370567,"date":"2020-05-01T10:31:44","date_gmt":"2020-05-01T08:31:44","guid":{"rendered":"https:\/\/hashtag.al\/?p=370567"},"modified":"2020-05-01T10:31:44","modified_gmt":"2020-05-01T08:31:44","slug":"gjermania-lehteson-masat-per-koronavirusin","status":"publish","type":"post","link":"https:\/\/www.hashtag.al\/index.php\/2020\/05\/01\/gjermania-lehteson-masat-per-koronavirusin\/","title":{"rendered":"Gjermania leht\u00ebson masat p\u00ebr koronavirusin","gt_translate_keys":[{"key":"rendered","format":"text"}]},"content":{"rendered":"<p><img loading=\"lazy\" decoding=\"async\" class=\"aligncenter size-full wp-image-365540\" src=\"https:\/\/hashtag.al\/wp-content\/uploads\/2020\/04\/Merkel-2.jpg\" alt=\"\" width=\"841\" height=\"505\" srcset=\"https:\/\/www.hashtag.al\/wp-content\/uploads\/2020\/04\/Merkel-2.jpg 841w, https:\/\/www.hashtag.al\/wp-content\/uploads\/2020\/04\/Merkel-2-300x180.jpg 300w, https:\/\/www.hashtag.al\/wp-content\/uploads\/2020\/04\/Merkel-2-768x461.jpg 768w\" sizes=\"auto, (max-width: 841px) 100vw, 841px\" \/><\/p>\n<p><span style=\"color: #000000;\">Kancelarja Angela Merkel dhe kryeministrat e landeve ran\u00eb dakord p\u00ebr leht\u00ebsimin e m\u00ebtejsh\u00ebm t\u00eb kufizimeve p\u00ebr pandemin\u00eb e koronavirusit. Pas diskutimeve Merkel tha n\u00eb Berlin se sheshet e loj\u00ebrave p\u00ebr f\u00ebmij\u00eb dhe institucione si muze, vende p\u00ebrkujtimore, kopshte zoologjike dhe kopshte botanike mund t\u00eb rihapen n\u00ebse plot\u00ebsojn\u00eb kushtet e siguris\u00eb p\u00ebr pandemin\u00eb e koronavirusit.<\/span><\/p>\n<p><span style=\"color: #000000;\">Komunitetet fetare kan\u00eb propozuar edhe kushte n\u00ebn t\u00eb cilat mund t\u00eb rifillojn\u00eb edhe sh\u00ebrbesat fetare n\u00eb mbar\u00eb vendin. P\u00ebrve\u00e7 rregullave t\u00eb higjien\u00ebs dhe t\u00eb distanc\u00ebs, koncepti p\u00ebrfshin edhe rekomandimin p\u00ebr t\u00eb mos k\u00ebnduar dhe p\u00ebrdorur instrumente frymore. Mendohet se si ata q\u00eb k\u00ebndojn\u00eb edhe ata q\u00eb u bien instrumenteve frymore l\u00ebshojn\u00eb m\u00eb shum\u00eb sp\u00ebrkla infektive, raporton DW.<\/span><\/p>\n<p><span style=\"color: #000000;\"><strong>Hap i nd\u00ebrmjet\u00ebm<\/strong><\/span><\/p>\n<p><span style=\"color: #000000;\">Merkel tha se diskutimet e deritanishme mes qeveris\u00eb federale dhe landeve jan\u00eb &#8220;nj\u00eb hap i nd\u00ebrmjet\u00ebm&#8221;. M\u00eb 6 maj do t\u00eb zhvillohet nj\u00eb takim tjet\u00ebr ku do t\u00eb merren n\u00eb shqyrtim pasojat e pas lejes p\u00ebr hapjen e dyqaneve 14 dit\u00eb m\u00eb par\u00eb, tha Merkel. Kancelarja theksoi se q\u00ebllimi kryesor \u00ebsht\u00eb q\u00eb t\u00eb ngadal\u00ebsohet p\u00ebrhapja e virusit n\u00eb m\u00ebnyr\u00eb q\u00eb sistemi sh\u00ebndet\u00ebsor t\u00eb mund t\u00eb p\u00ebrballoj\u00eb numrin e njer\u00ebzve q\u00eb mund t\u00eb preken r\u00ebnd\u00eb nga s\u00ebmundja.<\/span><\/p>\n<p><span style=\"color: #000000;\"><strong>N\u00eb rast shtimi t\u00eb infeksioneve s\u00ebrish kufizime<\/strong><\/span><\/p>\n<p><span style=\"color: #000000;\">N\u00ebse kurba e infeksioneve do t\u00eb rritet p\u00ebrs\u00ebri me shpejt\u00ebsi, ne duhet t\u00eb jemi gati p\u00ebr t\u00eb reaguar, tha Merkel dhe paralajm\u00ebroi q\u00eb askush nuk duhet t\u00eb kujtoj\u00eb se tani gjendja \u00ebsht\u00eb e sigurt. N\u00eb vendim e qeveris\u00eb gjermane thuhet se n\u00eb rast se do t\u00eb ket\u00eb &#8220;dinamika rajonale me num\u00ebr t\u00eb madh infeksionesh t\u00eb reja institucionet duhet t\u00eb reagojn\u00eb menj\u00ebher\u00eb. Kjo do t\u00eb thot\u00eb edhe q\u00eb do t\u00eb rihyjn\u00eb n\u00eb fuqi kufizimet e para 20 prillit, pra p\u00ebrpara se t\u00eb hapeshin dyqanet.\u201d<\/span><\/p>\n<p><span style=\"color: #000000;\"><strong>Shkollat, kopshtet, \u00e7erdhet<\/strong><\/span><\/p>\n<p><span style=\"color: #000000;\">Kryeministri i landit t\u00eb Bavaris\u00eb, Markus S\u00f6der, tha se me leht\u00ebsimet e planifikuara, Gjermania po b\u00ebn nj\u00eb hap drejt normalitetit &#8211; por t\u00eb nj\u00eb normaliteti me virusin Corona. Sipas tij &#8220;Padyshim q\u00eb k\u00ebt\u00eb vit nuk do t\u00eb jet\u00eb m\u00eb nj\u00eb vit normal shkollor.&#8221;<\/span><\/p>\n<p><span style=\"color: #000000;\">Takimi i 6 majit do t\u00eb p\u00ebrqendrohet posa\u00e7\u00ebrisht n\u00eb konceptet p\u00ebr hapjen graduale t\u00eb shkollave, kopshteve apo dhe ambienteve sportive. Hapja e sektor\u00ebve t\u00eb tjer\u00eb si gastronomia dhe turizmi do t\u00eb diskutohen n\u00eb takimet vijuese. Kurse tema e pushimeve verore nuk \u00ebsht\u00eb ende n\u00eb rendin e dit\u00ebs p\u00ebr shkak se n\u00eb disa vende evropiane vazhdojn\u00eb t\u00eb jen\u00eb n\u00eb &#8220;mbyllje totale&#8221;.<\/span><\/p>\n","protected":false,"gt_translate_keys":[{"key":"rendered","format":"html"}]},"excerpt":{"rendered":"<p>Kancelarja Angela Merkel dhe kryeministrat e landeve ran\u00eb dakord p\u00ebr leht\u00ebsimin e m\u00ebtejsh\u00ebm t\u00eb kufizimeve p\u00ebr pandemin\u00eb e koronavirusit. Pas diskutimeve Merkel tha n\u00eb Berlin se sheshet e loj\u00ebrave p\u00ebr f\u00ebmij\u00eb dhe institucione si muze, vende p\u00ebrkujtimore, kopshte zoologjike dhe kopshte botanike mund t\u00eb rihapen n\u00ebse plot\u00ebsojn\u00eb kushtet e siguris\u00eb p\u00ebr pandemin\u00eb e koronavirusit. Komunitetet [&hellip;]<\/p>\n","protected":false,"gt_translate_keys":[{"key":"rendered","format":"html"}]},"author":32,"featured_media":365540,"comment_status":"open","ping_status":"open","sticky":false,"template":"","format":"standard","meta":{"footnotes":""},"categories":[6,13],"tags":[],"class_list":["post-370567","post","type-post","status-publish","format-standard","has-post-thumbnail","hentry","category-nderkombetare","category-te-fundit"],"gt_translate_keys":[{"key":"link","format":"url"}],"_links":{"self":[{"href":"https:\/\/www.hashtag.al\/index.php\/wp-json\/wp\/v2\/posts\/370567","targetHints":{"allow":["GET"]}}],"collection":[{"href":"https:\/\/www.hashtag.al\/index.php\/wp-json\/wp\/v2\/posts"}],"about":[{"href":"https:\/\/www.hashtag.al\/index.php\/wp-json\/wp\/v2\/types\/post"}],"author":[{"embeddable":true,"href":"https:\/\/www.hashtag.al\/index.php\/wp-json\/wp\/v2\/users\/32"}],"replies":[{"embeddable":true,"href":"https:\/\/www.hashtag.al\/index.php\/wp-json\/wp\/v2\/comments?post=370567"}],"version-history":[{"count":0,"href":"https:\/\/www.hashtag.al\/index.php\/wp-json\/wp\/v2\/posts\/370567\/revisions"}],"wp:featuredmedia":[{"embeddable":true,"href":"https:\/\/www.hashtag.al\/index.php\/wp-json\/wp\/v2\/media\/365540"}],"wp:attachment":[{"href":"https:\/\/www.hashtag.al\/index.php\/wp-json\/wp\/v2\/media?parent=370567"}],"wp:term":[{"taxonomy":"category","embeddable":true,"href":"https:\/\/www.hashtag.al\/index.php\/wp-json\/wp\/v2\/categories?post=370567"},{"taxonomy":"post_tag","embeddable":true,"href":"https:\/\/www.hashtag.al\/index.php\/wp-json\/wp\/v2\/tags?post=370567"}],"curies":[{"name":"wp","href":"https:\/\/api.w.org\/{rel}","templated":true}]}}