{"id":370471,"date":"2020-04-30T17:48:17","date_gmt":"2020-04-30T15:48:17","guid":{"rendered":"https:\/\/hashtag.al\/?p=370471"},"modified":"2020-04-30T17:48:17","modified_gmt":"2020-04-30T15:48:17","slug":"klgj-usaid-krijojne-trupe-artificiale-per-dosjet-ne-gjykaten-e-larte-pikepyetjet-mbi-ligjshmerine","status":"publish","type":"post","link":"https:\/\/www.hashtag.al\/index.php\/2020\/04\/30\/klgj-usaid-krijojne-trupe-artificiale-per-dosjet-ne-gjykaten-e-larte-pikepyetjet-mbi-ligjshmerine\/","title":{"rendered":"KLGJ-USAID krijojn\u00eb \u201ctrup\u00eb artificiale\u201d p\u00ebr dosjet n\u00eb Gjykat\u00ebn e Lart\u00eb. Pik\u00ebpyetjet mbi ligjshm\u00ebrin\u00eb","gt_translate_keys":[{"key":"rendered","format":"text"}]},"content":{"rendered":"<p><span style=\"color: #000000;\"><img loading=\"lazy\" decoding=\"async\" class=\"aligncenter size-full wp-image-370472\" src=\"https:\/\/hashtag.al\/wp-content\/uploads\/2020\/04\/Capture.png\" alt=\"\" width=\"680\" height=\"439\" srcset=\"https:\/\/www.hashtag.al\/wp-content\/uploads\/2020\/04\/Capture.png 680w, https:\/\/www.hashtag.al\/wp-content\/uploads\/2020\/04\/Capture-300x194.png 300w\" sizes=\"auto, (max-width: 680px) 100vw, 680px\" \/><\/span><\/p>\n<p><span style=\"color: #000000;\">Nj\u00eb marr\u00ebveshje nd\u00ebrmjet K\u00ebshillit t\u00eb Lart\u00eb Gjyq\u00ebsor (KLGJ) dhe misionit amerikan USAID \u00ebsht\u00eb n\u00ebnshkruar s\u00eb fundmi mes shum\u00eb pik\u00ebpyetjesh kushtetuese dhe ligjore, pavar\u00ebsisht q\u00ebllimit pozitiv, q\u00eb, sipas asaj q\u00eb u deklarua, \u00ebsht\u00eb ndihmesa q\u00eb i duhet dh\u00ebn\u00eb Gjykat\u00ebs s\u00eb Lart\u00eb n\u00eb p\u00ebrballimin e fluksit t\u00eb mbi 35 mij\u00eb dosjeve stok t\u00eb krijuara n\u00eb at\u00eb institucion.<\/span><\/p>\n<p><span style=\"color: #000000;\">Ambasada Amerikane n\u00eb Tiran\u00eb njoftoi mbr\u00ebmjen e s\u00eb M\u00ebrkur\u00ebs n\u00eb nj\u00eb status n\u00eb rrjete sociale se, n\u00eb baz\u00eb t\u00eb k\u00ebsaj Marr\u00ebveshjeje Mir\u00ebkuptimi \u201cnj\u00eb ekip i ve\u00e7ant\u00eb jurist\u00ebsh t\u00eb zot\u00eb shqiptar\u00eb do t\u00eb pun\u00ebsohen p\u00ebr t\u00eb ndihmuar gjykat\u00ebn (e Lart\u00eb) q\u00eb t\u00eb veproj\u00eb me m\u00eb shum\u00eb efikasitet dhe t\u00eb mund\u00ebsoj\u00eb q\u00eb gjykat\u00ebsit t\u00eb marrin vendime sa m\u00eb shpejt\u201d.<\/span><\/p>\n<p><span style=\"color: #000000;\">Deri n\u00eb momentin e publikimit t\u00eb k\u00ebtij shkrimi, Marr\u00ebveshja e Mir\u00ebkuptimit nuk ishte publikuar n\u00eb faqen e K\u00ebshillit t\u00eb Lart\u00eb Gjyq\u00ebsor dhe termat e saj nuk jan\u00eb ende n\u00eb dispozicion t\u00eb publikut.<\/span><\/p>\n<p><span style=\"color: #000000;\">\u201cBoldnews.al\u201d m\u00ebsoi nga burime zyrtare t\u00eb K\u00ebshillit t\u00eb Lart\u00eb Gjyq\u00ebsor se \u201cekipi i ve\u00e7ant\u00eb i jurist\u00ebve\u201d, p\u00ebr t\u00eb cilin ende nuk \u00ebsht\u00eb p\u00ebrcaktuar numri i sakt\u00eb, do t\u00eb jet\u00eb nj\u00eb trup\u00eb q\u00eb do t\u00eb paguhet nga USAID-i.<\/span><\/p>\n<p><span style=\"color: #000000;\">Pra, kjo trup\u00eb pritet t\u00eb jet\u00eb n\u00eb ndihm\u00eb t\u00eb Gjykat\u00ebs s\u00eb Lart\u00eb, por nuk do t\u00eb rezultojn\u00eb si n\u00ebpun\u00ebs t\u00eb shtetit, p\u00ebr aq koh\u00eb sa ata do t\u00eb paguhen nga misioni i ndihm\u00ebs i Shteteve t\u00eb Bashkuara t\u00eb Amerik\u00ebs.<\/span><\/p>\n<p><span style=\"color: #000000;\">K\u00ebtu, situata duket se nd\u00ebrlikohet disi.<\/span><\/p>\n<p><span style=\"color: #000000;\"><strong>Pik\u00ebpyetje mbi ligjshm\u00ebrin\u00eb<\/strong><\/span><\/p>\n<p><span style=\"color: #000000;\">Gjykata e Lart\u00eb, p\u00ebr m\u00eb shum\u00eb se nj\u00eb viti \u00ebsht\u00eb thuajse jasht\u00eb funksionit. P\u00ebr muaj t\u00eb t\u00ebr\u00eb ajo kishte n\u00eb zyr\u00eb vet\u00ebm kryetarin n\u00eb detyr\u00eb, Ardian Dvorani. N\u00eb Mars 2020, K\u00ebshilli i Lart\u00eb Gjyq\u00ebsor dhe Presidenti i Republik\u00ebs em\u00ebruan 3 gjyqtar\u00eb t\u00eb rinj.<\/span><\/p>\n<p><span style=\"color: #000000;\">Por, vakancat e shumta dhe p\u00ebr nj\u00eb koh\u00eb t\u00eb gjat\u00eb n\u00eb gjykat\u00ebn supreme shqiptare, kan\u00eb krijuar nj\u00eb stok prej mbi 35 mij\u00eb dosje q\u00eb presin p\u00ebr shqyrtim.<\/span><\/p>\n<p><span style=\"color: #000000;\">P\u00ebr t\u00eb gjetur nj\u00eb zgjidhje emergjente, duket se K\u00ebshilli i Lart\u00eb Gjyq\u00ebsor dhe USAID kan\u00eb hartuar nj\u00eb \u201cmas\u00eb ekstreme, p\u00ebr situat\u00eb ekstreme\u201d. Por, kjo marr\u00ebveshje dhe veprimet n\u00eb kuad\u00ebr t\u00eb saj, nuk gjejn\u00eb mb\u00ebshtetje n\u00eb kuadrin ligjor, t\u00eb miratuar si pjes\u00eb e Reform\u00ebs n\u00eb Drejt\u00ebsi.<\/span><\/p>\n<p><span style=\"color: #000000;\">Ligji \u201cP\u00ebr organizimin e pushtetit gjyq\u00ebsor n\u00eb Shqip\u00ebri\u201d parashikon se an\u00ebtar\u00ebt e Nj\u00ebsis\u00eb s\u00eb Sh\u00ebrbimi Ligjor (ndihm\u00ebs-gjyqtar\u00ebt) zgjidhen nga K\u00ebshilli i Lart\u00eb Gjyq\u00ebsor nga dy kategori jurist\u00ebsh.<\/span><\/p>\n<p><span style=\"color: #000000;\">Pjesa m\u00eb e madhe e ndihm\u00ebsve ligjor\u00eb n\u00eb Gjykat\u00ebn e Lart\u00eb caktohen n\u00ebp\u00ebrmjet skem\u00ebs s\u00eb komandimit nga shkall\u00ebt m\u00eb t\u00eb ulta t\u00eb gjyq\u00ebsorit.<\/span><\/p>\n<p><span style=\"color: #000000;\">Nd\u00ebrsa pjesa tjet\u00ebr, em\u00ebrohet nga K\u00ebshilli i Lart\u00eb Gjyq\u00ebsor n\u00ebp\u00ebrmjet nj\u00eb procesi garues, n\u00eb radh\u00ebt e jurist\u00ebve t\u00eb spikatur.<\/span><\/p>\n<p><span style=\"color: #000000;\">Trupa e jurist\u00ebve, e cila do t\u00eb zgjidhet n\u00eb baz\u00eb t\u00eb Marr\u00ebveshjes s\u00eb Mir\u00ebkuptimit mes KLGJ-s\u00eb dhe USAID-it nuk i p\u00ebrket asnj\u00ebr\u00ebs prej dy kategorive t\u00eb m\u00ebsip\u00ebrme.<\/span><\/p>\n<p><span style=\"color: #000000;\">Kjo trup\u00eb ndihm\u00ebsish ligjor\u00eb pritet t\u00eb p\u00ebrzgjidhen n\u00eb baz\u00eb t\u00eb nj\u00eb procedure t\u00eb paparashikuar n\u00eb ligj.<\/span><\/p>\n<p><span style=\"color: #000000;\"><strong>Pik\u00ebpyetje mbi statusin<\/strong><\/span><\/p>\n<p><span style=\"color: #000000;\">Zyrtarisht, K\u00ebshilli i Lart\u00eb Gjyq\u00ebsor deklaroi se nuk kishte ende p\u00ebrgjigje p\u00ebr numrin e jurist\u00ebve q\u00eb do t\u00eb jen\u00eb n\u00eb k\u00ebt\u00eb \u201ctrup\u00eb ndihm\u00ebse\u201d, si edhe as p\u00ebr afatin se sa do t\u00eb q\u00ebndrojn\u00eb n\u00eb funksione pran\u00eb Gjykat\u00ebs s\u00eb Lart\u00eb.<\/span><\/p>\n<p><span style=\"color: #000000;\">Burime konfidenciale t\u00eb \u201cBoldnews.al\u201d deklaruan se drafti i k\u00ebsaj marr\u00ebveshjeje \u00ebsht\u00eb punuar p\u00ebr gjat\u00eb disa muajve dhe mendohet q\u00eb k\u00ebta ndihm\u00ebs, t\u00eb zgjedhur sipas Marr\u00ebveshjes s\u00eb Mir\u00ebkuptimit, t\u00eb q\u00ebndrojn\u00eb n\u00eb detyr\u00eb p\u00ebr t\u00eb pakt\u00ebn 3 vjet.<\/span><\/p>\n<p><span style=\"color: #000000;\">Gjith\u00ebsesi, n\u00eb munges\u00eb t\u00eb nj\u00eb teksti t\u00eb Marr\u00ebveshjes s\u00eb Mir\u00ebkuptimit, por edhe t\u00eb modaliteteve ende t\u00eb pap\u00ebrcaktuara plot\u00ebsisht, \u00ebsht\u00eb e paqart\u00eb se cili do t\u00eb jet\u00eb statusi i k\u00ebsaj \u201ctrupe jurist\u00ebsh n\u00eb ndihm\u00eb t\u00eb gjyqtar\u00ebve t\u00eb Gjykat\u00ebs s\u00eb Lart\u00eb\u201d.<\/span><\/p>\n<p><span style=\"color: #000000;\">Si\u00e7 u deklarua zyrtarisht, ky grup jurist\u00ebsh do t\u00eb paguhet nga USAID, gj\u00eb e cila p\u00ebrcakton se ata do t\u00eb jen\u00eb \u201ct\u00eb pun\u00ebsuar\u201d t\u00eb misionit t\u00eb ndihm\u00ebs s\u00eb Shteteve t\u00eb Bashkuara t\u00eb Amerik\u00ebs dhe jo t\u00eb Gjykat\u00ebs s\u00eb Lart\u00eb.<\/span><\/p>\n<p><span style=\"color: #000000;\">P\u00ebr shkak t\u00eb k\u00ebtij raporti kontraktual, \u00ebsht\u00eb e paqart\u00eb se cili do t\u00eb jet\u00eb statusi i k\u00ebsaj trupe, krahasuar me ndihm\u00ebsit e tjer\u00eb ligjor\u00eb q\u00eb jan\u00eb n\u00eb detyr\u00eb apo q\u00eb do t\u00eb p\u00ebrzgjidhen n\u00eb baz\u00eb t\u00eb ligjit \u201cP\u00ebr organizimin e pushtetit gjyq\u00ebsor\u201d.<\/span><\/p>\n<p><span style=\"color: #000000;\">Gjithashtu, kjo trup\u00eb, duke mos qen\u00eb formalisht pjes\u00eb e strukturave t\u00eb shtetit shqiptar, mbetet p\u00ebr t\u2019u konsideruar edhe fakti se cili do t\u00eb jet\u00eb aksesi i tyre n\u00eb dosjet n\u00eb shqyrtim n\u00eb Gjykat\u00ebn e Lart\u00eb.<\/span><\/p>\n<p><span style=\"color: #000000;\">Nj\u00eb tjet\u00ebr element n\u00eb diskutim \u00ebsht\u00eb edhe llogaridh\u00ebnia e k\u00ebsaj \u201ctrupe jurist\u00ebsh\u201d q\u00eb do t\u00eb krijohet sipas Marr\u00ebveshjes s\u00eb Mir\u00ebkuptimit KLGJ-USAID.<\/span><\/p>\n<p><span style=\"color: #000000;\">Ata do t\u00eb funksionojn\u00eb si pjes\u00eb e Gjykat\u00ebs s\u00eb Lart\u00eb, nd\u00ebrkoh\u00eb q\u00eb do t\u00eb paguhen nga USAID. Pra, mbetet p\u00ebr t\u2019u par\u00eb n\u00eb modalitetet e m\u00ebtejshme se ku do t\u00eb japin \u201cllogari\u201d p\u00ebr pun\u00ebn e tyre kjo \u201ctrup\u00eb jurist\u00ebsh\u201d.<\/span><\/p>\n<p><span style=\"color: #000000;\">USAID-i \u00ebsht\u00eb nj\u00eb mision q\u00eb ka siguruar dhe vijon t\u00eb siguroj\u00eb nj\u00eb mb\u00ebshtetje t\u00eb madhe logjistike, ekspertize dhe infrastrukturore p\u00ebr institucionet shqiptare t\u00eb drejt\u00ebsis\u00eb.<\/span><\/p>\n<p><span style=\"color: #000000;\">Me Marr\u00ebveshjen e Mir\u00ebkuptimit t\u00eb n\u00ebnshkruar me K\u00ebshillin e Lart\u00eb Gjyq\u00ebsor, USAID-i duket se do t\u00eb marr edhe nj\u00eb rol tjet\u00ebr, at\u00eb t\u00eb rekrutimit dhe shp\u00ebrblimit financiar p\u00ebr persona jasht\u00eb sistemit t\u00eb drejt\u00ebsis\u00eb.<\/span><\/p>\n<p><span style=\"color: #000000;\">Ky \u00ebsht\u00eb nj\u00eb model p\u00ebr p\u00ebrballimin e kriz\u00ebs n\u00eb sistemin e drejt\u00ebsis\u00eb, por gjith\u00ebsesi, i pahasur n\u00eb asnj\u00eb vend me demokraci t\u00eb konsoliduar apo vende n\u00eb zhvillim.<\/span><\/p>\n<p><span style=\"color: #000000;\"><span style=\"color: #ff0000;\"><strong>VINI RE<\/strong><\/span>: Ky material \u00ebsht\u00eb pron\u00ebsi intelektuale e <a href=\"https:\/\/boldnews.al\/2020\/04\/30\/klgj-usaid-krijojne-trupe-artificiale-per-dosjet-ne-gjykaten-e-larte-pikepyetjet-mbi-ligjshmerine\/\"><span style=\"color: #0000ff;\">Boldnews<\/span><\/a><\/span><\/p>\n","protected":false,"gt_translate_keys":[{"key":"rendered","format":"html"}]},"excerpt":{"rendered":"<p>Nj\u00eb marr\u00ebveshje nd\u00ebrmjet K\u00ebshillit t\u00eb Lart\u00eb Gjyq\u00ebsor (KLGJ) dhe misionit amerikan USAID \u00ebsht\u00eb n\u00ebnshkruar s\u00eb fundmi mes shum\u00eb pik\u00ebpyetjesh kushtetuese dhe ligjore, pavar\u00ebsisht q\u00ebllimit pozitiv, q\u00eb, sipas asaj q\u00eb u deklarua, \u00ebsht\u00eb ndihmesa q\u00eb i duhet dh\u00ebn\u00eb Gjykat\u00ebs s\u00eb Lart\u00eb n\u00eb p\u00ebrballimin e fluksit t\u00eb mbi 35 mij\u00eb dosjeve stok t\u00eb krijuara n\u00eb at\u00eb institucion. [&hellip;]<\/p>\n","protected":false,"gt_translate_keys":[{"key":"rendered","format":"html"}]},"author":51,"featured_media":370472,"comment_status":"open","ping_status":"open","sticky":false,"template":"","format":"standard","meta":{"footnotes":""},"categories":[65,13],"tags":[],"class_list":["post-370471","post","type-post","status-publish","format-standard","has-post-thumbnail","hentry","category-lajme","category-te-fundit"],"gt_translate_keys":[{"key":"link","format":"url"}],"_links":{"self":[{"href":"https:\/\/www.hashtag.al\/index.php\/wp-json\/wp\/v2\/posts\/370471","targetHints":{"allow":["GET"]}}],"collection":[{"href":"https:\/\/www.hashtag.al\/index.php\/wp-json\/wp\/v2\/posts"}],"about":[{"href":"https:\/\/www.hashtag.al\/index.php\/wp-json\/wp\/v2\/types\/post"}],"author":[{"embeddable":true,"href":"https:\/\/www.hashtag.al\/index.php\/wp-json\/wp\/v2\/users\/51"}],"replies":[{"embeddable":true,"href":"https:\/\/www.hashtag.al\/index.php\/wp-json\/wp\/v2\/comments?post=370471"}],"version-history":[{"count":0,"href":"https:\/\/www.hashtag.al\/index.php\/wp-json\/wp\/v2\/posts\/370471\/revisions"}],"wp:featuredmedia":[{"embeddable":true,"href":"https:\/\/www.hashtag.al\/index.php\/wp-json\/wp\/v2\/media\/370472"}],"wp:attachment":[{"href":"https:\/\/www.hashtag.al\/index.php\/wp-json\/wp\/v2\/media?parent=370471"}],"wp:term":[{"taxonomy":"category","embeddable":true,"href":"https:\/\/www.hashtag.al\/index.php\/wp-json\/wp\/v2\/categories?post=370471"},{"taxonomy":"post_tag","embeddable":true,"href":"https:\/\/www.hashtag.al\/index.php\/wp-json\/wp\/v2\/tags?post=370471"}],"curies":[{"name":"wp","href":"https:\/\/api.w.org\/{rel}","templated":true}]}}