{"id":370161,"date":"2020-04-29T15:18:20","date_gmt":"2020-04-29T13:18:20","guid":{"rendered":"https:\/\/hashtag.al\/?p=370161"},"modified":"2020-04-29T15:13:19","modified_gmt":"2020-04-29T13:13:19","slug":"vizita-e-mistershme-e-hashim-thacit-ne-shqiperi","status":"publish","type":"post","link":"https:\/\/www.hashtag.al\/index.php\/2020\/04\/29\/vizita-e-mistershme-e-hashim-thacit-ne-shqiperi\/","title":{"rendered":"Vizita e mistershme e Hashim Tha\u00e7it\u00a0 n\u00eb Shqip\u00ebri","gt_translate_keys":[{"key":"rendered","format":"text"}]},"content":{"rendered":"<p><span style=\"color: #000000;\"><img loading=\"lazy\" decoding=\"async\" class=\"aligncenter size-full wp-image-370162\" src=\"https:\/\/hashtag.al\/wp-content\/uploads\/2020\/04\/hashimi.jpg\" alt=\"\" width=\"695\" height=\"310\" srcset=\"https:\/\/www.hashtag.al\/wp-content\/uploads\/2020\/04\/hashimi.jpg 695w, https:\/\/www.hashtag.al\/wp-content\/uploads\/2020\/04\/hashimi-300x134.jpg 300w\" sizes=\"auto, (max-width: 695px) 100vw, 695px\" \/><\/span><\/p>\n<p><span style=\"color: #000000;\">N\u00eb koh\u00ebn kur e gjith\u00eb audienca e vendit ishte drejtuar tek fluturimi i Behgjet Pacollit n\u00eb Aeroportin e Tiran\u00ebs, nj\u00eb eskort\u00eb e veturave ku ishte edhe Presidenti i vendit, Hashim Tha\u00e7i, ka kaluar pik\u00ebn kufitare n\u00eb V\u00ebrmic\u00eb.<\/span><\/p>\n<p><span style=\"color: #000000;\">Presidenti ka q\u00ebndruar n\u00eb Shqip\u00ebri p\u00ebr disa or\u00eb nd\u00ebrsa \u00ebsht\u00eb kthyer n\u00eb vend n\u00eb or\u00ebn 19 e 20. Raportet tregojn\u00eb se makina e tij nuk \u00ebsht\u00eb kontrolluar p\u00ebr shkak se \u00ebsht\u00eb makin\u00eb VIP<\/span><\/p>\n<p><span style=\"color: #000000;\"> KALLXO.com ka par\u00eb nj\u00eb raport i cili i \u00ebsht\u00eb drejtuar komandantit t\u00eb pik\u00ebs kufitare n\u00eb V\u00ebrmic\u00eb, Arb\u00ebr Telaku, ku thuhet se Presidenti ka kaluar n\u00eb or\u00ebn 19:20, i ulur n\u00eb ul\u00ebsen e par\u00eb t\u00eb makin\u00ebs.<\/span><\/p>\n<p><span style=\"color: #000000;\">Raporti i policit thot\u00eb se nuk kan\u00eb arritur t\u00eb shohin n\u00ebse prapa n\u00eb vetur\u00eb ka pasur persona t\u00eb tjer\u00eb ulur p\u00ebr shkak se\u00a0 vetura ka pasur xhamat e zinj.KALLXO.com ka tentuar t\u00eb marr\u00eb nj\u00eb konfirmim edhe nga zyra e Presidenc\u00ebs, por ata nuk kan\u00eb kthyer p\u00ebrgjigje.<\/span><\/p>\n<p><span style=\"color: #000000;\">Po ashtu, KALLXO.com ka biseduar me k\u00ebshilltarin politik t\u00eb Tha\u00e7it, Ardian Arifaj, por ai ka th\u00ebn\u00eb q\u00eb t\u2019i d\u00ebrgohen pyetjet n\u00eb zyr\u00eb p\u00ebr media.Edhe komandanti, Arb\u00ebr Telaku, nuk ka dh\u00ebn\u00eb detaje pasi ka th\u00ebn\u00eb se duhet t\u2019i drejtohemi zyr\u00ebs s\u00eb mediave.<\/span><\/p>\n<p><span style=\"color: #000000;\">N\u00eb an\u00ebn tjet\u00ebr, komandanti i rajonit kufitar ku b\u00ebn\u00eb pjes\u00eb V\u00ebrmica, Nexhmi Krasniqi e ka konfirmuar p\u00ebr KALLXO.com informacionin. Ai ka th\u00ebn\u00eb se nuk i ka raportet sepse ato d\u00ebrgohen n\u00eb Prishtin\u00eb por atij i \u00ebsht\u00eb th\u00ebn\u00eb se eskorta ka kaluar n\u00eb Shqip\u00ebri dhe \u00ebsht\u00eb kthyer n\u00eb Kosov\u00eb.<\/span><\/p>\n<p><span style=\"color: #000000;\">Sipas ligjit, makina e Presidentit dhe Kryeministrit jan\u00eb VIP dhe nuk iu n\u00ebnshtrohen kontrolleve. Kjo vizit\u00eb e Presidentit Tha\u00e7i n\u00eb Shqip\u00ebri nuk ka qen\u00eb e paralajm\u00ebruar nga zyra e Presidentit.<\/span><\/p>\n<p><span style=\"color: #000000;\">Dje gjat\u00eb dit\u00ebs, kryetari i partis\u00eb Aleanca Kosova e Re, Behgjet Pacolli, aderoi nga Zvicra n\u00eb Tiran\u00eb. Ende nuk dihet n\u00ebse Pacolli \u00ebsht\u00eb kthyer n\u00eb Kosov\u00eb apo po q\u00ebndron n\u00eb Shqip\u00ebri.<\/span><\/p>\n<p><span style=\"color: #000000;\">I pari i AKR-s\u00eb tha fillimisht se atij iu ndalua aterimi n\u00eb Aeroportin e Prishtin\u00ebs, por m\u00eb pastaj njoftoi se ka leje p\u00ebr t\u00eb ardhur n\u00eb Kosov\u00eb. Ish-kryediplomati kosovar u p\u00ebrfshi n\u00eb nj\u00eb diskutim t\u00eb gjat\u00eb n\u00eb rrjetin social \u201cTwitter\u201d rreth ardhjes s\u00eb tij n\u00eb Kosov\u00eb.<\/span><\/p>\n<p><span style=\"color: #000000;\">Pacolli akuzoi partin\u00eb e cila udh\u00ebheq ekzekutivin n\u00eb detyr\u00eb se nuk po e l\u00eb t\u00eb hyj\u00eb n\u00eb vend. Behgjet Pacolli pritet t\u00eb jet\u00eb pjes\u00eb e Qeveris\u00eb s\u00eb re t\u00eb cil\u00ebs do t\u2019i prij\u00eb Avdullah Hoti i LDK-s\u00eb.<\/span><\/p>\n<p><span style=\"color: #000000;\">K\u00ebt\u00eb e ka konfirmuar dje gjat\u00eb dit\u00ebs vet\u00eb Hoti para mediave.<\/span><\/p>\n<p><span style=\"color: #000000;\"><span style=\"color: #ff0000;\"><strong>VINI RE<\/strong><\/span>: Ky material \u00ebsht\u00eb pron\u00ebsi intelektuale e <a href=\"https:\/\/kallxo.com\/lajm\/vizita-e-mistershme-e-presidenti-thaci-ne-shqiperi\/\"><span style=\"color: #0000ff;\">Kallxo.com<\/span><\/a><\/span><\/p>\n","protected":false,"gt_translate_keys":[{"key":"rendered","format":"html"}]},"excerpt":{"rendered":"<p>N\u00eb koh\u00ebn kur e gjith\u00eb audienca e vendit ishte drejtuar tek fluturimi i Behgjet Pacollit n\u00eb Aeroportin e Tiran\u00ebs, nj\u00eb eskort\u00eb e veturave ku ishte edhe Presidenti i vendit, Hashim Tha\u00e7i, ka kaluar pik\u00ebn kufitare n\u00eb V\u00ebrmic\u00eb. Presidenti ka q\u00ebndruar n\u00eb Shqip\u00ebri p\u00ebr disa or\u00eb nd\u00ebrsa \u00ebsht\u00eb kthyer n\u00eb vend n\u00eb or\u00ebn 19 e 20. [&hellip;]<\/p>\n","protected":false,"gt_translate_keys":[{"key":"rendered","format":"html"}]},"author":51,"featured_media":370162,"comment_status":"open","ping_status":"open","sticky":false,"template":"","format":"standard","meta":{"footnotes":""},"categories":[149],"tags":[],"class_list":["post-370161","post","type-post","status-publish","format-standard","has-post-thumbnail","hentry","category-kosoverajon"],"gt_translate_keys":[{"key":"link","format":"url"}],"_links":{"self":[{"href":"https:\/\/www.hashtag.al\/index.php\/wp-json\/wp\/v2\/posts\/370161","targetHints":{"allow":["GET"]}}],"collection":[{"href":"https:\/\/www.hashtag.al\/index.php\/wp-json\/wp\/v2\/posts"}],"about":[{"href":"https:\/\/www.hashtag.al\/index.php\/wp-json\/wp\/v2\/types\/post"}],"author":[{"embeddable":true,"href":"https:\/\/www.hashtag.al\/index.php\/wp-json\/wp\/v2\/users\/51"}],"replies":[{"embeddable":true,"href":"https:\/\/www.hashtag.al\/index.php\/wp-json\/wp\/v2\/comments?post=370161"}],"version-history":[{"count":0,"href":"https:\/\/www.hashtag.al\/index.php\/wp-json\/wp\/v2\/posts\/370161\/revisions"}],"wp:featuredmedia":[{"embeddable":true,"href":"https:\/\/www.hashtag.al\/index.php\/wp-json\/wp\/v2\/media\/370162"}],"wp:attachment":[{"href":"https:\/\/www.hashtag.al\/index.php\/wp-json\/wp\/v2\/media?parent=370161"}],"wp:term":[{"taxonomy":"category","embeddable":true,"href":"https:\/\/www.hashtag.al\/index.php\/wp-json\/wp\/v2\/categories?post=370161"},{"taxonomy":"post_tag","embeddable":true,"href":"https:\/\/www.hashtag.al\/index.php\/wp-json\/wp\/v2\/tags?post=370161"}],"curies":[{"name":"wp","href":"https:\/\/api.w.org\/{rel}","templated":true}]}}