{"id":370155,"date":"2020-04-29T15:03:18","date_gmt":"2020-04-29T13:03:18","guid":{"rendered":"https:\/\/hashtag.al\/?p=370155"},"modified":"2020-04-29T15:03:18","modified_gmt":"2020-04-29T13:03:18","slug":"kryebashkiaku-i-nju-jorkut-akuzohet-per-anti-semitizem-kercenoi-arrestimin-e-komunitetit-hebre","status":"publish","type":"post","link":"https:\/\/www.hashtag.al\/index.php\/2020\/04\/29\/kryebashkiaku-i-nju-jorkut-akuzohet-per-anti-semitizem-kercenoi-arrestimin-e-komunitetit-hebre\/","title":{"rendered":"Kryebashkiaku i Nju Jorkut akuzohet p\u00ebr anti-semitiz\u00ebm, k\u00ebrc\u00ebnoi arrestimin e komunitetit hebre","gt_translate_keys":[{"key":"rendered","format":"text"}]},"content":{"rendered":"<p><img loading=\"lazy\" decoding=\"async\" class=\"aligncenter size-full wp-image-370156\" src=\"https:\/\/hashtag.al\/wp-content\/uploads\/2020\/04\/njujork.jpg\" alt=\"\" width=\"980\" height=\"551\" srcset=\"https:\/\/www.hashtag.al\/wp-content\/uploads\/2020\/04\/njujork.jpg 980w, https:\/\/www.hashtag.al\/wp-content\/uploads\/2020\/04\/njujork-300x169.jpg 300w, https:\/\/www.hashtag.al\/wp-content\/uploads\/2020\/04\/njujork-768x432.jpg 768w\" sizes=\"auto, (max-width: 980px) 100vw, 980px\" \/><\/p>\n<p><span style=\"color: #000000;\">Kryebashkiaku i Nju Jorkut \u00ebsht\u00eb akuzuar p\u00ebr anti-semitiz\u00ebm pas k\u00ebrc\u00ebnimit p\u00ebr arrestimin e an\u00ebtar\u00ebve t\u00eb nj\u00eb komuniteti hebre, t\u00eb cil\u00ebt u mblodh\u00ebn p\u00ebr t\u00eb varrosur rabinin Chaim Mertz.<\/span><\/p>\n<p><span style=\"color: #000000;\"><em>&#8220;Mesazhi im p\u00ebr komunitetin hebre dhe t\u00eb gjitha komunitetet \u00ebsht\u00eb i thjesht\u00eb: koha e paralajm\u00ebrimeve ka kaluar&#8221;<\/em>, shkroi ai.<\/span><\/p>\n<p><span style=\"color: #000000;\">Fotografit\u00eb e procesionit qarkulluan n\u00eb media, me shum\u00eb prej pjes\u00ebmarr\u00ebsve duke shkelur qart\u00eb rregullat e distanc\u00ebs sociale, nd\u00ebrsa t\u00eb tjer\u00ebt nuk mbanin maska \u200b\u200bp\u00ebr fytyr\u00ebn. <\/span><\/p>\n<p><span style=\"color: #000000;\">Vet\u00eb De Blasio ishte n\u00eb vendin e ngjarjes, nd\u00ebrsa policia e Nju Jorkut shp\u00ebrndau turm\u00ebn.<\/span><\/p>\n<p><span style=\"color: #000000;\">Kryetari i bashkis\u00eb tha se ai ka udh\u00ebzuar policin\u00eb q\u00eb t\u00eb paralajm\u00ebroj\u00eb apo edhe t\u00eb arrestoj\u00eb cilindo q\u00eb mblidhet n\u00eb grupe t\u00eb m\u00ebdha.<\/span><\/p>\n<p><span style=\"color: #000000;\"><em>&#8220;Ajo q\u00eb pash\u00eb nuk do t\u00eb tolerohet p\u00ebr aq koh\u00eb sa ne jemi duke luftuar Covid-19,&#8221;<\/em> shkroi ai m\u00eb pas.<\/span><\/p>\n","protected":false,"gt_translate_keys":[{"key":"rendered","format":"html"}]},"excerpt":{"rendered":"<p>Kryebashkiaku i Nju Jorkut \u00ebsht\u00eb akuzuar p\u00ebr anti-semitiz\u00ebm pas k\u00ebrc\u00ebnimit p\u00ebr arrestimin e an\u00ebtar\u00ebve t\u00eb nj\u00eb komuniteti hebre, t\u00eb cil\u00ebt u mblodh\u00ebn p\u00ebr t\u00eb varrosur rabinin Chaim Mertz. &#8220;Mesazhi im p\u00ebr komunitetin hebre dhe t\u00eb gjitha komunitetet \u00ebsht\u00eb i thjesht\u00eb: koha e paralajm\u00ebrimeve ka kaluar&#8221;, shkroi ai. Fotografit\u00eb e procesionit qarkulluan n\u00eb media, me shum\u00eb [&hellip;]<\/p>\n","protected":false,"gt_translate_keys":[{"key":"rendered","format":"html"}]},"author":51,"featured_media":370156,"comment_status":"open","ping_status":"open","sticky":false,"template":"","format":"standard","meta":{"footnotes":""},"categories":[6],"tags":[],"class_list":["post-370155","post","type-post","status-publish","format-standard","has-post-thumbnail","hentry","category-nderkombetare"],"gt_translate_keys":[{"key":"link","format":"url"}],"_links":{"self":[{"href":"https:\/\/www.hashtag.al\/index.php\/wp-json\/wp\/v2\/posts\/370155","targetHints":{"allow":["GET"]}}],"collection":[{"href":"https:\/\/www.hashtag.al\/index.php\/wp-json\/wp\/v2\/posts"}],"about":[{"href":"https:\/\/www.hashtag.al\/index.php\/wp-json\/wp\/v2\/types\/post"}],"author":[{"embeddable":true,"href":"https:\/\/www.hashtag.al\/index.php\/wp-json\/wp\/v2\/users\/51"}],"replies":[{"embeddable":true,"href":"https:\/\/www.hashtag.al\/index.php\/wp-json\/wp\/v2\/comments?post=370155"}],"version-history":[{"count":0,"href":"https:\/\/www.hashtag.al\/index.php\/wp-json\/wp\/v2\/posts\/370155\/revisions"}],"wp:featuredmedia":[{"embeddable":true,"href":"https:\/\/www.hashtag.al\/index.php\/wp-json\/wp\/v2\/media\/370156"}],"wp:attachment":[{"href":"https:\/\/www.hashtag.al\/index.php\/wp-json\/wp\/v2\/media?parent=370155"}],"wp:term":[{"taxonomy":"category","embeddable":true,"href":"https:\/\/www.hashtag.al\/index.php\/wp-json\/wp\/v2\/categories?post=370155"},{"taxonomy":"post_tag","embeddable":true,"href":"https:\/\/www.hashtag.al\/index.php\/wp-json\/wp\/v2\/tags?post=370155"}],"curies":[{"name":"wp","href":"https:\/\/api.w.org\/{rel}","templated":true}]}}