{"id":370104,"date":"2020-04-29T11:42:44","date_gmt":"2020-04-29T09:42:44","guid":{"rendered":"https:\/\/hashtag.al\/?p=370104"},"modified":"2020-04-29T16:59:54","modified_gmt":"2020-04-29T14:59:54","slug":"nga-pandemi-ne-tirani","status":"publish","type":"post","link":"https:\/\/www.hashtag.al\/index.php\/2020\/04\/29\/nga-pandemi-ne-tirani\/","title":{"rendered":"Nga Pandemi n\u00eb Tirani","gt_translate_keys":[{"key":"rendered","format":"text"}]},"content":{"rendered":"<p><strong><em><span style=\"color: #000000;\"><a href=\"https:\/\/hashtag.al\/wp-content\/uploads\/2020\/04\/Anita-Doci.jpg\"><img loading=\"lazy\" decoding=\"async\" class=\"size-medium wp-image-370105 alignright\" src=\"https:\/\/hashtag.al\/wp-content\/uploads\/2020\/04\/Anita-Doci-300x225.jpg\" alt=\"\" width=\"300\" height=\"225\" srcset=\"https:\/\/www.hashtag.al\/wp-content\/uploads\/2020\/04\/Anita-Doci-300x225.jpg 300w, https:\/\/www.hashtag.al\/wp-content\/uploads\/2020\/04\/Anita-Doci-768x576.jpg 768w, https:\/\/www.hashtag.al\/wp-content\/uploads\/2020\/04\/Anita-Doci-1024x768.jpg 1024w, https:\/\/www.hashtag.al\/wp-content\/uploads\/2020\/04\/Anita-Doci.jpg 1280w\" sizes=\"auto, (max-width: 300px) 100vw, 300px\" \/><\/a>Blog-Autor: Anita Do\u00e7i<\/span><\/em><\/strong><\/p>\n<p><span style=\"color: #000000;\">Qytetar\u00ebt e papun\u00ebsuar n\u00eb \u201carrest sht\u00ebpie\u201d t\u00eb Republik\u00ebs s\u00eb Shqip\u00ebris\u00eb po fillojn\u00eb t\u00eb pyesin veten: Deklaratat e politikan\u00ebve dhe mediave p\u00ebr vazhdimin e v\u00ebnies s\u00eb masave drakoniane, a kan\u00eb shkaktuar l\u00ebnien e liris\u00eb s\u00eb tyre n\u00eb hije?<\/span><\/p>\n<p><span style=\"color: #000000;\">Ndonj\u00ebri k\u00ebt\u00eb pyetje t\u00eb ngritur mund ta cil\u00ebsoj\u00eb si \u00e7\u00ebshtje t\u00eb pashpirt nd\u00ebrkoh\u00eb q\u00eb n\u00eb bot\u00eb njer\u00ebz po infektohen dhe po vdesin.<\/span><\/p>\n<p><span style=\"color: #000000;\"> Por n\u00ebse nuk ngrem\u00eb nj\u00eb \u00e7\u00ebshtje t\u00eb till\u00eb tani, mos ndoshta m\u00eb pas do t\u00eb jet\u00eb tep\u00ebr von\u00eb? Historia \u00ebsht\u00eb e mbushur me momente t\u00eb tilla q\u00eb b\u00ebhen fole tiranie, dhe padyshim mund t\u00eb thuhet se k\u00ebto lloj tiranish t\u00eb ngritura n\u00eb raste paniku, m\u00eb pas e b\u00ebjn\u00eb t\u00eb v\u00ebshtir\u00eb kalimin e pragut p\u00ebr t\u00eb ngritur pyetje. <\/span><\/p>\n<p><span style=\"color: #000000;\">N\u00ebse tirania duket nj\u00eb ngjarje e larg\u00ebt, konsideroni se ligjv\u00ebn\u00ebsi n\u00eb em\u00ebr t\u00eb luft\u00ebs kund\u00ebr armikut t\u00eb paduksh\u00ebm, vendosi q\u00eb t\u00eb sakrifikoj\u00eb liri civile, ekonomike e sociale. Po kund\u00ebr nj\u00eb \u201carmiku t\u00eb duksh\u00ebm\u201d sa liri do t\u00eb sakrifikoj\u00eb ligjv\u00ebn\u00ebsi?<\/span><\/p>\n<p><span style=\"color: #000000;\">N\u00eb shoq\u00ebrit\u00eb demokratike, ligjet vendosen p\u00ebr t\u00eb ndihmuar qytetarin dhe p\u00ebr t\u00eb mbrojtur jet\u00ebn e tij. Ligjv\u00ebn\u00ebsi kur miraton nj\u00eb ligj, duhet q\u00eb patjet\u00ebr t\u00eb ket\u00eb par\u00ebsor interesin e marr\u00ebdh\u00ebnieve shoq\u00ebrore t\u00eb qytetarit t\u00eb tij. <\/span><\/p>\n<p><span style=\"color: #000000;\">Kur nj\u00eb qeveri vihet p\u00ebrball\u00eb nj\u00eb k\u00ebrc\u00ebnimi t\u00eb till\u00eb si Covid-19, \u00e7do mas\u00eb q\u00eb ajo duhet t\u00eb marr\u00eb duhet t\u00eb jet\u00eb e mir\u00ebmenduar dhe e analizuar. T\u00eb tregohet e aft\u00eb p\u00ebr t\u00eb p\u00ebrgatitur nj\u00eb plan sh\u00ebndet\u00ebsor, social dhe ekonomik\u00a0 t\u00eb bazuar n\u00eb praktika dhe precedent t\u00eb situatave t\u00eb ngjashme nga shtete me logjik\u00eb bashk\u00ebkohore.<\/span><\/p>\n<p><strong><span style=\"color: #000000;\">Si veproi qeveria Shqiptare?<\/span><\/strong><\/p>\n<p><span style=\"color: #000000;\">Fillojm\u00eb nga ekspert\u00ebt e saj t\u00eb cil\u00ebt e teprojn\u00eb me deklarimet e tyre, n\u00eb lidhje me parashikimet se kur ky virus do ket\u00eb pikun apo kur do t\u00eb zhduket, apo me premtimin q\u00eb u dha n\u00eb mars q\u00eb p\u00ebr 20 dit\u00eb do t\u00eb fillohej nd\u00ebrtimi i nj\u00eb spitali t\u00eb ri n\u00eb kuad\u00ebr t\u00eb situat\u00ebs alarmante. <\/span><\/p>\n<p><span style=\"color: #000000;\">Kur gjith\u00eb bota k\u00ebshillonte domosdoshm\u00ebrin\u00eb e vendosjes s\u00eb maskave, qeveria shqiptare lejonte hedhjen n\u00eb treg t\u00eb maskave t\u00eb skaduara;\u00a0 nd\u00ebrsa p\u00ebrsa i p\u00ebrket paketave ekonomike q\u00eb supozohej q\u00eb duhet t\u00eb ndihmonin pjes\u00ebn m\u00eb t\u00eb prekur nga pandemia, p\u00ebrkundrazi, shumica e k\u00ebtyre shtresave jan\u00eb p\u00ebrjashtuar nga p\u00ebrfitimi.<\/span><\/p>\n<p><span style=\"color: #000000;\"> (Shembull: numri i bizneseve t\u00eb vogla, ka qen\u00eb diku te 90 mij\u00eb, me rreth 225 mij\u00eb t\u00eb pun\u00ebsuar, por q\u00eb jan\u00eb miratuar vet\u00ebm 60 mij\u00eb, nd\u00ebrsa me letra vet\u00ebm 50 mij\u00eb t\u00eb pun\u00ebsuar, pra gati 1\/6.)<\/span><\/p>\n<p><span style=\"color: #000000;\">Nj\u00eb mesazh tjet\u00ebr q\u00eb dha kreu i qeveris\u00eb ishte ndaj shtetasve shqiptar\u00eb q\u00eb kishin ngelur jasht\u00eb kufijve apo n\u00eb zonat neutrale, q\u00eb ata t\u00eb mos tentonin t\u00eb ktheheshin n\u00eb atdheun e tyre. Madje dhe ajo pjes\u00eb e vog\u00ebl q\u00eb mundi t\u00eb kthehej, pasi q\u00ebndroi me dit\u00eb t\u00eb t\u00ebra pa buk\u00eb dhe pa streh\u00eb, totalisht e neglizhuar nga shteti, duhej t\u00eb paguante 14 dit\u00ebt e karantinimit n\u00eb hotel nga t\u00eb ardhurat e veta.<\/span><\/p>\n<p><span style=\"color: #000000;\">P\u00ebr t\u00eb mos l\u00ebn\u00eb pa p\u00ebrmendur m\u00eb t\u00eb r\u00ebnd\u00ebsishmen, shmangien nga testimi i popullsis\u00eb duke fshehur k\u00ebshtu numrat real t\u00eb t\u00eb infektuarve.<\/span><\/p>\n<p><span style=\"color: #000000;\">K\u00ebta tregues t\u00eb d\u00ebshtimit t\u00eb qeveris\u00eb n\u00eb p\u00ebrballimin e situat\u00ebs, jan\u00eb faktor\u00eb q\u00eb d\u00ebshmojn\u00eb q\u00eb v\u00ebmendja e qeveris\u00eb Rama \u00ebsht\u00eb p\u00ebrq\u00ebndruar diku tjet\u00ebr, tek absorbimi \u00e7do dit\u00eb e m\u00eb shum\u00eb i t\u00eb drejtave dhe lirive t\u00eb shqiptar\u00ebve dhe tek shtrirja e tentakulave t\u00eb tij t\u00eb pushtetit, duke justifikuar propagand\u00ebn n\u00eb em\u00ebr t\u00eb \u201carmikut t\u00eb popullit\u201d.<\/span><\/p>\n<p><span style=\"color: #000000;\">Por a mund t\u00eb justifikohet c\u00ebnimi i liris\u00eb dhe Kushtetut\u00ebs, apo t\u00ebrheqja e Shqip\u00ebris\u00eb nga neni 8 dhe 11 i Konvent\u00ebs Europiane?<\/span><\/p>\n<p><span style=\"color: #000000;\">C\u00ebnimi i thelbit t\u00eb t\u00eb drejtave dhe lirive, t\u00eb tilla si e drejta p\u00ebr respektimin e jet\u00ebs private dhe familjare, banes\u00ebs, pron\u00ebs; liris\u00eb p\u00ebr t\u2019u p\u00ebrfshir\u00eb n\u00eb sindikata; t\u00eb drejt\u00ebs p\u00ebr arsim dhe liris\u00eb s\u00eb l\u00ebvizjes (p\u00ebr t\u00eb p\u00ebrmendur disa), \u00ebsht\u00eb b\u00ebr\u00eb pa pasur kriter proporcionalitetin me gjendjen e krijuar dhe c\u00ebnon thelbin e lirive dhe t\u00eb drejtave t\u00eb subjektit kryesor t\u00eb k\u00ebsaj \u00e7\u00ebshtje, t\u00eb qytetarit.<\/span><\/p>\n<p><span style=\"color: #000000;\">Amendamentet n\u00eb Kodin Penal jan\u00eb t\u00eb pap\u00ebrshtatshme me statistikat e ulta t\u00eb numrit t\u00eb t\u00eb infektuarve n\u00eb Shqip\u00ebri, k\u00ebshtu ato jan\u00eb t\u00eb panevojshme dhe c\u00ebnojn\u00eb parimin e humanizmit me represivitetin e tyre.<\/span><\/p>\n<p><span style=\"color: #000000;\">P\u00ebr 51 viktimat e 26 n\u00ebntorit, nuk ka ende nj\u00eb t\u00eb d\u00ebnuar penalisht p\u00ebr korrupsionin me lejet e nd\u00ebrtimit, nd\u00ebrtimin jasht\u00eb perimetrave dhe standarteve, por p\u00ebr nj\u00eb person q\u00eb ndoshta mund t\u00eb mos ket\u00eb dijeni q\u00eb \u00ebsht\u00eb mbart\u00ebs i virusit dhe nga pakujdesia ia transmeton tjetrit, ai d\u00ebnohet me 8 vite burg.<\/span><\/p>\n<p><span style=\"color: #000000;\">Pa p\u00ebrmendur pakushtetueshm\u00ebrin\u00eb n\u00eb procedur\u00ebn e p\u00ebrshpejtuar t\u00eb kalimit t\u00eb ndryshimeve dhe munges\u00ebs s\u00eb shumic\u00ebs s\u00eb cil\u00ebsuar p\u00ebr miratimin e tyre (neni 81\/2; 83\/3 i Kushtetut\u00ebs).<\/span><\/p>\n<p><span style=\"color: #000000;\">Nj\u00eb situat\u00eb e till\u00eb \u00ebsht\u00eb e paprecendent\u00eb n\u00eb p\u00ebrballjen e shteteve me virusin. Patjet\u00ebr q\u00eb k\u00ebto shtete kan\u00eb vendosur masa kufizuese apo dhe sanksione t\u00eb tilla si gjoba, por jo n\u00eb k\u00ebt\u00eb tejkalim mase, p\u00ebrve\u00e7 rastit t\u00eb Kin\u00ebs komuniste dhe Shqip\u00ebris\u00eb.<\/span><\/p>\n<p><span style=\"color: #000000;\">Vet\u00ebm qeverit\u00eb me mend\u00ebsi t\u00eb dob\u00ebt, p\u00ebrdorin aparatin ligjv\u00ebn\u00ebs, gjyq\u00ebsor dhe policor q\u00eb t\u00eb ndjekin nd\u00ebshkime \u201cshembulldh\u00ebn\u00ebse\u201d, q\u00eb pretendojn\u00eb q\u00eb shoq\u00ebria nuk merr vesh ndryshe dhe nuk ka aq nd\u00ebrgjegje p\u00ebr t\u00eb kuptuar vet\u00eb veprimin e gabuar me pasojat e tij dhe vendosin nd\u00ebshkime t\u00eb rrepta p\u00ebr t\u00eb kompensuar dob\u00ebsin\u00eb e saj.<\/span><\/p>\n<p><span style=\"color: #000000;\">Virusi ka krijuar nj\u00eb situat\u00eb konfuzioni q\u00eb sjell frik\u00eb, padrejt\u00ebsi shoq\u00ebrore dhe ndjenj\u00eb pasigurie, q\u00eb krijojn\u00eb terren t\u00eb favorsh\u00ebm p\u00ebr demagogji autoritare populiste, shfryt\u00ebzohen nga \u201cnjeriu i fort\u00eb, me dor\u00eb t\u00eb hekurt n\u00eb politik\u00eb\u201d duke kontrolluar gati \u00e7do sektor t\u00eb jet\u00ebs s\u00eb qytetar\u00ebve.<\/span><\/p>\n<p><span style=\"color: #000000;\">Ne duhet t\u00eb luftojm\u00eb virusin dhe patjet\u00ebr q\u00eb t\u00eb marrim masa. Por duhet t\u00eb jemi t\u00eb vet\u00ebdijsh\u00ebm se veprimet e sotme t\u00eb nxitura nga frika mund t\u00eb kthehen n\u00eb gabime t\u00eb pakthyeshme t\u00eb s\u00eb nes\u00ebrmes.<\/span><\/p>\n<p><span style=\"color: #000000;\">Ne duhet t\u00eb guxojm\u00eb t\u00eb ngrem\u00eb pyetje n\u00ebse m\u00ebnyra e zgjedhur \u00ebsht\u00eb m\u00ebnyra m\u00eb e duhur dhe kurr\u00eb nuk duhet t\u00eb dor\u00ebzojm\u00eb lirit\u00eb tona pa konsideruar pasojat ligjore, morale, kulturore dhe psikologjike.<\/span><\/p>\n<p><span style=\"color: #000000;\">\u00c7far\u00eb tragjedie do t\u00eb ishte n\u00ebse ne do t&#8217;i mbijetonim virusit, q\u00eb n\u00eb nj\u00eb t\u00eb ardhme t\u00eb jetonim pa gj\u00ebn\u00eb m\u00eb t\u00eb shtrenjt\u00eb, lirin\u00eb.<\/span><\/p>\n","protected":false,"gt_translate_keys":[{"key":"rendered","format":"html"}]},"excerpt":{"rendered":"<p>Blog-Autor: Anita Do\u00e7i Qytetar\u00ebt e papun\u00ebsuar n\u00eb \u201carrest sht\u00ebpie\u201d t\u00eb Republik\u00ebs s\u00eb Shqip\u00ebris\u00eb po fillojn\u00eb t\u00eb pyesin veten: Deklaratat e politikan\u00ebve dhe mediave p\u00ebr vazhdimin e v\u00ebnies s\u00eb masave drakoniane, a kan\u00eb shkaktuar l\u00ebnien e liris\u00eb s\u00eb tyre n\u00eb hije? Ndonj\u00ebri k\u00ebt\u00eb pyetje t\u00eb ngritur mund ta cil\u00ebsoj\u00eb si \u00e7\u00ebshtje t\u00eb pashpirt nd\u00ebrkoh\u00eb q\u00eb n\u00eb [&hellip;]<\/p>\n","protected":false,"gt_translate_keys":[{"key":"rendered","format":"html"}]},"author":30,"featured_media":370105,"comment_status":"open","ping_status":"open","sticky":false,"template":"","format":"standard","meta":{"footnotes":""},"categories":[20],"tags":[],"class_list":["post-370104","post","type-post","status-publish","format-standard","has-post-thumbnail","hentry","category-blog"],"gt_translate_keys":[{"key":"link","format":"url"}],"_links":{"self":[{"href":"https:\/\/www.hashtag.al\/index.php\/wp-json\/wp\/v2\/posts\/370104","targetHints":{"allow":["GET"]}}],"collection":[{"href":"https:\/\/www.hashtag.al\/index.php\/wp-json\/wp\/v2\/posts"}],"about":[{"href":"https:\/\/www.hashtag.al\/index.php\/wp-json\/wp\/v2\/types\/post"}],"author":[{"embeddable":true,"href":"https:\/\/www.hashtag.al\/index.php\/wp-json\/wp\/v2\/users\/30"}],"replies":[{"embeddable":true,"href":"https:\/\/www.hashtag.al\/index.php\/wp-json\/wp\/v2\/comments?post=370104"}],"version-history":[{"count":0,"href":"https:\/\/www.hashtag.al\/index.php\/wp-json\/wp\/v2\/posts\/370104\/revisions"}],"wp:featuredmedia":[{"embeddable":true,"href":"https:\/\/www.hashtag.al\/index.php\/wp-json\/wp\/v2\/media\/370105"}],"wp:attachment":[{"href":"https:\/\/www.hashtag.al\/index.php\/wp-json\/wp\/v2\/media?parent=370104"}],"wp:term":[{"taxonomy":"category","embeddable":true,"href":"https:\/\/www.hashtag.al\/index.php\/wp-json\/wp\/v2\/categories?post=370104"},{"taxonomy":"post_tag","embeddable":true,"href":"https:\/\/www.hashtag.al\/index.php\/wp-json\/wp\/v2\/tags?post=370104"}],"curies":[{"name":"wp","href":"https:\/\/api.w.org\/{rel}","templated":true}]}}