{"id":370007,"date":"2020-04-28T23:20:54","date_gmt":"2020-04-28T21:20:54","guid":{"rendered":"https:\/\/hashtag.al\/?p=370007"},"modified":"2020-04-28T23:20:54","modified_gmt":"2020-04-28T21:20:54","slug":"sulm-me-bombe-ne-siri-dhjetera-te-vrare","status":"publish","type":"post","link":"https:\/\/www.hashtag.al\/index.php\/2020\/04\/28\/sulm-me-bombe-ne-siri-dhjetera-te-vrare\/","title":{"rendered":"Sulm me bomb\u00eb n\u00eb Siri, dhjet\u00ebra t\u00eb vrar\u00eb","gt_translate_keys":[{"key":"rendered","format":"text"}]},"content":{"rendered":"<p><img loading=\"lazy\" decoding=\"async\" class=\"aligncenter size-full wp-image-370008\" src=\"https:\/\/hashtag.al\/wp-content\/uploads\/2020\/04\/siri.jpg\" alt=\"\" width=\"1023\" height=\"575\" srcset=\"https:\/\/www.hashtag.al\/wp-content\/uploads\/2020\/04\/siri.jpg 1023w, https:\/\/www.hashtag.al\/wp-content\/uploads\/2020\/04\/siri-300x169.jpg 300w, https:\/\/www.hashtag.al\/wp-content\/uploads\/2020\/04\/siri-768x432.jpg 768w\" sizes=\"auto, (max-width: 1023px) 100vw, 1023px\" \/><\/p>\n<p><span style=\"color: #000000;\">T\u00eb pakt\u00ebn 40 persona jan\u00eb vrar\u00eb n\u00eb nj\u00eb sulm me bomb\u00eb n\u00eb qytetin sirian Afrin, ka th\u00ebn\u00eb Turqia.<\/span><\/p>\n<p><span style=\"color: #000000;\">Guvernatori i provinc\u00ebs kufitare turke, Hatay, ka th\u00ebn\u00eb se nj\u00eb cistern\u00eb me naft\u00eb ka kryer sulmin me granat\u00eb n\u00eb nj\u00eb treg me njer\u00ebz.<\/span><\/p>\n<p><span style=\"color: #000000;\">Ai dhe Ministria turke e Mbrojtjes kan\u00eb faj\u00ebsuar Unionin Patriotik t\u00eb Kurdistanit (PKK) p\u00ebr k\u00ebt\u00eb sulm.<\/span><\/p>\n<p><span style=\"color: #000000;\">Ky grup ka luftuar p\u00ebr autonomin\u00eb e kurd\u00ebve n\u00eb Turqi p\u00ebr dekada.<\/span><\/p>\n<p><span style=\"color: #000000;\">Qyteti Afrin kontrollohet nga forcat turke dhe fraksione t\u00eb opozit\u00ebs siriane.<\/span><\/p>\n<p><span style=\"color: #000000;\">M\u00eb 2018, k\u00ebto forca pat\u00ebn nisur nj\u00eb operacion t\u00eb p\u00ebrbashk\u00ebt me q\u00ebllim t\u00eb largimit t\u00eb Nj\u00ebsive kurde p\u00ebr Mbrojtjen e Popullit (YPG) nga kjo rrethin\u00eb.<\/span><\/p>\n<p><span style=\"color: #000000;\">Qeveria turke akuzon YPG-n\u00eb se \u00ebsht\u00eb zgjatim i PKK-s\u00eb, e cila konsiderohet organizat\u00eb terroriste nga Turqia, Shtetet e Bashkuara dhe Bashkimi Evropian.<\/span><\/p>\n<p><span style=\"color: #000000;\">Mir\u00ebpo SHBA-ja pretendon se YPG-ja, e cila i ka ndihmuar n\u00eb mposhtjen e grupit militant, Shtetit Islamik n\u00eb Siri, \u00ebsht\u00eb subjekt i ndar\u00eb nga PPK-ja.<\/span><\/p>\n<p><span style=\"color: #000000;\">V\u00ebzhguesi Sirian p\u00ebr t\u00eb Drejtat e Njeriut, grup me baz\u00eb n\u00eb Lond\u00ebr ka th\u00ebn\u00eb se cisterna me naft\u00eb ka shp\u00ebrthyer n\u00eb nj\u00eb treg t\u00eb hapur, q\u00eb gjendet af\u00ebr zyrave t\u00eb qeveris\u00eb lokale.<\/span><\/p>\n<p><span style=\"color: #000000;\">Ky treg \u00ebsht\u00eb zakonisht i mbushur me bler\u00ebs mysliman\u00eb, q\u00eb furnizohen me ushqime gjat\u00eb Muajit t\u00eb Shenjt\u00eb t\u00eb Ramazanit.<\/span><\/p>\n","protected":false,"gt_translate_keys":[{"key":"rendered","format":"html"}]},"excerpt":{"rendered":"<p>T\u00eb pakt\u00ebn 40 persona jan\u00eb vrar\u00eb n\u00eb nj\u00eb sulm me bomb\u00eb n\u00eb qytetin sirian Afrin, ka th\u00ebn\u00eb Turqia. Guvernatori i provinc\u00ebs kufitare turke, Hatay, ka th\u00ebn\u00eb se nj\u00eb cistern\u00eb me naft\u00eb ka kryer sulmin me granat\u00eb n\u00eb nj\u00eb treg me njer\u00ebz. Ai dhe Ministria turke e Mbrojtjes kan\u00eb faj\u00ebsuar Unionin Patriotik t\u00eb Kurdistanit (PKK) p\u00ebr [&hellip;]<\/p>\n","protected":false,"gt_translate_keys":[{"key":"rendered","format":"html"}]},"author":32,"featured_media":370008,"comment_status":"open","ping_status":"open","sticky":false,"template":"","format":"standard","meta":{"footnotes":""},"categories":[6,13],"tags":[],"class_list":["post-370007","post","type-post","status-publish","format-standard","has-post-thumbnail","hentry","category-nderkombetare","category-te-fundit"],"gt_translate_keys":[{"key":"link","format":"url"}],"_links":{"self":[{"href":"https:\/\/www.hashtag.al\/index.php\/wp-json\/wp\/v2\/posts\/370007","targetHints":{"allow":["GET"]}}],"collection":[{"href":"https:\/\/www.hashtag.al\/index.php\/wp-json\/wp\/v2\/posts"}],"about":[{"href":"https:\/\/www.hashtag.al\/index.php\/wp-json\/wp\/v2\/types\/post"}],"author":[{"embeddable":true,"href":"https:\/\/www.hashtag.al\/index.php\/wp-json\/wp\/v2\/users\/32"}],"replies":[{"embeddable":true,"href":"https:\/\/www.hashtag.al\/index.php\/wp-json\/wp\/v2\/comments?post=370007"}],"version-history":[{"count":0,"href":"https:\/\/www.hashtag.al\/index.php\/wp-json\/wp\/v2\/posts\/370007\/revisions"}],"wp:featuredmedia":[{"embeddable":true,"href":"https:\/\/www.hashtag.al\/index.php\/wp-json\/wp\/v2\/media\/370008"}],"wp:attachment":[{"href":"https:\/\/www.hashtag.al\/index.php\/wp-json\/wp\/v2\/media?parent=370007"}],"wp:term":[{"taxonomy":"category","embeddable":true,"href":"https:\/\/www.hashtag.al\/index.php\/wp-json\/wp\/v2\/categories?post=370007"},{"taxonomy":"post_tag","embeddable":true,"href":"https:\/\/www.hashtag.al\/index.php\/wp-json\/wp\/v2\/tags?post=370007"}],"curies":[{"name":"wp","href":"https:\/\/api.w.org\/{rel}","templated":true}]}}