{"id":369775,"date":"2020-04-27T23:45:24","date_gmt":"2020-04-27T21:45:24","guid":{"rendered":"https:\/\/hashtag.al\/?p=369775"},"modified":"2020-04-27T23:45:24","modified_gmt":"2020-04-27T21:45:24","slug":"rama-neser-vendimi-per-arsimin-nuk-duam-qe-nxenesit-te-humbasin-vitin-shkollor","status":"publish","type":"post","link":"https:\/\/www.hashtag.al\/index.php\/2020\/04\/27\/rama-neser-vendimi-per-arsimin-nuk-duam-qe-nxenesit-te-humbasin-vitin-shkollor\/","title":{"rendered":"Rama: Nes\u00ebr vendimi p\u00ebr arsimin, nuk duam q\u00eb nx\u00ebn\u00ebsit t\u00eb humbasin vitin shkollor","gt_translate_keys":[{"key":"rendered","format":"text"}]},"content":{"rendered":"<p><img loading=\"lazy\" decoding=\"async\" class=\"aligncenter size-full wp-image-369776\" src=\"https:\/\/hashtag.al\/wp-content\/uploads\/2020\/04\/rama-printscreen.png\" alt=\"\" width=\"598\" height=\"448\" srcset=\"https:\/\/www.hashtag.al\/wp-content\/uploads\/2020\/04\/rama-printscreen.png 598w, https:\/\/www.hashtag.al\/wp-content\/uploads\/2020\/04\/rama-printscreen-300x225.png 300w\" sizes=\"auto, (max-width: 598px) 100vw, 598px\" \/><\/p>\n<p><span style=\"color: #000000;\">Kryeministri Edi Rama n\u00eb emisionin \u201cReal Story\u201d deklaroi se dit\u00ebn e nes\u00ebrme do publikohet vendimi final p\u00ebr arsimin.<\/span><\/p>\n<p><span style=\"color: #000000;\">Kryeministri tha se n\u00eb planin e detajuar ideja \u00ebsht\u00eb q\u00eb t\u00eb mbrohet viti shkollor q\u00eb nx\u00ebn\u00ebsit t\u00eb mos e humbasin at\u00eb.<\/span><\/p>\n<p><span style=\"color: #000000;\">\u201c<em>Kemi par\u00eb shum\u00eb vende q\u00eb kan\u00eb vendosur t\u00eb mos i hapin, Italia e fundit. Sot kemi pasur nj\u00eb diskutim me ministren, besoj nes\u00ebr do kemi nj\u00eb vendim p\u00ebrfundimtar. Ideja \u00ebsht\u00eb t\u00eb mbrojm\u00eb vitin shkollor, Matur\u00ebn Shtet\u00ebrore dhe nx\u00ebn\u00ebsit t\u00eb mos humbin vitin shkollor. Si do t\u00eb b\u00ebhet kjo pa hapur shkoll\u00ebn? Nes\u00ebr do detajohet.<\/em><\/span><\/p>\n<p><span style=\"color: #000000;\"><em>Kujtoj q\u00eb n\u00eb zon\u00ebn m\u00eb t\u00eb populluar t\u00eb Shqip\u00ebris\u00eb Tiran\u00eb-Durr\u00ebs ne n\u00eb n\u00ebntor mor\u00ebm goditje edhe nga t\u00ebrmeti gj\u00eb q\u00eb ka b\u00ebr\u00eb t\u00eb rritet shum\u00eb numri i nx\u00ebn\u00ebsve n\u00eb shkollat e pad\u00ebmtuara, ku hapja e procesit m\u00ebsimor \u00ebsht\u00eb faktikisht e pamundur, nga ana tjet\u00ebr ne nuk duam t\u00eb humbim vitin shkollor. Ne kemi hartuar nj\u00eb proces disi tjet\u00ebr nga vendet e tjera. Besoj q\u00eb do b\u00ebjm\u00eb di\u00e7ka n\u00eb k\u00ebt\u00eb drejtim. Kemi skenar pozitiv qoft\u00eb p\u00ebr t\u00eb mbrojtur sh\u00ebndetin, qoft\u00eb p\u00ebr t\u00eb mbrojtur nx\u00ebn\u00ebsit dhe qoft\u00eb p\u00ebr t\u00eb mbrojtur vitin<\/em>\u201d- tha ai.<\/span><\/p>\n","protected":false,"gt_translate_keys":[{"key":"rendered","format":"html"}]},"excerpt":{"rendered":"<p>Kryeministri Edi Rama n\u00eb emisionin \u201cReal Story\u201d deklaroi se dit\u00ebn e nes\u00ebrme do publikohet vendimi final p\u00ebr arsimin. Kryeministri tha se n\u00eb planin e detajuar ideja \u00ebsht\u00eb q\u00eb t\u00eb mbrohet viti shkollor q\u00eb nx\u00ebn\u00ebsit t\u00eb mos e humbasin at\u00eb. \u201cKemi par\u00eb shum\u00eb vende q\u00eb kan\u00eb vendosur t\u00eb mos i hapin, Italia e fundit. Sot kemi [&hellip;]<\/p>\n","protected":false,"gt_translate_keys":[{"key":"rendered","format":"html"}]},"author":32,"featured_media":369776,"comment_status":"open","ping_status":"open","sticky":false,"template":"","format":"standard","meta":{"footnotes":""},"categories":[65,13],"tags":[],"class_list":["post-369775","post","type-post","status-publish","format-standard","has-post-thumbnail","hentry","category-lajme","category-te-fundit"],"gt_translate_keys":[{"key":"link","format":"url"}],"_links":{"self":[{"href":"https:\/\/www.hashtag.al\/index.php\/wp-json\/wp\/v2\/posts\/369775","targetHints":{"allow":["GET"]}}],"collection":[{"href":"https:\/\/www.hashtag.al\/index.php\/wp-json\/wp\/v2\/posts"}],"about":[{"href":"https:\/\/www.hashtag.al\/index.php\/wp-json\/wp\/v2\/types\/post"}],"author":[{"embeddable":true,"href":"https:\/\/www.hashtag.al\/index.php\/wp-json\/wp\/v2\/users\/32"}],"replies":[{"embeddable":true,"href":"https:\/\/www.hashtag.al\/index.php\/wp-json\/wp\/v2\/comments?post=369775"}],"version-history":[{"count":0,"href":"https:\/\/www.hashtag.al\/index.php\/wp-json\/wp\/v2\/posts\/369775\/revisions"}],"wp:featuredmedia":[{"embeddable":true,"href":"https:\/\/www.hashtag.al\/index.php\/wp-json\/wp\/v2\/media\/369776"}],"wp:attachment":[{"href":"https:\/\/www.hashtag.al\/index.php\/wp-json\/wp\/v2\/media?parent=369775"}],"wp:term":[{"taxonomy":"category","embeddable":true,"href":"https:\/\/www.hashtag.al\/index.php\/wp-json\/wp\/v2\/categories?post=369775"},{"taxonomy":"post_tag","embeddable":true,"href":"https:\/\/www.hashtag.al\/index.php\/wp-json\/wp\/v2\/tags?post=369775"}],"curies":[{"name":"wp","href":"https:\/\/api.w.org\/{rel}","templated":true}]}}